{"id":84272,"date":"2025-11-11T14:32:09","date_gmt":"2025-11-11T14:32:09","guid":{"rendered":"https:\/\/www.europesays.com\/no\/84272\/"},"modified":"2025-11-11T14:32:09","modified_gmt":"2025-11-11T14:32:09","slug":"paris-jackson-avslorer-rusmisbrukets-konsekvenser-hull-i-neseskilleveggen","status":"publish","type":"post","link":"https:\/\/www.europesays.com\/no\/84272\/","title":{"rendered":"Paris Jackson avsl\u00f8rer rusmisbrukets konsekvenser: Hull i neseskilleveggen"},"content":{"rendered":"<p class=\"kicker \" style=\"\">Paris Jackson:\u00a0<\/p>\n<p>  Paris Jackson forteller at \u00e5rene med rusmisbruk har satt dype spor. I en ny video viser hun frem skaden hun fortsatt lever med.<\/p>\n<p>\n    KLAR TALE: I en ny video viser Michael Jacksons datter, Paris Jackson, frem en skade hun p\u00e5dro seg som ten\u00e5ring. N\u00e5 kommer hun med en klar oppfordring. Foto: CJ Rivera\/Invision\/AP\/NTB\n  <\/p>\n<p> Datteren til avd\u00f8de Michael Jackson, Paris Jackson (27), har ved flere anledninger fortalt \u00e5penhjertig om utfordringene ved \u00e5 vokse opp i rampelyset. <\/p>\n<p>    <a itemprop=\"url\" href=\"https:\/\/www.seher.no\/kjendis\/kjendisdatteren-ville-ende-alt-na-er-hun-hollywoods-store-stjerneskudd\/69615486\" rel=\"nofollow noopener\" target=\"_blank\"><\/p>\n<p>      <img loading=\"lazy\" decoding=\"async\" src=\"https:\/\/www.europesays.com\/no\/wp-content\/uploads\/2025\/11\/69621183.webp\" width=\"147\" height=\"98\" title=\"Kjendis-datterens dramatiske forvandling\" alt=\"\" class=\"lazyload\" style=\"--aspect-ratio-image: 1.50; \"\/><\/p>\n<p>        Kjendis-datterens dramatiske forvandling<\/p>\n<p>    <\/a><\/p>\n<p> I begynnelsen av \u00e5ret kunne 27-\u00e5ringen fortelle at hun hadde v\u00e6rt rusfri i fem \u00e5r, og beskrev hvor glad hun var for \u00e5 ha lagt rusen bak seg.\u00a0<\/p>\n<p class=\"font-weight-bold m-font-weight-bold\" data-lab-font_weight=\"font-weight-bold\"> \u00abI dag markerer fem \u00e5r uten rus og alkohol. \u00c5 si at jeg er takknemlig ville v\u00e6rt en underdrivelse. Takknemlighet dekker knapt hva jeg f\u00f8ler. Det er fordi jeg er rusfri at jeg kan smile i dag\u00bb, skrev hun p\u00e5 <a href=\"https:\/\/www.instagram.com\/p\/DEhFs6OxuUM\/\" rel=\"nofollow noopener\" target=\"_blank\">Instagram<\/a>.\u00a0<\/p>\n<p>          <img loading=\"lazy\" decoding=\"async\" src=\"https:\/\/www.europesays.com\/no\/wp-content\/uploads\/2025\/11\/83835865.webp\" width=\"686\" height=\"446\" title=\"SUPERSTJERNE: Medietrykket rundt Michael Jackson var enormt, og han kunne knapt bevege seg uten \u00e5 bli omsvervet av paparazzi og superfans. Paris synes det var vanskelig, sier hun. Foto: REX\/NTB\" alt=\"\" class=\"\" style=\"--aspect-ratio-image: 1.54; \"\/><\/p>\n<p>\n          SUPERSTJERNE: Medietrykket rundt Michael Jackson var enormt, og han kunne knapt bevege seg uten \u00e5 bli omsvervet av paparazzi og superfans. Paris synes det var vanskelig, sier hun. Foto: REX\/NTB\n      <\/p>\n<p>N\u00e5 tar kjendisdatteren til TikTok for \u00e5 advare, og viser for f\u00f8rste gang frem en skade hun p\u00e5dro seg i l\u00f8pet av de m\u00f8rke \u00e5rene.\u00a0<\/p>\n<p>&#8211; \u00d8dela livet mitt\t<\/p>\n<p>&#8211;\u00a0Det kommer en skikkelig h\u00f8y plystrelyd n\u00e5r jeg puster gjennom nesa. Det er fordi jeg har et hull i neseskilleveggen,\u00a0r\u00f8per Jackson i TikTok-videoen.<\/p>\n<p>    <a itemprop=\"url\" href=\"https:\/\/www.seher.no\/kjendis\/bryllupet-er-avlyst\/83406035\" rel=\"nofollow noopener\" target=\"_blank\"><\/p>\n<p>      <img loading=\"lazy\" decoding=\"async\" src=\"https:\/\/www.europesays.com\/no\/wp-content\/uploads\/2025\/11\/83406120.webp\" width=\"147\" height=\"98\" title=\"Bryllupet er avlyst\" alt=\"\" class=\"lazyload\" style=\"--aspect-ratio-image: 1.50; \"\/><\/p>\n<p>        Bryllupet er avlyst<\/p>\n<p>    <\/a><\/p>\n<p>27-\u00e5ringen legger ikke skjul p\u00e5 hvordan det skjedde. Skaden, sier hun, kommer \u00abakkurat der du tror den kommer fra\u00bb. <\/p>\n<p class=\"font-weight-bold m-font-weight-bold\" data-lab-font_weight=\"font-weight-bold\">&#8211; Ikke ta narkotika, barn. Det \u00f8dela livet mitt, presiserer hun i videoen.\u00a0<\/p>\n<p>          <img loading=\"lazy\" decoding=\"async\" src=\"https:\/\/www.europesays.com\/no\/wp-content\/uploads\/2025\/11\/83835617.webp\" width=\"686\" height=\"769\" title=\"HULL: Paris Jackson har f\u00e5tt hull i neseryggen etter mange \u00e5rs misbruk av rusmidler. N\u00e5 \u00f8nsker hun \u00e5 advare andre. Foto: TikTok \/ @parisjacksonbrasil\" alt=\"\" class=\"\" style=\"--aspect-ratio-image: 0.89; \"\/><\/p>\n<p>\n          HULL: Paris Jackson har f\u00e5tt hull i neseryggen etter mange \u00e5rs misbruk av rusmidler. N\u00e5 \u00f8nsker hun \u00e5 advare andre. Foto: TikTok \/ @parisjacksonbrasil\n      <\/p>\n<p data-lab-font_weight=\"\"> Hun forteller at hun har hatt hullet i neseveggen siden hun var 20 \u00e5r gammel, etter mange \u00e5r med tungt rusmisbruk.\u00a0<\/p>\n<p data-lab-font_weight=\"font-weight-bold\" class=\"font-weight-bold m-font-weight-bold\"> Samtidig er hun glad for at livet hennes har tatt en ny retning, og om kort tid markerer hun seks \u00e5r som edru. I januar 2025 \u00e5pnet Jackson seg opp om at hun tidligere hadde misbrukt tyngre illegale rusmidler i lang tid, ogs\u00e5 <a href=\"https:\/\/www.seher.no\/kjendis\/roper-tidligere-heroinmisbruk\/82480853\" rel=\"nofollow noopener\" target=\"_blank\">heroin<\/a>.\u00a0<\/p>\n<p>&#8211; Ikke et godt menneske\t<\/p>\n<p> Som datter av den verdensber\u00f8mte \u00abKing of Pop\u00bb har 27-\u00e5ringen blitt eksponert for paparazzi-fotografer og medieoppmerksomhet helt siden hun var liten.\u00a0<\/p>\n<p> I et intervju med <a href=\"https:\/\/www.rollingstone.com\/music\/music-features\/paris-jackson-life-after-neverland-128510\/\" rel=\"nofollow noopener\" target=\"_blank\">Rolling Stone Magazine<\/a> i 2017 beskrev hun hvordan farens d\u00f8d i 2009 sendte henne inn i en lang periode med sorg og selvdestruktiv atferd. Da var hun elleve \u00e5r gammel.\u00a0<\/p>\n<p>          <img loading=\"lazy\" decoding=\"async\" src=\"https:\/\/www.europesays.com\/no\/wp-content\/uploads\/2025\/11\/83836221.webp\" width=\"686\" height=\"529\" title=\"TRIO: Fra venstre: Prince Jackson (28), Blanket Bigi Jackson (23) og Paris Jackson under minnekonserten \u00abMichael Forever\u00bb i 2011. Det var rundt denne tiden Paris begynte rusmisbruket, hevder hun. Foto: AFP Photo\/Leon Neal\/NTB\" alt=\"\" class=\"\" style=\"--aspect-ratio-image: 1.30; \"\/><\/p>\n<p>\n          TRIO: Fra venstre: Prince Jackson (28), Blanket Bigi Jackson (23) og Paris Jackson under minnekonserten \u00abMichael Forever\u00bb i 2011. Det var rundt denne tiden Paris begynte rusmisbruket, hevder hun. Foto: AFP Photo\/Leon Neal\/NTB\n      <\/p>\n<p class=\"font-weight-bold m-font-weight-bold\" data-lab-font_weight=\"font-weight-bold\">&#8211; Jeg drev med mye som 13-, 14- og 15-\u00e5ringer ikke burde drive med. Jeg pr\u00f8vde \u00e5 bli voksen altfor fort, og jeg var egentlig ikke et s\u00e6rlig godt menneske, reflekterte hun over barndommen den gangen.\u00a0<\/p>\n<p>    Trenger du noen \u00e5 snakke med?<\/p>\n<p>      Ring 113<\/p>\n<p>Ved akutt fare for selvmord, ring 113 umiddelbart. Ring heller en gang for mye enn en gang for lite.<\/p>\n<p>Mental Helse<\/p>\n<p>Mental Helse tilbyr d\u00f8gn\u00e5pen telefontjeneste og nettjeneste for alle som trenger noen \u00e5 snakke med. Ring 116 123 eller g\u00e5 inn p\u00e5\u00a0<a href=\"https:\/\/sidetmedord.mentalhelse.no\/\" rel=\"nofollow noopener\" target=\"_blank\">Sidetmedord.no<\/a>.<\/p>\n<p>Mental Helse Ungdom<\/p>\n<p><a href=\"https:\/\/mentalhelseungdom.no\/fa-hjelp\/\" rel=\"nofollow noopener\" target=\"_blank\">Mental Helse Ungdom tilbyr chat<\/a>\u00a0for unge voksne som trenger noen \u00e5 snakke med.<\/p>\n<p>Kirkens SOS<\/p>\n<p>Kirkens SOS Norge har d\u00f8gn\u00e5pen hjelpetelefon, chat og meldingstjenestene. Ring 22 4000 40 eller g\u00e5 inn p\u00e5\u00a0<a href=\"https:\/\/www.kirkens-sos.no\/telefon\" rel=\"nofollow noopener\" target=\"_blank\">kirkens-sos.no<\/a>.<\/p>\n<p>Kilde:\u00a0<a href=\"https:\/\/www.helsenorge.no\/psykisk-helse\/trenger-du-noen-a-snakke-med\/?gad_source=1&amp;gclid=CjwKCAjwufq2BhAmEiwAnZqw8kOXj-otjPbpepM1ATjWAlnETKsaqeE2IA04nerg9YT5jM7QhqU_txoCEucQAvD_BwE\" rel=\"nofollow noopener\" target=\"_blank\">Helsenorge.no<\/a><\/p>\n<p>      Vis mer<br \/>\n      Vis mindre<\/p>\n<p>I 2019 skapte kjendisnettstedet\u00a0<a href=\"https:\/\/www.tmz.com\/2019\/03\/16\/paris-jackson-hospitalized-attempted-suicide-leaving-neverland-michael\/\" rel=\"nofollow noopener\" target=\"_blank\">TMZ<\/a>\u00a0overskrifter da de hevdet at Jackson hadde hadde hatt et \u00abfullstendig sammenbrudd\u00bb, og derfor hadde blitt tvangsinnlagt p\u00e5 sykehuset.\u00a0<\/p>\n<p class=\"font-weight-bold m-font-weight-bold\" data-lab-font_weight=\"font-weight-bold\">Da smalt hun imidlertid hardt tilbake:\u00a0<\/p>\n<p>        STORMER: En deltaker i den nye sesongen av \u00abMarried at First Sight UK\u00bb mottar massiv kritikk for sine handlinger under innspillingen. Video: Channel 4 \/ R\u00f8d L\u00f8per<\/p>\n<p>&#8211;\u00a0Det er ikke noe \u00absammenbrudd\u00bb, ikke noe \u00abmistet forstanden\u00bb eller at jeg skal \u00abv\u00e6re sv\u00e6rt krevende for noen\u00bb. V\u00e6r s\u00e5 snill, ikke tro p\u00e5 alt du leser. Bare fordi jeg ble observert mens jeg kj\u00f8pe kaffe etter en lang, deilig pause fra kaotiske media, tror journalistene at de kan gj\u00f8re hva de vil med navnet mitt, skrev hun p\u00e5 X, tidligere Twitter.<\/p>\n<p>          <img loading=\"lazy\" decoding=\"async\" src=\"https:\/\/www.europesays.com\/no\/wp-content\/uploads\/2025\/11\/83836081.webp\" width=\"686\" height=\"748\" title=\"EDRU: Paris Jackson kan snart feire hele seks \u00e5r som edru, etter at hun sluttet med narkotika og alkohol i 2020. Foto: Splashnews.com \/ NTB\" alt=\"\" class=\"\" style=\"--aspect-ratio-image: 0.92; \"\/><\/p>\n<p>\n          EDRU: Paris Jackson kan snart feire hele seks \u00e5r som edru, etter at hun sluttet med narkotika og alkohol i 2020. Foto: Splashnews.com \/ NTB\n      <\/p>\n<p>I 2021 gjestet hun programmet \u00abRed Table Talk\u00bb med Jada Pinkett Smith (54), der hun\u00a0fortalte at det voldsomme medietrykket i barndommen satt <a href=\"https:\/\/www.seher.no\/kjendis\/star-frem-med-angst-og-paranoia\/73905859\" rel=\"nofollow noopener\" target=\"_blank\">varige spor<\/a>\u00a0som hun fremdeles m\u00e5 jobbe med.\u00a0<\/p>\n<p>        \u00c5RETS ROMANSE?: De to deltakerne forteller at de har f\u00e5tt en god tone i l\u00f8pet av deltakelsen i \u00abSkal vi danse\u00bb. Video: Nora Skavhaug\/Thea Hope\/R\u00f8d L\u00f8per<\/p>\n<p>&#8211;\u00a0Jeg opplever hallusinasjoner, som ogs\u00e5 involverer lyder, iblant kameraklikk. Jeg har en alvorlig form for paranoia, og har g\u00e5tt til terapi for mange ting, deriblant det, fortalte hun.<\/p>\n<p><script async src=\"\/\/www.instagram.com\/embed.js\"><\/script><\/p>\n","protected":false},"excerpt":{"rendered":"Paris Jackson:\u00a0 Paris Jackson forteller at \u00e5rene med rusmisbruk har satt dype spor. I en ny video viser&hellip;\n","protected":false},"author":2,"featured_media":84273,"comment_status":"","ping_status":"","sticky":false,"template":"","format":"standard","meta":{"footnotes":""},"categories":[58],"tags":[71,479,2543,30,28,29,7038,11279,72],"class_list":{"0":"post-84272","1":"post","2":"type-post","3":"status-publish","4":"format-standard","5":"has-post-thumbnail","7":"category-underholdning","8":"tag-entertainment","9":"tag-kjendis","10":"tag-kjendisdesken","11":"tag-no","12":"tag-norge","13":"tag-norway","14":"tag-paris-jackson","15":"tag-rusmisbruk","16":"tag-underholdning"},"share_on_mastodon":{"url":"https:\/\/pubeurope.com\/@no\/115531556219928461","error":""},"_links":{"self":[{"href":"https:\/\/www.europesays.com\/no\/wp-json\/wp\/v2\/posts\/84272","targetHints":{"allow":["GET"]}}],"collection":[{"href":"https:\/\/www.europesays.com\/no\/wp-json\/wp\/v2\/posts"}],"about":[{"href":"https:\/\/www.europesays.com\/no\/wp-json\/wp\/v2\/types\/post"}],"author":[{"embeddable":true,"href":"https:\/\/www.europesays.com\/no\/wp-json\/wp\/v2\/users\/2"}],"replies":[{"embeddable":true,"href":"https:\/\/www.europesays.com\/no\/wp-json\/wp\/v2\/comments?post=84272"}],"version-history":[{"count":0,"href":"https:\/\/www.europesays.com\/no\/wp-json\/wp\/v2\/posts\/84272\/revisions"}],"wp:featuredmedia":[{"embeddable":true,"href":"https:\/\/www.europesays.com\/no\/wp-json\/wp\/v2\/media\/84273"}],"wp:attachment":[{"href":"https:\/\/www.europesays.com\/no\/wp-json\/wp\/v2\/media?parent=84272"}],"wp:term":[{"taxonomy":"category","embeddable":true,"href":"https:\/\/www.europesays.com\/no\/wp-json\/wp\/v2\/categories?post=84272"},{"taxonomy":"post_tag","embeddable":true,"href":"https:\/\/www.europesays.com\/no\/wp-json\/wp\/v2\/tags?post=84272"}],"curies":[{"name":"wp","href":"https:\/\/api.w.org\/{rel}","templated":true}]}}