{"id":84310,"date":"2025-11-11T15:25:18","date_gmt":"2025-11-11T15:25:18","guid":{"rendered":"https:\/\/www.europesays.com\/no\/84310\/"},"modified":"2025-11-11T15:25:18","modified_gmt":"2025-11-11T15:25:18","slug":"eieren-av-aggregatet-i-lorenskog-ringte-politiet","status":"publish","type":"post","link":"https:\/\/www.europesays.com\/no\/84310\/","title":{"rendered":"Eieren av aggregatet i L\u00f8renskog ringte politiet"},"content":{"rendered":"\n<ul class=\"_list_o9xde_3 _list_64s2r_85 _unordered_o9xde_106 text-sans-m\">\n<li class=\"_item_o9xde_30\">Politiet sa f\u00f8rst at de ikke var p\u00e5 russeslippet i L\u00f8renskog, men bekrefter at de rykket ut med flere patruljer og var raskt innom lokalene. <\/li>\n<li class=\"_item_o9xde_30\">Aggregateieren, som er mistenkt i saken, ringte selv politiet fredag kveld p\u00e5 grunn av slagsm\u00e5l. <\/li>\n<\/ul>\n<p>Vis mer <\/p>\n<p class=\"_paragraph_o9xde_4 _paragraph_xtcu6_10 layout-component text-serif-m layout-normal text-serif-m layout-padded\">Eieren av aggregatet, som har status som mistenkt i politiets etterforskning av russefesten i <a href=\"https:\/\/www.vg.no\/tag\/loerenskog?utm_source=vg-article&amp;utm_medium=auto-tagger&amp;utm_campaign=W04aP2\" class=\"_link_o9xde_39\" rel=\"nofollow noopener\" target=\"_blank\">L\u00f8renskog<\/a> fredag kveld, sier han ikke kjenner seg igjen i fremstillingen som har kommet frem i media de siste dagene.<\/p>\n<p class=\"_paragraph_o9xde_4 _paragraph_xtcu6_10 layout-component text-serif-m layout-normal text-serif-m layout-padded\">Han var leid inn av dem som arrangerte festen for \u00e5 levere lyd, lys og vakthold til arrangementet.<\/p>\n<p><img alt=\"Leverand\u00f8ren av lyd og lys la selv ut et bilde av et aggregat f\u00f8r festen i sosiale medier med teksten \u00abGj\u00f8r oss klar for i kveld\u00bb.\" class=\"_image_qp4xg_65 layout-component layout-normal\" data-fullscreen- data-track-element-type=\"Article image fullscreen\" data-track-name=\"ImageFullscreen\" decoding=\"async\" loading=\"lazy\" height=\"1024\" itemprop=\"image\"  src=\"https:\/\/www.europesays.com\/no\/wp-content\/uploads\/2025\/11\/83bae9cf-925c-463b-82eb-2643e6486ef9\"  style=\"object-position:0% 0%\" width=\"768\"\/>Leverand\u00f8ren av lyd og lys la selv ut et bilde av et aggregat f\u00f8r festen i sosiale medier med teksten \u00abGj\u00f8r oss klar for i kveld\u00bb.<\/p>\n<p class=\"_paragraph_o9xde_4 _paragraph_xtcu6_10 layout-component text-serif-m layout-normal text-serif-m layout-padded\">VG m\u00f8tte han p\u00e5 et advokatkontor i Oslo sentrum s\u00f8ndag kveld for at han skal fortelle sin versjon. <\/p>\n<p class=\"_paragraph_o9xde_4 _paragraph_xtcu6_10 layout-component text-serif-m layout-normal text-serif-m layout-padded\">\u2013 Jeg hadde ingen anelse om at noen hadde blitt d\u00e5rlige og havnet p\u00e5 sykehus f\u00f8r jeg fikk telefon om det dagen etter. Da ble jeg helt kald og fikk s\u00e5nne \u00abgrotte-vibes\u00bb, sier han.<\/p>\n<p><img alt=\"Festen ble holdt i lokalet \u00abStar Palace\u00bb. Bildet er tatt s\u00f8ndag.  Foto: Kyrre Lien \/ VG\" class=\"_image_qp4xg_65 layout-component layout-normal\" data-fullscreen- data-track-element-type=\"Article image fullscreen\" data-track-name=\"ImageFullscreen\" decoding=\"async\" loading=\"lazy\" height=\"5292\" itemprop=\"image\"  src=\"https:\/\/www.europesays.com\/no\/wp-content\/uploads\/2025\/11\/0b9594e5-7f5f-45d8-993d-e52c1394e418\"  style=\"object-position:0% 0%\" width=\"7934\"\/>Festen ble holdt i lokalet \u00abStar Palace\u00bb. Bildet er tatt s\u00f8ndag.  Foto: Kyrre Lien \/ VG<\/p>\n<p class=\"_paragraph_o9xde_4 _paragraph_xtcu6_10 layout-component text-serif-m layout-normal text-serif-m layout-padded\">Aggregateieren, som \u00f8nsker \u00e5 v\u00e6re anonym, viser til den ulovlige \u00abgrottefesten\u00bb i 2020, der flere unge ble kullosforgiftetkullosforgiftetDe vanligste tegnene p\u00e5 kullosforgiftning er hodepine, kvalme, svimmelhet, slapphet og forvirring. Ved mer alvorlig forgiftning kan man f\u00e5 brystsmerter, besvimelse eller nedsatt bevissthet. Symptomene kan ligne influensa eller migrene. De som har symptomer b\u00f8r opps\u00f8ke legevakt, eller ved akutt behov ringe 113. Kilde: Ahus under en fest i et nedlagt tilfluktsrom i Oslo.<\/p>\n<p> \u2013 Sto i et lukket rom<\/p>\n<p class=\"_paragraph_o9xde_4 _paragraph_xtcu6_10 layout-component text-serif-m layout-normal text-serif-m layout-padded\">Han forteller at hverken han eller de syv vekterne han hadde leid inn for kvelden, reagerte p\u00e5 at noen skal <a href=\"https:\/\/www.vg.no\/nyheter\/i\/wgy4J5\/christina-17-fryktet-det-verste-etter-russefesten-en-sjokkfoelelse\" data-track-element-type=\"Link\" data-track-id=\"link:wgy4J5\" class=\"_link_o9xde_39\" rel=\"nofollow noopener\" target=\"_blank\">ha besvimt eller blitt d\u00e5rlige<\/a>, utover hva som er normalt p\u00e5 et russeslipp med alkohol.<\/p>\n<p class=\"_paragraph_o9xde_4 _paragraph_xtcu6_10 layout-component text-serif-m layout-normal text-serif-m layout-padded\">Akershus universitetssykehus (Ahus) opplyser til VG at de mottok 35 ungdommer fra festen i l\u00f8pet av l\u00f8rdagen. <\/p>\n<p class=\"_paragraph_o9xde_4 _paragraph_xtcu6_10 layout-component text-serif-m layout-normal text-serif-m layout-padded\">Aggregateieren forteller at det ikke er f\u00f8rste gangen selskapet hans har levert utstyr til russeslipp ved Star Palace.<\/p>\n<p class=\"_paragraph_o9xde_4 _paragraph_xtcu6_10 layout-component text-serif-m layout-normal text-serif-m layout-padded\">\u2013 Aggregatet sto i et lukket rom med to \u00e5pne vinduer som s\u00f8rget for ventilasjon, forteller han.<\/p>\n<p class=\"_paragraph_o9xde_4 _paragraph_xtcu6_10 layout-component text-serif-m layout-normal text-serif-m layout-padded\">Han tegner og forklarer oppsettet.<\/p>\n<p><img alt=\"Viser hvor aggregatet sto.  Foto: Fredrik Solstad \/ VG\" class=\"_image_qp4xg_65 layout-component layout-normal\" data-fullscreen- data-track-element-type=\"Article image fullscreen\" data-track-name=\"ImageFullscreen\" decoding=\"async\" loading=\"lazy\" height=\"3640\" itemprop=\"image\"  src=\"https:\/\/www.europesays.com\/no\/wp-content\/uploads\/2025\/11\/66aeaa01-191c-4d67-9bcf-192294314a30\"  style=\"object-position:0% 0%\" width=\"4386\"\/>Viser hvor aggregatet sto.  Foto: Fredrik Solstad \/ VG<\/p>\n<p class=\"_paragraph_o9xde_4 _paragraph_xtcu6_10 layout-component text-serif-m layout-normal text-serif-m layout-padded\">Han forteller at aggregatet var tiltet mot vinduene p\u00e5 et lukket rom bak et barrikadert omr\u00e5de for h\u00f8yttalere og lydanlegg. <\/p>\n<p class=\"_paragraph_o9xde_4 _paragraph_xtcu6_10 layout-component text-serif-m layout-normal text-serif-m layout-padded\">\u2013 Der sto det tre vektere for \u00e5 passe p\u00e5, sier han. <\/p>\n<p class=\"_paragraph_o9xde_4 _paragraph_xtcu6_10 layout-component text-serif-m layout-normal text-serif-m layout-padded\">Tirsdag opplyser politiadvokat Morten Lund\u00e9n til Dagbladet at politiet har <a href=\"https:\/\/www.dagbladet.no\/nyheter\/tar-beslag-i-aggregatet\/83837983\" class=\"_link_o9xde_39\" rel=\"nofollow noopener\" target=\"_blank\">tatt beslag i aggregatet<\/a> som ble brukt.<\/p>\n<p><img alt=\"Brannvesenet p\u00e5 stedet l\u00f8rdag ettermiddag.  Foto: Harpreet Kaur Nijjer \/ VG\" class=\"_image_qp4xg_65 layout-component layout-normal\" data-fullscreen- data-track-element-type=\"Article image fullscreen\" data-track-name=\"ImageFullscreen\" decoding=\"async\" loading=\"lazy\" height=\"4032\" itemprop=\"image\"  src=\"https:\/\/www.europesays.com\/no\/wp-content\/uploads\/2025\/11\/1762874715_648_e81a50e6-5279-4b18-a52f-b4dd9c686d11\"  style=\"object-position:0% 0%\" width=\"3024\"\/>Brannvesenet p\u00e5 stedet l\u00f8rdag ettermiddag.  Foto: Harpreet Kaur Nijjer \/ VG<\/p>\n<p class=\"_paragraph_o9xde_4 _paragraph_xtcu6_10 layout-component text-serif-m layout-normal text-serif-m layout-padded\">Men tilbake til fredagen: If\u00f8lge aggregateieren oppsto det br\u00e5k inne i lokalet, slik at de m\u00e5tte kaste ut noen ungdommer. Situasjonen fortsatte utenfor, der flere ungdommer ble involvert. Det som startet som en mindre konflikt eskalerte utenfor festlokalet, forteller han. <\/p>\n<p class=\"_paragraph_o9xde_4 _paragraph_xtcu6_10 layout-component text-serif-m layout-normal text-serif-m layout-padded\">\u2013 Da gir jeg beskjed til alle vekterne om \u00e5 hjelpe til ute \u2013 ogs\u00e5 dem som sto ved lydanlegget og d\u00f8ren til aggregatet.<\/p>\n<p class=\"_paragraph_o9xde_4 _paragraph_xtcu6_10 layout-component text-serif-m layout-normal text-serif-m layout-padded\">\u2013 Rundt ti minutter senere ringer jeg politiet. Klokken var da 22.57, forteller han og viser telefonloggen.<\/p>\n<p><img alt=\"Foto: Fredrik Solstad \/ VG\" class=\"_image_qp4xg_65 layout-component layout-normal\" data-fullscreen- data-track-element-type=\"Article image fullscreen\" data-track-name=\"ImageFullscreen\" decoding=\"async\" loading=\"lazy\" height=\"3817\" itemprop=\"image\"  src=\"https:\/\/www.europesays.com\/no\/wp-content\/uploads\/2025\/11\/cac2d202-68e7-4fb9-bd1c-3255e8a228b7\"  style=\"object-position:0% 0%\" width=\"2894\"\/>Foto: Fredrik Solstad \/ VG<\/p>\n<p class=\"_paragraph_o9xde_4 _paragraph_xtcu6_10 layout-component text-serif-m layout-normal text-serif-m layout-padded\">\u2013 Det kom sikkert tre\u2013fire politibiler, og etter ti minutter sa jeg til gutta at de kunne g\u00e5 tilbake til postene sine. Da vi kom opp trappen, s\u00e5 vi at barrikaden var brutt og d\u00f8ren inn til aggregatet sto \u00e5pen. Da skrudde jeg av aggregatet fort som bare det, for jeg ble s\u00e5 redd. Festen var over.<\/p>\n<p class=\"_paragraph_o9xde_4 _paragraph_xtcu6_10 layout-component text-serif-m layout-normal text-serif-m layout-padded\">Han ansl\u00e5r at det da var mellom 30 og 50 personer igjen i lokalet.<\/p>\n<ul class=\"_list_o9xde_3 _list_xtcu6_9 _unordered_o9xde_106 layout-component text-serif-m layout-normal text-serif-m layout-padded\">\n<li class=\"_item_o9xde_30\"><strong class=\"_strong_o9xde_25\">Les ogs\u00e5: <a href=\"https:\/\/www.vg.no\/nyheter\/i\/wgy4J5\/christina-17-fryktet-det-verste-etter-russefesten-en-sjokkfoelelse\" data-track-element-type=\"Link\" data-track-id=\"link:wgy4J5\" class=\"_link_o9xde_39\" rel=\"nofollow noopener\" target=\"_blank\">Christina (17) fryktet det verste etter russefesten: \u2013\u2060\u00a0En sjokkf\u00f8lelse<\/a><\/strong><\/li>\n<\/ul>\n<p> Politiet ble tilkalt<\/p>\n<p class=\"_paragraph_o9xde_4 _paragraph_xtcu6_10 layout-component text-serif-m layout-normal text-serif-m layout-padded\">Dagen etter festen <a href=\"https:\/\/www.vg.no\/nyheter\/i\/OoRlG1\/romerikes-blad-ungdom-til-ahus-etter-russefest\" data-track-element-type=\"Link\" data-track-id=\"link:OoRlG1\" class=\"_link_o9xde_39\" rel=\"nofollow noopener\" target=\"_blank\">holdt politiet en pressebrifing<\/a> utenfor festlokalene.<\/p>\n<p class=\"_paragraph_o9xde_4 _paragraph_xtcu6_10 layout-component text-serif-m layout-normal text-serif-m layout-padded\">\u2013 Politiet har ikke v\u00e6rt p\u00e5 stedet her hverken i g\u00e5r kveld eller i natt, sa innsatsleder Arne S\u00f8rlie i \u00d8st politidistrikt under pressebrifingen.<\/p>\n<p class=\"_paragraph_o9xde_4 _paragraph_xtcu6_10 layout-component text-serif-m layout-normal text-serif-m layout-padded\">Dette reagerer eieren av aggregatet p\u00e5, fordi politiet sendte flere biler til stedet etter at hans oppringing. <\/p>\n<p class=\"_paragraph_o9xde_4 _paragraph_xtcu6_10 layout-component text-serif-m layout-normal text-serif-m layout-padded\">\u2013 To politibetjenter kom ogs\u00e5 inn i lokalet etter sl\u00e5sskampen, sier han.<\/p>\n<p><img alt=\"Politiet p\u00e5 stedet l\u00f8rdag ettermiddag.  Foto: Harpreet Kaur Nijjer \/ VG\" class=\"_image_qp4xg_65 layout-component layout-normal\" data-fullscreen- data-track-element-type=\"Article image fullscreen\" data-track-name=\"ImageFullscreen\" decoding=\"async\" loading=\"lazy\" height=\"3024\" itemprop=\"image\"  src=\"https:\/\/www.europesays.com\/no\/wp-content\/uploads\/2025\/11\/ffff93a3-a177-424a-9824-8152041dc649\"  style=\"object-position:0% 0%\" width=\"4032\"\/>Politiet p\u00e5 stedet l\u00f8rdag ettermiddag.  Foto: Harpreet Kaur Nijjer \/ VG<\/p>\n<p class=\"_paragraph_o9xde_4 _paragraph_xtcu6_10 layout-component text-serif-m layout-normal text-serif-m layout-padded\">P\u00e5taleansvarlig i \u00d8st politidistrikt, Morten Lund\u00e9n, bekrefter n\u00e5 overfor VG at politiet faktisk rykket ut med flere patruljer etter \u00e5 ha mottatt melding om slagsm\u00e5l klokken 22.58.<\/p>\n<p class=\"_paragraph_o9xde_4 _paragraph_xtcu6_10 layout-component text-serif-m layout-normal text-serif-m layout-padded\">\u2013 Da politiet ankom stedet var det ikke p\u00e5g\u00e5ende slagsm\u00e5l og en gruppering hadde forlatt stedet.<\/p>\n<p class=\"_paragraph_o9xde_4 _paragraph_xtcu6_10 layout-component text-serif-m layout-normal text-serif-m layout-padded\">Lund\u00e9n bekrefter ogs\u00e5 at de var innom lokalene.<\/p>\n<p class=\"_paragraph_o9xde_4 _paragraph_xtcu6_10 layout-component text-serif-m layout-normal text-serif-m layout-padded\">\u2013 Politiet konstaterte raskt at festen var over, og s\u00e5 raskt igjennom lokalene. <\/p>\n<p class=\"_paragraph_o9xde_4 _paragraph_xtcu6_10 layout-component text-serif-m layout-normal text-serif-m layout-padded\">Han presiserer imidlertid at det ikke ble loggf\u00f8rt noen opplysninger om mulig kullosforgiftning. Politiet fikk f\u00f8rst meldinger om det neste dag gjennom mediene. <\/p>\n<p>       <img decoding=\"async\" alt=\"Tips oss illustrasjon\" src=\"https:\/\/www.europesays.com\/no\/wp-content\/uploads\/2025\/10\/pssst-small.webp.webp\"\/>    <\/p>\n<p class=\"title-serif-s\">Har du tips?<\/p>\n<p class=\"text-sans-m\">Send oss informasjon, bilder eller video.<\/p>\n<p>  <a href=\"https:\/\/www.vg.no\/tips-oss\" rel=\"nofollow noopener\" target=\"_blank\"> Tips oss <\/a>      <\/p>\n","protected":false},"excerpt":{"rendered":"Politiet sa f\u00f8rst at de ikke var p\u00e5 russeslippet i L\u00f8renskog, men bekrefter at de rykket ut med&hellip;\n","protected":false},"author":2,"featured_media":84311,"comment_status":"","ping_status":"","sticky":false,"template":"","format":"standard","meta":{"footnotes":""},"categories":[10],"tags":[20,21,24,25,15,22,23,2692,13,30,28,29,14,16,26,27],"class_list":{"0":"post-84310","1":"post","2":"type-post","3":"status-publish","4":"format-standard","5":"has-post-thumbnail","7":"category-norge","8":"tag-breaking-news","9":"tag-breakingnews","10":"tag-featured-news","11":"tag-featurednews","12":"tag-headlines","13":"tag-latest-news","14":"tag-latestnews","15":"tag-lorenskog","16":"tag-news","17":"tag-no","18":"tag-norge","19":"tag-norway","20":"tag-nyheter","21":"tag-overskrifter","22":"tag-top-stories","23":"tag-topstories"},"share_on_mastodon":{"url":"https:\/\/pubeurope.com\/@no\/115531764697614277","error":""},"_links":{"self":[{"href":"https:\/\/www.europesays.com\/no\/wp-json\/wp\/v2\/posts\/84310","targetHints":{"allow":["GET"]}}],"collection":[{"href":"https:\/\/www.europesays.com\/no\/wp-json\/wp\/v2\/posts"}],"about":[{"href":"https:\/\/www.europesays.com\/no\/wp-json\/wp\/v2\/types\/post"}],"author":[{"embeddable":true,"href":"https:\/\/www.europesays.com\/no\/wp-json\/wp\/v2\/users\/2"}],"replies":[{"embeddable":true,"href":"https:\/\/www.europesays.com\/no\/wp-json\/wp\/v2\/comments?post=84310"}],"version-history":[{"count":0,"href":"https:\/\/www.europesays.com\/no\/wp-json\/wp\/v2\/posts\/84310\/revisions"}],"wp:featuredmedia":[{"embeddable":true,"href":"https:\/\/www.europesays.com\/no\/wp-json\/wp\/v2\/media\/84311"}],"wp:attachment":[{"href":"https:\/\/www.europesays.com\/no\/wp-json\/wp\/v2\/media?parent=84310"}],"wp:term":[{"taxonomy":"category","embeddable":true,"href":"https:\/\/www.europesays.com\/no\/wp-json\/wp\/v2\/categories?post=84310"},{"taxonomy":"post_tag","embeddable":true,"href":"https:\/\/www.europesays.com\/no\/wp-json\/wp\/v2\/tags?post=84310"}],"curies":[{"name":"wp","href":"https:\/\/api.w.org\/{rel}","templated":true}]}}