{"id":84312,"date":"2025-11-11T15:32:17","date_gmt":"2025-11-11T15:32:17","guid":{"rendered":"https:\/\/www.europesays.com\/no\/84312\/"},"modified":"2025-11-11T15:32:17","modified_gmt":"2025-11-11T15:32:17","slug":"trafikk-meteorologisk-institutt-har-sendt-ut-farevarsel-beregn-ekstra-tid","status":"publish","type":"post","link":"https:\/\/www.europesays.com\/no\/84312\/","title":{"rendered":"Trafikk, Meteorologisk institutt | Har sendt ut farevarsel: \u2013 Beregn ekstra tid!"},"content":{"rendered":"\n<p><b>NAMDALEN: <\/b>\u00abDet er observert is og glatte kj\u00f8reforhold lokalt, p\u00e5 grunn av regn som fryser p\u00e5 bakken. Muligheten for regn som lokalt fryser p\u00e5 bakken vedvarer gjennom tirsdag og natt til onsdag\u00bb, skriver Meteorologisk institutt.<\/p>\n<p>Det er derfor sendt ut farevarsel for is for deler av Helgeland og Nord-Tr\u00f8ndelag.<\/p>\n<p>Det kan v\u00e6re lokalt vanskelige kj\u00f8reforhold. Transporttjenester kan ogs\u00e5 bli p\u00e5virket. Beregn ekstra tid til transport og kj\u00f8ring. Bruk riktige dekk og kj\u00f8r etter forholdene.<\/p>\n<p>Farevarselet gjelder forel\u00f8pig fram til onsdag morgen klokka 07.00, men det er viktig \u00e5 f\u00f8lge med p\u00e5 oppdaterte meldinger. Meteorologisk institutt oppdaterer sine varsler fortl\u00f8pende.<\/p>\n<p>Bilister oppfordres til \u00e5 sjekke vegmeldinger p\u00e5 <a href=\"http:\/\/vegvesen.no\/trafikk\" rel=\"nofollow noopener\" target=\"_blank\">vegvesen.no\/trafikk<\/a> for den mest oppdaterte informasjonen om trafikksituasjonen.<\/p>\n<p>\u2013 Kj\u00f8r forsiktig, oppfordrer Meteorologisk institutt.<\/p>\n","protected":false},"excerpt":{"rendered":"NAMDALEN: \u00abDet er observert is og glatte kj\u00f8reforhold lokalt, p\u00e5 grunn av regn som fryser p\u00e5 bakken. Muligheten&hellip;\n","protected":false},"author":2,"featured_media":84313,"comment_status":"","ping_status":"","sticky":false,"template":"","format":"standard","meta":{"footnotes":""},"categories":[10],"tags":[36,20,21,102,24,25,15,22,23,1202,13,30,28,29,14,16,1510,26,27,224],"class_list":{"0":"post-84312","1":"post","2":"type-post","3":"status-publish","4":"format-standard","5":"has-post-thumbnail","7":"category-norge","8":"tag-art","9":"tag-breaking-news","10":"tag-breakingnews","11":"tag-farevarsel","12":"tag-featured-news","13":"tag-featurednews","14":"tag-headlines","15":"tag-latest-news","16":"tag-latestnews","17":"tag-meteorologisk-institutt","18":"tag-news","19":"tag-no","20":"tag-norge","21":"tag-norway","22":"tag-nyheter","23":"tag-overskrifter","24":"tag-story","25":"tag-top-stories","26":"tag-topstories","27":"tag-trafikk"},"share_on_mastodon":{"url":"https:\/\/pubeurope.com\/@no\/115531791881562021","error":""},"_links":{"self":[{"href":"https:\/\/www.europesays.com\/no\/wp-json\/wp\/v2\/posts\/84312","targetHints":{"allow":["GET"]}}],"collection":[{"href":"https:\/\/www.europesays.com\/no\/wp-json\/wp\/v2\/posts"}],"about":[{"href":"https:\/\/www.europesays.com\/no\/wp-json\/wp\/v2\/types\/post"}],"author":[{"embeddable":true,"href":"https:\/\/www.europesays.com\/no\/wp-json\/wp\/v2\/users\/2"}],"replies":[{"embeddable":true,"href":"https:\/\/www.europesays.com\/no\/wp-json\/wp\/v2\/comments?post=84312"}],"version-history":[{"count":0,"href":"https:\/\/www.europesays.com\/no\/wp-json\/wp\/v2\/posts\/84312\/revisions"}],"wp:featuredmedia":[{"embeddable":true,"href":"https:\/\/www.europesays.com\/no\/wp-json\/wp\/v2\/media\/84313"}],"wp:attachment":[{"href":"https:\/\/www.europesays.com\/no\/wp-json\/wp\/v2\/media?parent=84312"}],"wp:term":[{"taxonomy":"category","embeddable":true,"href":"https:\/\/www.europesays.com\/no\/wp-json\/wp\/v2\/categories?post=84312"},{"taxonomy":"post_tag","embeddable":true,"href":"https:\/\/www.europesays.com\/no\/wp-json\/wp\/v2\/tags?post=84312"}],"curies":[{"name":"wp","href":"https:\/\/api.w.org\/{rel}","templated":true}]}}