{"id":84361,"date":"2025-11-11T16:24:41","date_gmt":"2025-11-11T16:24:41","guid":{"rendered":"https:\/\/www.europesays.com\/no\/84361\/"},"modified":"2025-11-11T16:24:41","modified_gmt":"2025-11-11T16:24:41","slug":"kong-harald-inviterer-team-polsa-til-audiens-pa-slottet","status":"publish","type":"post","link":"https:\/\/www.europesays.com\/no\/84361\/","title":{"rendered":"Kong Harald inviterer Team P\u00f8lsa til audiens p\u00e5 Slottet:"},"content":{"rendered":"<p class=\"kicker \" style=\"\">\u00d8ystein \u00abP\u00f8lsa\u00bb Pettersen:\u00a0<\/p>\n<p>  Kong Harald gikk glipp av \u00abTeam P\u00f8lsas\u00bb triumf. N\u00e5 \u00e5pner kongen d\u00f8rene til Slottet.\u00a0<\/p>\n<p>\n    KONGEM\u00d8TE: \u00d8ystein Pettersen og resten av gjengen fra NRK-suksessen \u00abTeam P\u00f8lsa\u00bb skal p\u00e5 audiens med kong Harald. Foto: Andreas Fadum\/Se og H\u00f8r\n  <\/p>\n<p>Det var i starten av \u00e5ret at \u00abTeam P\u00f8lsa\u00bb tok Norge med storm.\u00a0<\/p>\n<p>I NRK-serien samlet\u00a0\u00d8ystein \u00abP\u00f8lsa\u00bb Pettersen (42)\u00a0seks ungdommer, Syver, Peder, Sunniva, Mikkel, Pia og Trygve,\u00a0med ulike utfordringer. Sammen jobbet de mot m\u00e5let om \u00e5 g\u00e5 et skirenn under VM i Trondheim.<\/p>\n<p>          <img loading=\"lazy\" decoding=\"async\" src=\"https:\/\/www.europesays.com\/no\/wp-content\/uploads\/2025\/11\/83833652.webp\" width=\"686\" height=\"515\" title=\"FULL JUBEL: \u00abTeam P\u00f8lsa\u00bb i m\u00e5l under VM Trondheim 2025. Foto: Lise \u00c5serud \/ NTB\" alt=\"\" class=\"\" style=\"--aspect-ratio-image: 1.33; \"\/><\/p>\n<p>\n          FULL JUBEL: \u00abTeam P\u00f8lsa\u00bb i m\u00e5l under VM Trondheim 2025. Foto: Lise \u00c5serud \/ NTB\n      <\/p>\n<p>I slutten av februar gikk gjengen i m\u00e5l\u00a0i Gran\u00e5sen til vill jubel fra publikum. Blant de som heiet p\u00e5 dem var dronning Sonja (88), kronprins Haakon (52) og kronprinsesse Mette-Marit (52).\u00a0<\/p>\n<p>    <a itemprop=\"url\" href=\"https:\/\/www.seher.no\/kjendis\/gir-aldri-opp-hapet\/83665100\" rel=\"nofollow noopener\" target=\"_blank\"><\/p>\n<p>      <img loading=\"lazy\" decoding=\"async\" src=\"https:\/\/www.europesays.com\/no\/wp-content\/uploads\/2025\/11\/83665136.webp\" width=\"147\" height=\"98\" title=\"Gir aldri opp h\u00e5pet\" alt=\"\" class=\"lazyload\" style=\"--aspect-ratio-image: 1.50; \"\/><\/p>\n<p>        Gir aldri opp h\u00e5pet<\/p>\n<p>    <\/a><\/p>\n<p>Kong Harald (88) var ikke til stede p\u00e5 grunn av sykdom.\u00a0<\/p>\n<p class=\"font-weight-bold m-font-weight-bold\" data-lab-font_weight=\"font-weight-bold\">N\u00e5 m\u00f8tes derimot kongen og gjengen i \u00abTeam P\u00f8lsa\u00bb under en audiens p\u00e5 Slottet. M\u00f8tet finner sted klokka 13.00 p\u00e5 torsdag, if\u00f8lge <a href=\"https:\/\/www.kongehuset.no\/program.html?tid=27511&amp;sek=26946\" rel=\"nofollow noopener\" target=\"_blank\">kongehusets kalender<\/a>.\u00a0<\/p>\n<p>Til Se og H\u00f8r forteller Pettersen at det er \u00aben \u00e6re \u00e5 bli invitert\u00bb av kongen.\u00a0<\/p>\n<p class=\"font-weight-bold m-font-weight-bold\" data-lab-font_weight=\"font-weight-bold\">&#8211; Kongen skulle egentlig se p\u00e5, men var syk. Han synes det var kjipt, og det gjorde vi ogs\u00e5. S\u00e5 det er stas at vi endelig skal treffes.\u00a0<\/p>\n<p>          <img loading=\"lazy\" decoding=\"async\" src=\"https:\/\/www.europesays.com\/no\/wp-content\/uploads\/2025\/11\/83833653.webp\" width=\"686\" height=\"460\" title=\"KONGELIG M\u00d8TE: \u00d8ystein Pettersen og deltakerne fra TV-serien \u00abTeam P\u00f8lsa\u00bb m\u00f8tte kronprins Haakon, kronprinsesse Mette-Marit og dronning Sonja under VM Trondheim 2025. Foto: Lise \u00c5serud \/ NTB\" alt=\"\" class=\"\" style=\"--aspect-ratio-image: 1.49; \"\/><\/p>\n<p>\n          KONGELIG M\u00d8TE: \u00d8ystein Pettersen og deltakerne fra TV-serien \u00abTeam P\u00f8lsa\u00bb m\u00f8tte kronprins Haakon, kronprinsesse Mette-Marit og dronning Sonja under VM Trondheim 2025. Foto: Lise \u00c5serud \/ NTB\n      <\/p>\n<p>42-\u00e5ringen forklarer at de blant annet skal snakke om <a href=\"https:\/\/www.seher.no\/kjendis\/gir-aldri-opp-hapet\/83665100\" rel=\"nofollow noopener\" target=\"_blank\">barnedemens<\/a> med kong Harald:\u00a0<\/p>\n<p>&#8211; Syver hadde lyst til \u00e5 fortelle kongen om barnedemens lenge f\u00f8r suksessen med \u00abTeam P\u00f8lsa\u00bb. Det gj\u00f8r det enda st\u00f8rre for oss.\u00a0<\/p>\n<p>    <a itemprop=\"url\" href=\"https:\/\/www.seher.no\/kjendis\/helt-sykt\/83379214\" rel=\"nofollow noopener\" target=\"_blank\"><\/p>\n<p>      <img loading=\"lazy\" decoding=\"async\" src=\"https:\/\/www.europesays.com\/no\/wp-content\/uploads\/2025\/11\/83379220.webp\" width=\"980\" height=\"441\" title=\"- Helt sykt\" alt=\"\" class=\"lazyload\" style=\"--aspect-ratio-image: 2.22; \"\/><\/p>\n<p>        &#8211; Helt sykt<\/p>\n<p>    <\/a><\/p>\n<p>&#8211; Det er Syvers store dr\u00f8m at kongen f\u00e5r vite om dette, s\u00e5 han kan sette av penger for \u00e5 finne en kur.\u00a0<\/p>\n<p>          <img loading=\"lazy\" decoding=\"async\" src=\"https:\/\/www.europesays.com\/no\/wp-content\/uploads\/2025\/11\/83833663.webp\" width=\"686\" height=\"501\" title=\"ETTER SYKDOM:: Kong Harald kom til Trondheim seinere enn resten av kongefamilien p\u00e5 grunn av sykdom. Foto: Lise \u00c5serud \/ NTB\" alt=\"\" class=\"\" style=\"--aspect-ratio-image: 1.37; \"\/><\/p>\n<p>\n          ETTER SYKDOM:: Kong Harald kom til Trondheim seinere enn resten av kongefamilien p\u00e5 grunn av sykdom. Foto: Lise \u00c5serud \/ NTB\n      <\/p>\n<p>\u00abP\u00f8lsa\u00bb forteller videre at han ikke har noen anelse om hvordan en audiens fungerer.\u00a0<\/p>\n<p>&#8211; Jeg tror vi bare skal f\u00e5 p\u00e5 kongen og dronningen og prate med dem. En vanlig audiens er 15 minutter &#8211; vi har f\u00e5tt 30, s\u00e5 det er veldig stas.<\/p>\n<p>    <a itemprop=\"url\" href=\"https:\/\/www.seher.no\/kjendis\/tarevate-scener\/83598280\" rel=\"nofollow noopener\" target=\"_blank\"><\/p>\n<p>      <img loading=\"lazy\" decoding=\"async\" src=\"https:\/\/www.europesays.com\/no\/wp-content\/uploads\/2025\/11\/83624571.webp\" width=\"980\" height=\"441\" title=\"T\u00e5rev\u00e5te scener\" alt=\"\" class=\"lazyload\" style=\"--aspect-ratio-image: 2.22; \"\/><\/p>\n<p>        T\u00e5rev\u00e5te scener<\/p>\n<p>    <\/a><\/p>\n<p> Han poengterer at han ikke har sansen for \u00e5 g\u00e5 med dress, men at finstasen likevel skal p\u00e5 &#8211; i form av bunad.\u00a0<\/p>\n<p>&#8211; Mann (42) blir jo varm om hjertet n\u00e5r kongen har lyst til \u00e5 m\u00f8te oss.\u00a0<\/p>\n<p>          <img loading=\"lazy\" decoding=\"async\" src=\"https:\/\/www.europesays.com\/no\/wp-content\/uploads\/2025\/11\/83833658.webp\" width=\"686\" height=\"501\" title=\"SUKSESS: Team P\u00f8lsa har vunnet flere priser etter programmet ble sendt p\u00e5 TV. Her fra Gullruten i mai. Foto: Paul S. Amundsen \/ NTB\" alt=\"\" class=\"\" style=\"--aspect-ratio-image: 1.37; \"\/><\/p>\n<p>\n          SUKSESS: Team P\u00f8lsa har vunnet flere priser etter programmet ble sendt p\u00e5 TV. Her fra Gullruten i mai. Foto: Paul S. Amundsen \/ NTB\n      <\/p>\n","protected":false},"excerpt":{"rendered":"\u00d8ystein \u00abP\u00f8lsa\u00bb Pettersen:\u00a0 Kong Harald gikk glipp av \u00abTeam P\u00f8lsas\u00bb triumf. N\u00e5 \u00e5pner kongen d\u00f8rene til Slottet.\u00a0 KONGEM\u00d8TE:&hellip;\n","protected":false},"author":2,"featured_media":84362,"comment_status":"","ping_status":"","sticky":false,"template":"","format":"standard","meta":{"footnotes":""},"categories":[59],"tags":[479,2543,2590,76,30,28,29,11287,83,82,5646],"class_list":{"0":"post-84361","1":"post","2":"type-post","3":"status-publish","4":"format-standard","5":"has-post-thumbnail","7":"category-sport","8":"tag-kjendis","9":"tag-kjendisdesken","10":"tag-kong-harald","11":"tag-kongelig","12":"tag-no","13":"tag-norge","14":"tag-norway","15":"tag-oystein-pettersen","16":"tag-sport","17":"tag-sports","18":"tag-team-polsa"},"share_on_mastodon":{"url":"https:\/\/pubeurope.com\/@no\/115531996578755884","error":""},"_links":{"self":[{"href":"https:\/\/www.europesays.com\/no\/wp-json\/wp\/v2\/posts\/84361","targetHints":{"allow":["GET"]}}],"collection":[{"href":"https:\/\/www.europesays.com\/no\/wp-json\/wp\/v2\/posts"}],"about":[{"href":"https:\/\/www.europesays.com\/no\/wp-json\/wp\/v2\/types\/post"}],"author":[{"embeddable":true,"href":"https:\/\/www.europesays.com\/no\/wp-json\/wp\/v2\/users\/2"}],"replies":[{"embeddable":true,"href":"https:\/\/www.europesays.com\/no\/wp-json\/wp\/v2\/comments?post=84361"}],"version-history":[{"count":0,"href":"https:\/\/www.europesays.com\/no\/wp-json\/wp\/v2\/posts\/84361\/revisions"}],"wp:featuredmedia":[{"embeddable":true,"href":"https:\/\/www.europesays.com\/no\/wp-json\/wp\/v2\/media\/84362"}],"wp:attachment":[{"href":"https:\/\/www.europesays.com\/no\/wp-json\/wp\/v2\/media?parent=84361"}],"wp:term":[{"taxonomy":"category","embeddable":true,"href":"https:\/\/www.europesays.com\/no\/wp-json\/wp\/v2\/categories?post=84361"},{"taxonomy":"post_tag","embeddable":true,"href":"https:\/\/www.europesays.com\/no\/wp-json\/wp\/v2\/tags?post=84361"}],"curies":[{"name":"wp","href":"https:\/\/api.w.org\/{rel}","templated":true}]}}