{"id":84369,"date":"2025-11-11T16:37:09","date_gmt":"2025-11-11T16:37:09","guid":{"rendered":"https:\/\/www.europesays.com\/no\/84369\/"},"modified":"2025-11-11T16:37:09","modified_gmt":"2025-11-11T16:37:09","slug":"gult-farevarsel-for-is-det-blir-glatt","status":"publish","type":"post","link":"https:\/\/www.europesays.com\/no\/84369\/","title":{"rendered":"Gult farevarsel for is: Det blir glatt"},"content":{"rendered":"\n<p class=\"_lead_o9xde_2 _lead_xtcu6_50 layout-component text-serif-m layout-normal text-serif-l layout-component layout-wide layout-padded _wide_17hqh_1 layout-padded\">Pass opp! N\u00e5 blir det glatt.<\/p>\n<p><img alt=\"Slik s\u00e5 det ut 26. desember p\u00e5 E18 i Follo i fjor.  Foto: J\u00f8rgen Braastad \/ VG\" class=\"_image_qp4xg_65 layout-component layout-wide\" data-fullscreen- data-track-element-type=\"Article image fullscreen\" data-track-name=\"ImageFullscreen\" fetchpriority=\"high\" decoding=\"sync\" loading=\"eager\" height=\"5464\" itemprop=\"image\"  src=\"https:\/\/www.europesays.com\/no\/wp-content\/uploads\/2025\/11\/65825d57-7eac-442a-aeaf-56b2d32ecbe9\"  style=\"object-position:0% 0%\" width=\"8192\"\/>Slik s\u00e5 det ut 26. desember p\u00e5 E18 i Follo i fjor.  Foto: J\u00f8rgen Braastad \/ VG<\/p>\n<ul aria-hidden=\"true\" class=\"_images_18f0k_111\">\n<li><a class=\"_link_18f0k_116\" href=\"https:\/\/www.vg.no\/forfatter\/amalie-nordboe-odiin\" style=\"z-index:1\" title=\"Amalie Nordb\u00f8 Odiin\" rel=\"nofollow noopener\" target=\"_blank\"><img alt=\"Bilde av Amalie Nordb\u00f8 Odiin\" class=\"_image_18f0k_93\" fetchpriority=\"low\" loading=\"lazy\" decoding=\"async\" itemprop=\"image\"  src=\"https:\/\/www.europesays.com\/no\/wp-content\/uploads\/2025\/11\/1762879028_569_3a48a883-d93f-48c4-8078-cc59876bbb5b\"  width=\"480\"\/><\/a><\/li>\n<\/ul>\n<p> Oppdatert tirsdag 11. november kl. 17:20    <\/p>\n<ul class=\"_list_o9xde_3 _list_64s2r_85 _unordered_o9xde_106 text-sans-m\">\n<li class=\"_item_o9xde_30\">Det er sendt ut gult farevarsel for is i deler av Helgeland og Nord-Tr\u00f8ndelag.<\/li>\n<li class=\"_item_o9xde_30\">Glatt f\u00f8re ventes onsdag, spesielt i Nordland.<\/li>\n<li class=\"_item_o9xde_30\">Meteorologene oppfordrer alle til \u00e5 bytte til vinterdekk.<\/li>\n<\/ul>\n<p>Vis mer <\/p>\n<p class=\"_paragraph_o9xde_4 _paragraph_xtcu6_10 layout-component text-serif-m layout-normal text-serif-m layout-padded\">Har du enn\u00e5 ikke rukket \u00e5 bytte til vinterdekkene, begynner det \u00e5 haste skikkelig. <\/p>\n<p class=\"_paragraph_o9xde_4 _paragraph_xtcu6_10 layout-component text-serif-m layout-normal text-serif-m layout-padded\">Tirsdag formiddag sendte nemlig meteorologene ut et gult farevarsel for is, forel\u00f8pig for deler av Helgeland og Nord-Tr\u00f8ndelag.<\/p>\n<p class=\"_paragraph_o9xde_4 _paragraph_xtcu6_10 layout-component text-serif-m layout-normal text-serif-m layout-padded\"><strong class=\"_strong_o9xde_25\">Men flere deler av landet kan bli utsatt for det samme de kommende dagene.<\/strong><\/p>\n<p class=\"_paragraph_o9xde_4 _paragraph_xtcu6_10 layout-component text-serif-m layout-normal text-serif-m layout-padded\">\u2013 Det er mulighet for glatte veier p\u00e5 onsdag, spesielt i Nordland, sier vakthavende meteorolog Julie Solsvik V\u00e5gane.<\/p>\n<p><img decoding=\"async\" alt=\"Bilde av Julie Solsvik V\u00e5gane\" class=\"_image_ygndg_42\" height=\"27\" itemprop=\"image\" loading=\"lazy\"  src=\"https:\/\/www.europesays.com\/no\/wp-content\/uploads\/2025\/11\/ae46650d-1d8b-4bd8-84cb-c5b743873fd1\"  width=\"40\"\/><strong class=\"_name_ygndg_51 title-serif-xs\">Julie Solsvik V\u00e5gane<\/strong><\/p>\n<p class=\"_paragraph_o9xde_4 text-sans-m _description_ygndg_56\">Vakthavende meteorolog<\/p>\n<p class=\"_paragraph_o9xde_4 _paragraph_xtcu6_10 layout-component text-serif-m layout-normal text-serif-m layout-padded\">Glatte veier skyldes den varme luften fra vest som trekker innover i landet.<\/p>\n<p class=\"_paragraph_o9xde_4 _paragraph_xtcu6_10 layout-component text-serif-m layout-normal text-serif-m layout-padded\">N\u00e5r bakken er kald og det kommer nedb\u00f8r, fryser det p\u00e5 veien, og da blir det glatt.<\/p>\n<p class=\"_paragraph_o9xde_4 _paragraph_xtcu6_10 layout-component text-serif-m layout-normal layout-padded\"><strong class=\"_strong_o9xde_25\">Les ogs\u00e5:<\/strong> <a href=\"https:\/\/www.vg.no\/i\/rPvX1w\" data-track-element-type=\"Link\" data-track-id=\"link:rPvX1w\" class=\"_link_o9xde_39\" rel=\"nofollow noopener\" target=\"_blank\">N\u00e5 blir det kaldere<\/a><\/p>\n<p class=\"_paragraph_o9xde_4 _paragraph_xtcu6_10 layout-component text-serif-m layout-normal text-serif-m layout-padded\">\u2013 Observasjonene er forel\u00f8pig langs kysten, opplyser V\u00e5gane.<\/p>\n<p class=\"_paragraph_o9xde_4 _paragraph_xtcu6_10 layout-component text-serif-m layout-normal text-serif-m layout-padded\">Hun legger til at de skiftende forholdene lengst nord i landet ogs\u00e5 kan medf\u00f8re glatt f\u00f8re.<\/p>\n<p class=\"_paragraph_o9xde_4 _paragraph_xtcu6_10 layout-component text-serif-m layout-normal text-serif-m layout-padded\">Det er imidlertid ikke bare langs kysten og i Nord det begynner \u00e5 bli vinter.<\/p>\n<p class=\"_paragraph_o9xde_4 _paragraph_xtcu6_10 layout-component text-serif-m layout-normal text-serif-m layout-padded\">V\u00e5gane forteller at hele v\u00e5rt landstrakte land n\u00e5 g\u00e5r inn mot en kj\u00f8ligere uke.<\/p>\n<p class=\"_paragraph_o9xde_4 _paragraph_xtcu6_10 layout-component text-serif-m layout-normal text-serif-m layout-padded\"><strong class=\"_strong_o9xde_25\">\u2013 Alle m\u00e5 v\u00e6re forberedt p\u00e5 at det kan bli nattefrost, og en del steder kan f\u00e5 sn\u00f8byger.<\/strong><\/p>\n<p class=\"_paragraph_o9xde_4 _paragraph_xtcu6_10 layout-component text-serif-m layout-normal text-serif-m layout-padded\">Meteorologene melder p\u00e5 X at det er kaldlufta som tar over utover onsdag kveld og inn i torsdagen.<\/p>\n<p class=\"_paragraph_o9xde_4 _paragraph_xtcu6_10 layout-component text-serif-m layout-normal text-serif-m layout-padded\">\u2013 Sn\u00f8grensa synker, og regn kan bli til sn\u00f8 helt ned i 300 meter over havet, skriver de.<\/p>\n<p class=\"_paragraph_o9xde_4 _paragraph_xtcu6_10 layout-component text-serif-m layout-normal text-serif-m layout-padded\">Solsvik V\u00e5gane har dermed en klar beskjed til alle trafikanter p\u00e5 hjul:<\/p>\n<p class=\"_paragraph_o9xde_4 _paragraph_xtcu6_10 layout-component text-serif-m layout-normal text-serif-m layout-padded\">\u2013 N\u00e5 er det definitivt p\u00e5 tide \u00e5 bytte til vinterdekk!<\/p>\n<p class=\"_paragraph_o9xde_4 _paragraph_xtcu6_10 layout-component text-serif-m layout-normal text-serif-m layout-padded\">Mandag var det hele <a href=\"https:\/\/www.vg.no\/nyheter\/i\/dRgpXj\/fire-utforkjoeringer-paa-e6\" data-track-element-type=\"Link\" data-track-id=\"link:dRgpXj\" class=\"_link_o9xde_39\" rel=\"nofollow noopener\" target=\"_blank\">fire utforkj\u00f8ringer p\u00e5 en 600 meter <\/a>strekning i Bardu. \u00c5rsaken var glatte kj\u00f8reforhold p\u00e5 stedet. Blant de fire kj\u00f8ret\u00f8yene var en lastebil og et milit\u00e6rkj\u00f8ret\u00f8y.<\/p>\n<p class=\"_paragraph_o9xde_4 _paragraph_xtcu6_10 layout-component text-serif-m layout-normal text-serif-m layout-padded\"><strong class=\"_strong_o9xde_25\">Se da en skolebuss fikk problemer p\u00e5 glattisen i desember i fjor:<\/strong><\/p>\n","protected":false},"excerpt":{"rendered":"Pass opp! N\u00e5 blir det glatt. Slik s\u00e5 det ut 26. desember p\u00e5 E18 i Follo i fjor.&hellip;\n","protected":false},"author":2,"featured_media":84370,"comment_status":"","ping_status":"","sticky":false,"template":"","format":"standard","meta":{"footnotes":""},"categories":[10],"tags":[20,21,24,25,15,22,23,1202,13,30,28,29,14,16,26,27,553,4077],"class_list":{"0":"post-84369","1":"post","2":"type-post","3":"status-publish","4":"format-standard","5":"has-post-thumbnail","7":"category-norge","8":"tag-breaking-news","9":"tag-breakingnews","10":"tag-featured-news","11":"tag-featurednews","12":"tag-headlines","13":"tag-latest-news","14":"tag-latestnews","15":"tag-meteorologisk-institutt","16":"tag-news","17":"tag-no","18":"tag-norge","19":"tag-norway","20":"tag-nyheter","21":"tag-overskrifter","22":"tag-top-stories","23":"tag-topstories","24":"tag-vaer","25":"tag-vinterdekk"},"share_on_mastodon":{"url":"https:\/\/pubeurope.com\/@no\/115532047824822176","error":""},"_links":{"self":[{"href":"https:\/\/www.europesays.com\/no\/wp-json\/wp\/v2\/posts\/84369","targetHints":{"allow":["GET"]}}],"collection":[{"href":"https:\/\/www.europesays.com\/no\/wp-json\/wp\/v2\/posts"}],"about":[{"href":"https:\/\/www.europesays.com\/no\/wp-json\/wp\/v2\/types\/post"}],"author":[{"embeddable":true,"href":"https:\/\/www.europesays.com\/no\/wp-json\/wp\/v2\/users\/2"}],"replies":[{"embeddable":true,"href":"https:\/\/www.europesays.com\/no\/wp-json\/wp\/v2\/comments?post=84369"}],"version-history":[{"count":0,"href":"https:\/\/www.europesays.com\/no\/wp-json\/wp\/v2\/posts\/84369\/revisions"}],"wp:featuredmedia":[{"embeddable":true,"href":"https:\/\/www.europesays.com\/no\/wp-json\/wp\/v2\/media\/84370"}],"wp:attachment":[{"href":"https:\/\/www.europesays.com\/no\/wp-json\/wp\/v2\/media?parent=84369"}],"wp:term":[{"taxonomy":"category","embeddable":true,"href":"https:\/\/www.europesays.com\/no\/wp-json\/wp\/v2\/categories?post=84369"},{"taxonomy":"post_tag","embeddable":true,"href":"https:\/\/www.europesays.com\/no\/wp-json\/wp\/v2\/tags?post=84369"}],"curies":[{"name":"wp","href":"https:\/\/api.w.org\/{rel}","templated":true}]}}