{"id":84393,"date":"2025-11-11T17:19:14","date_gmt":"2025-11-11T17:19:14","guid":{"rendered":"https:\/\/www.europesays.com\/no\/84393\/"},"modified":"2025-11-11T17:19:14","modified_gmt":"2025-11-11T17:19:14","slug":"det-engelske-flagget-skaper-no-go-soner-for-de-ansatte","status":"publish","type":"post","link":"https:\/\/www.europesays.com\/no\/84393\/","title":{"rendered":"Det engelske flagget skaper &laquo;no go soner&raquo; for de ansatte"},"content":{"rendered":"<p><strong>Helseledere i Storbritannia advarer mot at bruken av St. Georgs-flagg flere steder i landet skaper utrygghet for ansatte i helsevesenet. If\u00f8lge flere ledere ved NHS-truster f\u00f8ler mange seg \u00abbevisst ekskludert\u00bb n\u00e5r flaggene vaier utenfor hjemmene de bes\u00f8ker i jobbsammenheng.<\/strong><\/p>\n<p>En unders\u00f8kelse blant ledere i den britiske helsesektoren viser at 77 prosent er bekymret for diskriminering fra pasienter og publikum. Helseminister Wes Streeting har tidligere omtalt det som en \u00abstygg retur av 1970- og 1980-tallsrasisme\u00bb rettet mot ansatte.<\/p>\n<p>En anonym leder i NHS sier situasjonen er s\u00e6rlig krevende for sykepleiere som jobber ute i lokalsamfunnene.<br \/>\u2013 Vi s\u00e5 under perioden da flaggene kom opp, at v\u00e5re ansatte \u2013 hvorav mange er svarte eller asiatiske \u2013 f\u00f8lte seg bevisst skremt. Det f\u00f8ltes som flaggene skapte soner der de ikke var velkomne, sier lederen til <a href=\"https:\/\/www.telegraph.co.uk\/news\/2025\/11\/11\/st-georges-flags-create-no-go-zone-for-staff-nhs-claims\/\" rel=\"nofollow noopener\" target=\"_blank\">The Telegraph.<\/a><\/p>\n<blockquote class=\"twitter-tweet\">\n<p lang=\"en\" dir=\"ltr\">Are they seriously suggesting that if you go into a house with a St George&#8217;s flag then there is a genuine risk the inhabitant will be a sex offender who will assault you for being non-white? I welcome these anonymous NHS leaders providing some evidence of this anti-British libel. <a href=\"https:\/\/t.co\/uh6QwCcMO9\" rel=\"nofollow\">pic.twitter.com\/uh6QwCcMO9<\/a><\/p>\n<p>\u2014 Guy Dampier (@dampierguy) <a href=\"https:\/\/twitter.com\/dampierguy\/status\/1988172255331778890?ref_src=twsrc%5Etfw\" rel=\"nofollow noopener\" target=\"_blank\">November 11, 2025<\/a><\/p><\/blockquote>\n<p>Han beskriver situasjoner der ansatte har blitt fulgt etter og utsatt for gjentatt trakassering etter \u00e5 ha bedt folk flytte flagg for \u00e5 kunne parkere. Flere ledere peker p\u00e5 at flaggene, selv om de for mange er symbolske, har blitt brukt p\u00e5 m\u00e5ter som oppleves truende for ansatte med minoritetsbakgrunn.<\/p>\n<p>Daniel Elkes, administrerende direkt\u00f8r i NHS Providers, understreker at helsevesenet er helt avhengig av utenlandsk arbeidskraft.<br \/>\u2013 NHS har en sv\u00e6rt mangfoldig arbeidsstyrke, og uten den kan vi ikke levere helsetjenester. Vi m\u00e5 rekruttere fra de samme samfunnene vi behandler for \u00e5 speile det britiske mangfoldet, sier Elkes.<\/p>\n<p>NHS-ledelsen frykter at kombinasjonen av arbeidskonflikter og \u00f8kende trakassering kan svekke helsevesenets evne til \u00e5 rekruttere og beholde ansatte i en allerede presset situasjon.<\/p>\n<p><script async src=\"https:\/\/platform.twitter.com\/widgets.js\" charset=\"utf-8\"><\/script><\/p>\n","protected":false},"excerpt":{"rendered":"Helseledere i Storbritannia advarer mot at bruken av St. Georgs-flagg flere steder i landet skaper utrygghet for ansatte&hellip;\n","protected":false},"author":2,"featured_media":84394,"comment_status":"","ping_status":"","sticky":false,"template":"","format":"standard","meta":{"footnotes":""},"categories":[12],"tags":[20,21,24,25,15,22,23,13,11290,30,28,29,14,16,11291,865,26,27,42,43,44,45],"class_list":{"0":"post-84393","1":"post","2":"type-post","3":"status-publish","4":"format-standard","5":"has-post-thumbnail","7":"category-verden","8":"tag-breaking-news","9":"tag-breakingnews","10":"tag-featured-news","11":"tag-featurednews","12":"tag-headlines","13":"tag-latest-news","14":"tag-latestnews","15":"tag-news","16":"tag-nhs","17":"tag-no","18":"tag-norge","19":"tag-norway","20":"tag-nyheter","21":"tag-overskrifter","22":"tag-st-george-flagget","23":"tag-storbritannia","24":"tag-top-stories","25":"tag-topstories","26":"tag-verden","27":"tag-world","28":"tag-world-news","29":"tag-worldnews"},"share_on_mastodon":{"url":"https:\/\/pubeurope.com\/@no\/115532212804304001","error":""},"_links":{"self":[{"href":"https:\/\/www.europesays.com\/no\/wp-json\/wp\/v2\/posts\/84393","targetHints":{"allow":["GET"]}}],"collection":[{"href":"https:\/\/www.europesays.com\/no\/wp-json\/wp\/v2\/posts"}],"about":[{"href":"https:\/\/www.europesays.com\/no\/wp-json\/wp\/v2\/types\/post"}],"author":[{"embeddable":true,"href":"https:\/\/www.europesays.com\/no\/wp-json\/wp\/v2\/users\/2"}],"replies":[{"embeddable":true,"href":"https:\/\/www.europesays.com\/no\/wp-json\/wp\/v2\/comments?post=84393"}],"version-history":[{"count":0,"href":"https:\/\/www.europesays.com\/no\/wp-json\/wp\/v2\/posts\/84393\/revisions"}],"wp:featuredmedia":[{"embeddable":true,"href":"https:\/\/www.europesays.com\/no\/wp-json\/wp\/v2\/media\/84394"}],"wp:attachment":[{"href":"https:\/\/www.europesays.com\/no\/wp-json\/wp\/v2\/media?parent=84393"}],"wp:term":[{"taxonomy":"category","embeddable":true,"href":"https:\/\/www.europesays.com\/no\/wp-json\/wp\/v2\/categories?post=84393"},{"taxonomy":"post_tag","embeddable":true,"href":"https:\/\/www.europesays.com\/no\/wp-json\/wp\/v2\/tags?post=84393"}],"curies":[{"name":"wp","href":"https:\/\/api.w.org\/{rel}","templated":true}]}}