{"id":84419,"date":"2025-11-11T17:49:12","date_gmt":"2025-11-11T17:49:12","guid":{"rendered":"https:\/\/www.europesays.com\/no\/84419\/"},"modified":"2025-11-11T17:49:12","modified_gmt":"2025-11-11T17:49:12","slug":"vaer-vakthavende-meteorolog-meteorologen-det-blir-jojo-vaer","status":"publish","type":"post","link":"https:\/\/www.europesays.com\/no\/84419\/","title":{"rendered":"V\u00e6r, Vakthavende meteorolog | Meteorologen: \u2013 Det blir jojo-v\u00e6r"},"content":{"rendered":"\n<p>\u2013 Det blir litt jojov\u00e6r.<\/p>\n<p><b>Slik oppsummerer vakthavende meteorolog Leonidas Tsopouridis den kommende uka.<\/b><\/p>\n<p>Som vi har merket, tirsdag er gr\u00e5 og relativt mild, med rundt ti grader. Temperaturen vil fortsette til rundt midnatt, og det kan komme noen spredte regnbyger utover kvelden.<\/p>\n<p>Regn og vind<\/p>\n<p>\u2013 Natt til onsdag og utover formiddagen vil det komme et lavtrykk fra vest med regn og regnbyger. Regnv\u00e6ret vil bli kraftigst mellom klokken syv og elleve onsdag morgen, sier Tsopouridis.<\/p>\n<p><b>Dessuten vil det komme mye vind p\u00e5 starten av onsdag, rundt 20 meter i sekundet.<\/b><\/p>\n<p>\u2013 Det er mye, men ikke slik at det blir farevarsel. Starten av dagen byr alts\u00e5 p\u00e5 mye regn og vind, sier meteorologen.<\/p>\n<p>Den store overgangsdagen<\/p>\n<p>Fra onsdag ettermiddag vil vinden minke.<\/p>\n<p><b>\u2013 Da blir det ogs\u00e5 mindre regn og litt bl\u00e5 himmel innimellom. Vinden blir s\u00f8rvestlig og temperaturen vil stige opp mot 13 grader p\u00e5 ettermiddagen, sier han.<\/b><\/p>\n<p>S\u00e5 kommer torsdag og det han kaller den store overgangsdagen.<\/p>\n<p>\u2013 Dagen starter med 9-10 grader og lett regn. Nordavinden kommer og temperaturen kan g\u00e5 ned til 3-4 grader. Dagen begynner med septemberv\u00e6r og slutter med novemberv\u00e6r, sier Tsopouridis<\/p>\n<p>Kan bli nattefrost<\/p>\n<p>Fredag kommer en kald luftmasse inn over omr\u00e5det. Samtidig vil det bli penere v\u00e6r og perioder med sol. Natt til fredag kan det bli nattefrost.<\/p>\n<p>\u2013 Kulda holder seg en uke framover, med maks 2-3 grader. Men det er ikke fare for sn\u00f8, sier meteorologen.<\/p>\n<p>  <a href=\"https:\/\/www.tb.no\/5-76-2722894\" class=\"related-teaser has-image default-story-teaser article--c-eRUmMG article--c-eRUmMG-jKCPdD-design-default\" rel=\"nofollow noopener\" target=\"_blank\"><\/p>\n<p>    <img decoding=\"async\" loading=\"lazy\"  src=\"https:\/\/www.europesays.com\/no\/wp-content\/uploads\/2025\/11\/DSC_0057.JPG\" alt=\"\" class=\"brick-c-cFOWSL\" style=\"\"\/><\/p>\n<p>\n            Les ogs\u00e5<\/p>\n<p>              M\u00e5 stenge brua igjen \u2013 og igjen og igjen og igjen og igjen\n        <\/p>\n<p>  <\/a><\/p>\n<p>  <a href=\"https:\/\/www.tb.no\/5-76-2722819\" class=\"related-teaser has-image default-story-teaser article--c-eRUmMG article--c-eRUmMG-jKCPdD-design-default\" rel=\"nofollow noopener\" target=\"_blank\"><\/p>\n<p>    <img decoding=\"async\" loading=\"lazy\"  src=\"https:\/\/www.europesays.com\/no\/wp-content\/uploads\/2025\/11\/63ad0121-e18b-49b9-832a-c96265d6a7e5.jpeg\" alt=\"\" class=\"brick-c-cFOWSL\" style=\"\"\/><\/p>\n<p>\n            Les ogs\u00e5<\/p>\n<p>              Frykter dette i lang tid framover: \u2013 Begrenset vilje til \u00e5 gj\u00f8re noe\n        <\/p>\n<p>  <\/a><\/p>\n","protected":false},"excerpt":{"rendered":"\u2013 Det blir litt jojov\u00e6r. Slik oppsummerer vakthavende meteorolog Leonidas Tsopouridis den kommende uka. Som vi har merket,&hellip;\n","protected":false},"author":2,"featured_media":84420,"comment_status":"","ping_status":"","sticky":false,"template":"","format":"standard","meta":{"footnotes":""},"categories":[10],"tags":[36,20,21,24,25,15,22,23,13,30,28,29,11293,14,16,1510,26,27,11292,553,101],"class_list":{"0":"post-84419","1":"post","2":"type-post","3":"status-publish","4":"format-standard","5":"has-post-thumbnail","7":"category-norge","8":"tag-art","9":"tag-breaking-news","10":"tag-breakingnews","11":"tag-featured-news","12":"tag-featurednews","13":"tag-headlines","14":"tag-latest-news","15":"tag-latestnews","16":"tag-news","17":"tag-no","18":"tag-norge","19":"tag-norway","20":"tag-november","21":"tag-nyheter","22":"tag-overskrifter","23":"tag-story","24":"tag-top-stories","25":"tag-topstories","26":"tag-vakthavende-meteorolog","27":"tag-vaer","28":"tag-vaermelding"},"share_on_mastodon":{"url":"https:\/\/pubeurope.com\/@no\/115532330715580885","error":""},"_links":{"self":[{"href":"https:\/\/www.europesays.com\/no\/wp-json\/wp\/v2\/posts\/84419","targetHints":{"allow":["GET"]}}],"collection":[{"href":"https:\/\/www.europesays.com\/no\/wp-json\/wp\/v2\/posts"}],"about":[{"href":"https:\/\/www.europesays.com\/no\/wp-json\/wp\/v2\/types\/post"}],"author":[{"embeddable":true,"href":"https:\/\/www.europesays.com\/no\/wp-json\/wp\/v2\/users\/2"}],"replies":[{"embeddable":true,"href":"https:\/\/www.europesays.com\/no\/wp-json\/wp\/v2\/comments?post=84419"}],"version-history":[{"count":0,"href":"https:\/\/www.europesays.com\/no\/wp-json\/wp\/v2\/posts\/84419\/revisions"}],"wp:featuredmedia":[{"embeddable":true,"href":"https:\/\/www.europesays.com\/no\/wp-json\/wp\/v2\/media\/84420"}],"wp:attachment":[{"href":"https:\/\/www.europesays.com\/no\/wp-json\/wp\/v2\/media?parent=84419"}],"wp:term":[{"taxonomy":"category","embeddable":true,"href":"https:\/\/www.europesays.com\/no\/wp-json\/wp\/v2\/categories?post=84419"},{"taxonomy":"post_tag","embeddable":true,"href":"https:\/\/www.europesays.com\/no\/wp-json\/wp\/v2\/tags?post=84419"}],"curies":[{"name":"wp","href":"https:\/\/api.w.org\/{rel}","templated":true}]}}