{"id":84425,"date":"2025-11-11T17:56:09","date_gmt":"2025-11-11T17:56:09","guid":{"rendered":"https:\/\/www.europesays.com\/no\/84425\/"},"modified":"2025-11-11T17:56:09","modified_gmt":"2025-11-11T17:56:09","slug":"sp-krav-pa-20-milliarder-vedum-vil-slanke-staten-nrk-norge-oversikt-over-nyheter-fra-ulike-deler-av-landet","status":"publish","type":"post","link":"https:\/\/www.europesays.com\/no\/84425\/","title":{"rendered":"Sp-krav p\u00e5 20 milliarder \u2013 Vedum vil slanke staten \u2013 NRK Norge \u2013 Oversikt over nyheter fra ulike deler av landet"},"content":{"rendered":"<p><strong>\u2013 Vi vil slanke staten p\u00e5 toppen og bruke pengene p\u00e5 \u00e5 l\u00f8se hverdagsutfordringene til folk, sier Sp-leder Trygve Slagsvold Vedum.<\/strong><\/p>\n<p>Tirsdag la han fram Senterpartiets alternative budsjett sammen med finanspolitisk talsperson Bj\u00f8rn Arild Gram. Og Sp-duoen har ikke sm\u00e5 ambisjoner foran budsjettforhandlingene med Arbeiderpartiet, SV, MDG og R\u00f8dt:<\/p>\n<p>Senterpartiets samlede krav og omprioriteringer ligger nemlig et sted mellom 15 og 20 milliarder kroner. Til sammenligning fikk SV bare flyttet p\u00e5 8 milliarder i fjor, da Vedum selv var finansminister.<\/p>\n<p><img decoding=\"async\"   src=\"data:image\/gif;base64,R0lGODlhAQABAIAAAAAAAP\/\/\/yH5BAEAAAAALAAAAAABAAEAAAIBRAA7\" loading=\"eager\" alt=\"Flere personer diskuterer rundt et bord i en konferansesal. To menn st\u00e5r opp og snakker med hverandre, mens andre sitter. En kvinne i bl\u00e5 kjole er ogs\u00e5 til stede i bakgrunnen. M\u00f8rke gardiner og en scenestart er synlig i omgivelsene.\" title=\"Foto: Gorm Kallestad \/ NTB\"\/><\/p>\n<p class=\"\">ALTERNATIV: Trygve Slagsvold Vedum og finanspolitisk talsperson Bj\u00f8rn Arild Gram vil ha kutt og omprioriteringer p\u00e5 n\u00e6rmere 20 milliarder kroner i statsbudsjettet.<\/p>\n<p>Foto: Gorm Kallestad \/ NTB<\/p>\n<p>Slankere stat<\/p>\n<p>Senterpartiet gj\u00f8r opp sitt alternative budsjett uten ekstra bruk av oljepenger, og trekker selv fram n\u00f8dvendigheten av \u00e5 \u00abkutte i statlig byr\u00e5krati og konsulentbruk\u00bb.<\/p>\n<p>I alt 4 milliarder kroner skal hentes inn p\u00e5 kutt innenfor alle departementenes budsjetter.<\/p>\n<p><strong>Men der byr\u00e5kratikutt og innsparinger i Klima- og milj\u00f8departementet alene n\u00e6rmer seg 3,5 milliarder kroner, har Senterpartiet kun funnet rom til kutt p\u00e5 21,6 millioner kroner i Landbruksdepartementet.<\/strong><\/p>\n<p>\u2013 Er det fordi at dere har et ekstra hjerte for landbruk, at dere sk\u00e5ner det departementet mer enn andre?<\/p>\n<p>\u2013 Vi har kuttet reelt i de periodene som vi hadde landbruksministeren. Vi har gjennomf\u00f8rt kutt i landbruksforvaltningen, for vi mente at det var riktig og viktig. Men ett av departementene som har vokst desidert mest, er Klima- og milj\u00f8departementet. Det har nesten doblet seg i l\u00f8pet av noen stortingsperioder, sier Vedum.<\/p>\n<p>\u00abKommunene!\u00bb st\u00e5r det \u00f8verst p\u00e5 arket n\u00e5r Sps Bj\u00f8rn Arild Gram skal forhandle om statsbudsjettet.<\/p>\n<p>Kutter i Riksrevisjonen<\/p>\n<p>Senterpartiets kutt treffer alle departementer og en rekke underliggende etater. Men noen rammes hardere enn andre.<\/p>\n<p><strong>Samme dag som Riksrevisjonen kom med en Nav-rapport som bidro til direkt\u00f8rens avgang, foresl\u00e5r Senterpartiet \u00e5 kutte overf\u00f8ringene til Riksrevisjonen med 150 millioner kroner.<\/strong><\/p>\n<p>\u2013 Riksrevisjonen har tiltatt seg en rolle som er mer og mer politisk, de mener ting mye mer. Og vi vil ha en slankere og mer effektiv Riksrevisjon. Jeg er spent p\u00e5 hva de andre partiene mener om dette, for det er jo en prinsipiell debatt ogs\u00e5, sier Vedum.<\/p>\n<p>\u2013 Hvis det er s\u00e5 lett \u00e5 hente inn 4 milliarder p\u00e5 kutt i byr\u00e5krati og konsulentbruk, hvorfor gjorde du ikke det da du selv hadde muligheten som finansminister?<\/p>\n<p>\u2013 Det var flere ting vi gjorde: Vi stoppet jo de 4\u20135 milliardene som ble beregnet til byggetrinn 3 i regjeringskvartalet, som n\u00e5 settes i gang igjen.<\/p>\n<p>\u2013 Men regjeringen viser til Statsbygg og sier at det er dyrere \u00e5 stanse dette byggetrinnet, slik dere krever, enn \u00e5 gjennomf\u00f8re det?<\/p>\n<p>\u2013 Det var ogs\u00e5 argumentet til noen for tre \u00e5r siden. \u00abN\u00e5r vi allerede har kommet s\u00e5 langt, s\u00e5 skal vi bare fortsette\u00bb. Det har v\u00e6rt problemet hele veien i dette prosjektet.<\/p>\n<p>\u2013 S\u00e5 du tror ikke p\u00e5 det Statsbygg sier?<\/p>\n<p>\u2013 Nei, for det er s\u00e5 stor egenvilje til \u00e5 f\u00e5 gjennomf\u00f8rt hele bygget.<\/p>\n<p>Matmoms og kommuner<\/p>\n<p>Blant hovedprioritetene til Senterpartiet finner vi en gammel kjenning fra i v\u00e5r: Sp vil kutte matmomsen fra 15 til 10 prosent. Grepet vil \u00abkun\u00bb belaste 2026-budsjettet med 1,7 milliarder kroner fordi endringen f\u00f8rst skal inntre fra 1. september.<\/p>\n<p>Men p\u00e5 hel\u00e5rsbasis vil dette grepet alene koste rundt 9 milliarder kroner. Kravet ble ogs\u00e5 fremmet i forhandlingene om revidert nasjonalbudsjett, uten at Sp fikk gjennomslag for noe mer enn utredning.<\/p>\n<p>Lavere drivstoffavgifter, \u00f8kt reisefradrag og kutt i inntektsskatten for alle som tjener under 1 million i \u00e5ret er andre krav fra Senterpartiet.<\/p>\n<p><img decoding=\"async\"   src=\"data:image\/gif;base64,R0lGODlhAQABAIAAAAAAAP\/\/\/yH5BAEAAAAALAAAAAABAAEAAAIBRAA7\" loading=\"eager\" alt=\"En person holder opp en brosjyre med tittelen &quot;Eit budsjett for heile Noreg&quot;. Bakgrunnen har gr\u00f8nn farge med logoen til Senterpartiet. Det er en innend\u00f8rs setting med dype gardiner i bakgrunnen. Personen er kledd i formell att\u00e5t og st\u00e5r i fokus.\" title=\"Foto: Helge Tvedten \/ NRK\"\/><\/p>\n<p class=\"\">STOLT: Bj\u00f8rn Arild Gram med Senterpartiets alternative budsjett.<\/p>\n<p>Foto: Helge Tvedten \/ NRK<\/p>\n<p><strong>Samlet bel\u00f8per Sps skatte- og avgiftskrav seg til 4,2 milliarder kroner i neste \u00e5rs statsbudsjett. Hel\u00e5rseffekten er alts\u00e5 langt h\u00f8yere.<\/strong><\/p>\n<p>Skatte- og avgiftslettelsene kommer p\u00e5 toppen krav om styrket kommune\u00f8konomi p\u00e5 6,5 milliarder kroner, en halv milliard til politiet samt 1,2 milliarder ekstra til sykehusene. Sp vil ogs\u00e5 ha en fylkesveimilliard, halverte hurtigb\u00e5tpriser og fortsatt bredb\u00e5ndsutbygging.<\/p>\n<p>Finanspolitisk talsperson Bj\u00f8rn Arild Gram ansl\u00e5r at Sps samlede krav og omprioriteringer bel\u00f8per seg til et sted mellom 15 og 20 milliarder kroner i 2026.<\/p>\n<p>\u2013 Det er ganske langt fra byr\u00e5kratikutt p\u00e5 4 milliarder til budsjettkrav p\u00e5 n\u00e6rmere 20 milliarder. Hvordan skal dere dekke inn satsingene deres?<\/p>\n<p>\u2013 Det er mange omprioriteringer innenfor dette budsjettet. Vi \u00f8nsker mer til skole, omsorg og lokal velferd, sier Vedum.<\/p>\n<p>Press mot renta<\/p>\n<p>Senere i uka skal R\u00f8dt, SV og MDG etter tur legge fram sine budsjettkrav og alternative budsjetter. Det er ventet at samlede krav og omdisponeringer fra regjeringens fire samarbeidspartier med god margin vil overstige 40 milliarder kroner.<\/p>\n<p>Det gj\u00f8r sjef\u00f8konom Kjersti Haugland i DNB Carnegie urolig med tanke p\u00e5 renta.<\/p>\n<p><strong>\u2013 Det er en \u00e5penbar risiko for at det blir brukt betydelig mer penger over statsbudsjettet for 2026 enn det som var planen da budsjettet ble lagt fram i oktober. Jo mer penger som blir brukt ut i \u00f8konomien, jo lenger vil renta bli liggende p\u00e5 dagens niv\u00e5, sier hun.<\/strong><\/p>\n<p><img decoding=\"async\"   src=\"data:image\/gif;base64,R0lGODlhAQABAIAAAAAAAP\/\/\/yH5BAEAAAAALAAAAAABAAEAAAIBRAA7\" loading=\"eager\" alt=\"Kjersti Haugland (f\u00f8dt 1978) er en norsk samfunns\u00f8konom, fra 2017 sjef\u00f8konom i DNB Markets.\" title=\"Foto: Alf Simensen \/ Alf Simensen \/ NRK\"\/><\/p>\n<p class=\"\">UROLIG: Pengebruken over offentlige budsjetter bekymrer sjef\u00f8konom Kjersti Haugland i DNB Carnegie.<\/p>\n<p>Foto: Alf Simensen \/ Alf Simensen \/ NRK<\/p>\n<p>Finanspolitisk talsperson Bj\u00f8rn Arild Gram i Sp er ikke urolig for h\u00f8yere rente:<\/p>\n<p><strong>\u2013 At det blir krevende forhandlinger med fem forskjellige partier, er det ingen som helst tvil om. Men Senterpartiet vil ta ansvar for et ansvarlig opplegg.<\/strong><\/p>\n<p>Selve forhandlingene om statsbudsjettet skal etter planen starte p\u00e5 fredag, samme dag som MDG legger fram sitt alternative budsjett, som det siste av regjeringens samarbeidspartier.<\/p>\n<p>Publisert<\/p>\n<p>11.11.2025, kl. 17.41<\/p>\n","protected":false},"excerpt":{"rendered":"\u2013 Vi vil slanke staten p\u00e5 toppen og bruke pengene p\u00e5 \u00e5 l\u00f8se hverdagsutfordringene til folk, sier Sp-leder&hellip;\n","protected":false},"author":2,"featured_media":84426,"comment_status":"","ping_status":"","sticky":false,"template":"","format":"standard","meta":{"footnotes":""},"categories":[10],"tags":[20,21,24,25,15,22,23,13,30,28,29,14,16,26,27],"class_list":{"0":"post-84425","1":"post","2":"type-post","3":"status-publish","4":"format-standard","5":"has-post-thumbnail","7":"category-norge","8":"tag-breaking-news","9":"tag-breakingnews","10":"tag-featured-news","11":"tag-featurednews","12":"tag-headlines","13":"tag-latest-news","14":"tag-latestnews","15":"tag-news","16":"tag-no","17":"tag-norge","18":"tag-norway","19":"tag-nyheter","20":"tag-overskrifter","21":"tag-top-stories","22":"tag-topstories"},"share_on_mastodon":{"url":"https:\/\/pubeurope.com\/@no\/115532358157687088","error":""},"_links":{"self":[{"href":"https:\/\/www.europesays.com\/no\/wp-json\/wp\/v2\/posts\/84425","targetHints":{"allow":["GET"]}}],"collection":[{"href":"https:\/\/www.europesays.com\/no\/wp-json\/wp\/v2\/posts"}],"about":[{"href":"https:\/\/www.europesays.com\/no\/wp-json\/wp\/v2\/types\/post"}],"author":[{"embeddable":true,"href":"https:\/\/www.europesays.com\/no\/wp-json\/wp\/v2\/users\/2"}],"replies":[{"embeddable":true,"href":"https:\/\/www.europesays.com\/no\/wp-json\/wp\/v2\/comments?post=84425"}],"version-history":[{"count":0,"href":"https:\/\/www.europesays.com\/no\/wp-json\/wp\/v2\/posts\/84425\/revisions"}],"wp:featuredmedia":[{"embeddable":true,"href":"https:\/\/www.europesays.com\/no\/wp-json\/wp\/v2\/media\/84426"}],"wp:attachment":[{"href":"https:\/\/www.europesays.com\/no\/wp-json\/wp\/v2\/media?parent=84425"}],"wp:term":[{"taxonomy":"category","embeddable":true,"href":"https:\/\/www.europesays.com\/no\/wp-json\/wp\/v2\/categories?post=84425"},{"taxonomy":"post_tag","embeddable":true,"href":"https:\/\/www.europesays.com\/no\/wp-json\/wp\/v2\/tags?post=84425"}],"curies":[{"name":"wp","href":"https:\/\/api.w.org\/{rel}","templated":true}]}}