{"id":84513,"date":"2025-11-11T19:28:16","date_gmt":"2025-11-11T19:28:16","guid":{"rendered":"https:\/\/www.europesays.com\/no\/84513\/"},"modified":"2025-11-11T19:28:16","modified_gmt":"2025-11-11T19:28:16","slug":"jeg-var-klinisk-dod-i-17-sekunder","status":"publish","type":"post","link":"https:\/\/www.europesays.com\/no\/84513\/","title":{"rendered":"&#8211; Jeg var klinisk d\u00f8d i 17 sekunder"},"content":{"rendered":"<p>&#8211; Jeg var klinisk d\u00f8d i 17 sekunder, forteller Valen i boka \u2013<br \/>\n\u00abFra sp\u00f8k til maskinpistol\u00bb \u2013 som onsdag denne uka blir utgitt av Bonnier Norsk Forlag.<\/p>\n<p>Forfatter og mange\u00e5rige kriminaljournalist Per Asle Rustad skriver at Kristian Valen var d\u00f8den n\u00e6r, da politiet stormet inn i leiligheten til<br \/>\nValen (51) og hans samboer Karen \u00c5nesen (39) i eksklusive Bryggetorget 9 p\u00e5<br \/>\nAker Brygge i Oslo for snart seks \u00e5r siden.<\/p>\n<p>\u00abDrapsfors\u00f8k\u00bb\t<\/p>\n<p>&#8211; Jeg har g\u00e5tt gjennom dokumentasjon fra legen ved Ullev\u00e5l<br \/>\nsykehus, og politiets forklaringer. Politiet hevder Valen stakk seg selv i halsen fra et knust vindu. Det kan<br \/>\nikke stemme. Det var ikke noe vindu i leiligheten som var knust. Valen var<br \/>\np\u00e5satt h\u00e5ndjern, sier Rustad.<\/p>\n<p> Politiet<br \/>\ni Oslo er ikke enig med Valen, om hva som egentlig skjedde i leiligheten p\u00e5<br \/>\nAker Brygge, da komikeren bevisstl\u00f8s havnet p\u00e5 sykehus.<\/p>\n<p class=\"font-weight-bold m-font-weight-bold\" data-lab-font_weight=\"font-weight-bold\">Politiets tilsvar kommer i slutten av saken.<\/p>\n<p>          <img loading=\"lazy\" decoding=\"async\" src=\"https:\/\/www.europesays.com\/no\/wp-content\/uploads\/2025\/11\/83801426.webp\" width=\"980\" height=\"559\" title=\"I I EKSIL: Kristian Valen har valgt \u00e5 bosette seg i Estepona s\u00f8r for Marbella i Spania. Foto: Gunnar Hultgreen \/ Dagbladet\" alt=\"\" class=\"\" style=\"--aspect-ratio-image: 1.75; \"\/><\/p>\n<p>\n          I I EKSIL: Kristian Valen har valgt \u00e5 bosette seg i Estepona s\u00f8r for Marbella i Spania. Foto: Gunnar Hultgreen \/ Dagbladet\n      <\/p>\n<p>&#8211; Legens konklusjon var at han var p\u00e5f\u00f8rt en skj\u00e6reskade i<br \/>\nhalsen, som han fikk da politiet presset og gnidde hodet ned i sofaen hvor det<br \/>\nl\u00e5 glassrester etter en bilderamme som var knust, sier Rustad.<\/p>\n<p>    Kristian Valen<\/p>\n<p>* Kristian Valen (51) har i flere ti \u00e5r underholdt Norges<br \/>\nbefolkning. Han ble f\u00f8rst kjent p\u00e5 Tv Norge, da han hadde eget humor-program.<\/p>\n<p>* I flere \u00e5r bodde Valen i USA, og han har samarbeidet med en rekke amerikanske<br \/>\nartister, og utgitt flere plater. De siste \u00e5ra har Valen v\u00e6rt bosatt i Spania.<\/p>\n<p>      Vis mer<br \/>\n      Vis mindre<\/p>\n<p>Dramaet skjedde onsdag 19. februar 2020. <\/p>\n<p>Valen vet fortsatt ikke hva som var \u00e5rsaken til at tungt bev\u00e6pnet<br \/>\npoliti stormet inn i leiligheten. Han mener det ikke var noen grunn for at<br \/>\npolitiet kom.<\/p>\n<p>          <img loading=\"lazy\" decoding=\"async\" src=\"https:\/\/www.europesays.com\/no\/wp-content\/uploads\/2025\/11\/83801412.webp\" width=\"980\" height=\"559\" title=\"GLASS MOT HALSEN: - Det var dette bildet som ble knust, f\u00f8r politiet presset halsen min mot det knuste glasset, sier Kristian Valen. Foto: Per Asle Rustad\" alt=\"\" class=\"\" style=\"--aspect-ratio-image: 1.75; \"\/><\/p>\n<p>\n          GLASS MOT HALSEN: &#8211; Det var dette bildet som ble knust, f\u00f8r politiet presset halsen min mot det knuste glasset, sier Kristian Valen. Foto: Per Asle Rustad\n      <\/p>\n<p>Det har lenge v\u00e6rt kjent at Valen i mange \u00e5r hadde et<br \/>\nanstrengt forhold til politiet i Oslo.<br \/>\nI boka forteller komikeren for f\u00f8rste gang hvordan han har opplevd det.<\/p>\n<p>Til stede i leiligheten var Kristian Valen, hans samboer<br \/>\nKaren \u00c5nesen, flere polititjenestemenn, og en lege som politiet hadde med seg.<\/p>\n<p>Stormet<br \/>\ninn\t<\/p>\n<p>I boka beskriver forfatter Per Asle Rustad f\u00f8rst denne<br \/>\nonsdagen som en vanlig dag i Kristian Valens liv. Han slapper av med \u00e5 se p\u00e5<br \/>\nTV, mens samboeren Karen rydder p\u00e5 kj\u00f8kkenet. <\/p>\n<p>Da politiet stormer inn i leiligheten flykter Valen ut p\u00e5<br \/>\nterrassen. Hvor han i flere timer ber politiet om \u00e5 forlate leiligheten,<br \/>\nsamtidig som han h\u00e5per naboer kan filme det som skjer.<\/p>\n<p>    Per Asle Rustad<\/p>\n<p>* Per Asle Rustad (63) fra Drammen var i mange \u00e5r ansatt som<br \/>\nkriminalreporter i TV2. Han har ogs\u00e5 hatt egne krim-programmer p\u00e5 TV Norge.<\/p>\n<p>* Rustad har tidligere utgitt seks b\u00f8ker. Boka \u00abFra sp\u00f8k til<br \/>\nmaskinpistol\u00bb er Rustads syvende bok.<\/p>\n<p>      Vis mer<br \/>\n      Vis mindre<\/p>\n<p>&#8211; En person med lederstilling i Oslo-politiet hadde<br \/>\ntidligere skrevet i kommentarfeltet p\u00e5 Facebook at vedkommende h\u00e5pet p\u00e5 et<br \/>\nv\u00e5deskudd neste gang politiet var hos Valen. Han fryktet at politiet ville<br \/>\ngj\u00f8re alvor av det denne gangen, sier Rustad til Dagbladet.<\/p>\n<p>Etter flere timer p\u00e5 terrassen \u2013 hvor Valen hadde s\u00f8kt<br \/>\ntilflukt \u2013 blir han til slutt overtalt av politiet til \u00e5 komme inn i stua og<br \/>\nsette seg i sofaen.<\/p>\n<p>Glass i<br \/>\nhalsen\t<\/p>\n<p>I boka st\u00e5r det:<\/p>\n<p>\u00abBetjenten i sofaen hopper p\u00e5 ham og l\u00f8fter ham halvveis<br \/>\nopp. Samtidig bykser betjenten ved d\u00f8ra til og tar tak i Kristian nedenfra. I<br \/>\nneste sekund kjenner han at hodet blir sl\u00e5tt mot glass-rammen til det store<br \/>\nbildet over sofaen. Knust glass faller ned i sofaen. Kristian ramler p\u00e5 siden<br \/>\nned i sofaen over det knuste glasset\u00bb. <\/p>\n<p>Den ene betjenten skal if\u00f8lge boka vri armen til Valen bak<br \/>\np\u00e5 ryggen, mens en annen betjent setter p\u00e5 h\u00e5ndjern. En tredje kj\u00f8rer kneet i<br \/>\nnakken til Valen, mens den andre h\u00e5nda vris bakover og h\u00e5ndjernene klikkes p\u00e5. <\/p>\n<p>Videre st\u00e5r det i boka: <\/p>\n<p>          <img loading=\"lazy\" decoding=\"async\" src=\"https:\/\/www.europesays.com\/no\/wp-content\/uploads\/2025\/11\/83801416.webp\" width=\"686\" height=\"453\" title=\"- STYGG SAK: Forfatter Per Asle Rustad mener mener politiets behandling av Kristian Valen er en av de styggeste sakene han har sett. Foto: Bonnier Norsk Forlag\" alt=\"\" class=\"\" style=\"--aspect-ratio-image: 1.51; \"\/><\/p>\n<p>\n          &#8211; STYGG SAK: Forfatter Per Asle Rustad mener mener politiets behandling av Kristian Valen er en av de styggeste sakene han har sett. Foto: Bonnier Norsk Forlag\n      <\/p>\n<p>\u00abPolitibetjenten holder fortsatt kneet p\u00e5 den venstre<br \/>\nsiden av halsen til Kristian slik at h\u00f8yre siden av halsen ligger ned mot det<br \/>\nknuste glasset i sofaen. Kristian kjenner at betjenten tar tak i bakhodet hans<br \/>\nsamtidig som han fjerner kneet fra halsen\u00bb. <\/p>\n<p>Og:<\/p>\n<p>\u00abLigg i ro, beordrer betjenten. Plutselig kjenner<br \/>\nKristian at politibetjenten drar hodet hans fram og tilbake i glassk\u00e5rene. Han<br \/>\nkjenner pusten og adrenalinet til politimannen i nakken \u2013 og blir skremt.<br \/>\nHerregud, pr\u00f8ver han \u00e5 drepe meg, tenker Kristian, og kjenner at betjenten<br \/>\nfortsetter \u00e5 bevege hodet hans\u00bb. <\/p>\n<p>\u00abStopp<br \/>\ndere dreper ham\u00bb<\/p>\n<p>\u00abDu kutter meg, roper Kristian. Han opplever at<br \/>\npolitimannen bare blir mer hardhendt. S\u00e5 kjenner han det. To tydelige og<br \/>\nbestemte kutt som skj\u00e6rer meget kjapt. I halsen. Kristian blir varm. Han ser<br \/>\nblodet p\u00e5 veggen og kjenner det pumper ut av halsen\u00bb. <\/p>\n<p>\u00abI neste \u00f8yeblikk h\u00f8rer han en stemme som roper. \u00abStopp,<br \/>\ndere dreper ham!\u00bb Legen reagerer. Politimannen slipper taket i Kristian og<br \/>\nl\u00f8sner h\u00e5ndjernene. Kristian f\u00e5r med seg at de legger ham p\u00e5 ryggen, han ser<br \/>\nblodet p\u00e5 sofaen. P\u00e5 veggen. Han skimter blodspruten. Og kjenner hvordan den<br \/>\nene politimannen kj\u00f8rer tommelen mot halsen hans for \u00e5 stanse bl\u00f8dningen\u00bb.<\/p>\n<p>          <img loading=\"lazy\" decoding=\"async\" src=\"https:\/\/www.europesays.com\/no\/wp-content\/uploads\/2025\/11\/83801447.webp\" width=\"980\" height=\"559\" title=\"LIVSTRUENDE: Legene ved Oslo universitetssykehus Ullev\u00e5l, beskrev skadene i Kristian Valens halsregion, som livstruende. Foto: Privat\" alt=\"\" class=\"\" style=\"--aspect-ratio-image: 1.75; \"\/><\/p>\n<p>\n          LIVSTRUENDE: Legene ved Oslo universitetssykehus Ullev\u00e5l, beskrev skadene i Kristian Valens halsregion, som livstruende. Foto: Privat\n      <\/p>\n<p>I boka blir det detaljert fortalt hvordan Kristian Valen<br \/>\nbl\u00f8r kraftig fra kutt i halsen.<\/p>\n<p>Videre beskrives det slik:<\/p>\n<p>\u00abIngen respons, sier en. Faen, vi mister ham. Han bl\u00f8r<br \/>\nnoe j\u00e6vlig, skriker en\u00bb.<\/p>\n<p>Det siste Valen husker er ordene: <\/p>\n<p>\u00abVi mister ham!\u00bb <\/p>\n<p>Kristian Valen blir bevisstl\u00f8s fraktet bort i en ambulanse.<\/p>\n<p>\u00abKuttet<br \/>\nseg selv\u00bb<\/p>\n<p>Legen som var til stede under dramaet i leiligheten p\u00e5 Aker<br \/>\nBrygge sier if\u00f8lge boka f\u00f8lgende til Valens samboer Karen \u00c5nesen:<\/p>\n<p>\u00abHan har hatt et stort blodtap og kan f\u00e5 varig<br \/>\nhjerneskade. Jeg vet ikke. Kanskje han ikke overlever\u00bb.<\/p>\n<p>          <img loading=\"lazy\" decoding=\"async\" src=\"https:\/\/www.europesays.com\/no\/wp-content\/uploads\/2025\/11\/83801431.webp\" width=\"980\" height=\"559\" title=\"SAMBOERE: Karen \u00c5nesen var til stede i leiligheten p\u00e5 Aker Brygge, da politiet tok seg inn. Kristian Valen ble bevisstl\u00f8s sendt i ambulanse til sykehus etter m\u00f8tet med Oslo-politiet. Foto: John T. Pedersen \/ Dagbladet\" alt=\"\" class=\"\" style=\"--aspect-ratio-image: 1.75; \"\/><\/p>\n<p>\n          SAMBOERE: Karen \u00c5nesen var til stede i leiligheten p\u00e5 Aker Brygge, da politiet tok seg inn. Kristian Valen ble bevisstl\u00f8s sendt i ambulanse til sykehus etter m\u00f8tet med Oslo-politiet. Foto: John T. Pedersen \/ Dagbladet\n      <\/p>\n<p>Da samboeren kommer til Ullev\u00e5l sykehus, m\u00f8ter hun en lege som forteller henne at Valen skal opereres.<\/p>\n<p>\u00abHan har kuttet seg kraftig i halsen\u00bb, sier legen.<\/p>\n<p>I boka st\u00e5r det:<\/p>\n<p>\u00abKaren forst\u00e5r det bare ikke. De snakker som om Kristian<br \/>\nkuttet seg selv i halsen. Hvorfor skulle han gj\u00f8re det? Hun f\u00e5r det ikke til \u00e5<br \/>\nstemme. Etter operasjonen f\u00e5r hun beskjed om at det vil g\u00e5 bra med Kristian.<br \/>\nIgjen blir det sagt at han har kuttet seg selv\u00bb.<\/p>\n<p>Etter to d\u00f8gn i kontrollert koma p\u00e5 Ullev\u00e5l sykehus v\u00e5kner<br \/>\nKristian Valen. F\u00f8r han blir utskrevet fra sykehuset, \u00f8nsker legen \u00e5 ha en<br \/>\nsamtale med ham.<\/p>\n<p>I boka er samtalen referert slik:<\/p>\n<p>\u00abDet st\u00e5r her i rapporten vi fikk fra politiet, at du<br \/>\np\u00e5f\u00f8rte deg selv stikkskader i halsen. Politiet hevdet at du hadde knust et<br \/>\nvindu og stukket deg selv i halsen med et glassk\u00e5r, og at du pr\u00f8vde \u00e5 ta livet<br \/>\nditt.\u00bb <\/p>\n<p>Klinisk<br \/>\nd\u00f8d<\/p>\n<p>          <img loading=\"lazy\" decoding=\"async\" src=\"https:\/\/www.europesays.com\/no\/wp-content\/uploads\/2025\/11\/83801428.webp\" width=\"686\" height=\"392\" title=\"ARR: Fem \u00e5r etter at Kristian Valen ble kuttet i halsen, har han fortsatt et tydelig arr. Foto: Per Asle Rustad\" alt=\"\" class=\"\" style=\"--aspect-ratio-image: 1.75; \"\/><\/p>\n<p>\n          ARR: Fem \u00e5r etter at Kristian Valen ble kuttet i halsen, har han fortsatt et tydelig arr. Foto: Per Asle Rustad\n      <\/p>\n<p>Valen f\u00e5r sjokk. Har politiet gitt en feilaktig rapport til<br \/>\nsykehuset for \u00e5 pynte p\u00e5 det som egentlig skjedde? Neste sjokk kommer sekunder<br \/>\nsenere da legen forteller videre:<\/p>\n<p>\u00a0\u00abDu var klinisk<br \/>\nd\u00f8d i 17 sekunder. Vi var virkelig redde for \u00e5 miste deg, og er sv\u00e6rt glad for<br \/>\nat du er her n\u00e5\u00a0\u2013 takket v\u00e6re hjertekompresjonen vi utf\u00f8rte\u00bb.<\/p>\n<p>Legen er sitert slik, da han sp\u00f8r Kristian Valen, om han har<br \/>\nkuttet seg selv: <\/p>\n<p>\u00abJeg m\u00e5 sp\u00f8rre deg, for du virker helt normal og i fin<br \/>\nform. Og jeg m\u00e5 si jeg er forundret over politirapporten, for skadene p\u00e5 halsen<br \/>\ndin stemmer ikke med hendelsesforl\u00f8pet som politiet hevder. Du har ikke<br \/>\nstikkskader, men skj\u00e6reskader p\u00e5 halsen\u00bb.<\/p>\n<p>&#8211; Det er for meg fullstendig uforst\u00e5elig at noen i politiet<br \/>\ni Oslo \u00f8nsket \u00e5 ta livet av meg. Hva skal jeg ha gjort dem, sp\u00f8r Kristian<br \/>\nValen.<\/p>\n<p>          <img loading=\"lazy\" decoding=\"async\" src=\"https:\/\/www.europesays.com\/no\/wp-content\/uploads\/2025\/11\/83802207.webp\" width=\"980\" height=\"559\" title=\"BOK: Forfatter Per Asle Rustad (t.v.) og komiker Kristian Valen (med s\u00f8nnen p\u00e5 brystet) har samarbeidet om boka \u00abFra sp\u00f8k til maskinpistol\u00bb. Foto: Privat\" alt=\"\" class=\"\" style=\"--aspect-ratio-image: 1.75; \"\/><\/p>\n<p>\n          BOK: Forfatter Per Asle Rustad (t.v.) og komiker Kristian Valen (med s\u00f8nnen p\u00e5 brystet) har samarbeidet om boka \u00abFra sp\u00f8k til maskinpistol\u00bb. Foto: Privat\n      <\/p>\n<p>&#8211; Jeg \u00f8nsker ikke \u00e5 si noe mer enn det som st\u00e5r i boka. Jeg<br \/>\nhar lagt alle episodene med politiet bak meg, og i boka kommer endelig<br \/>\nsannheten. Boka forteller om alt jeg har v\u00e6rt s\u00e5 heldig \u00e5 f\u00e5 oppleve i livet.<br \/>\nOg som jeg gleder meg til \u00e5 dele med publikum som har st\u00f8ttet meg i alle \u00e5r,<br \/>\nsier Kristian Valen til Dagbladet.<\/p>\n<p>\u00abH\u00e5rreisende\u00bb<\/p>\n<p>Kristian Valens advokater har anmeldt det som beskrives som<br \/>\net drapsfors\u00f8k p\u00e5 komikeren b\u00e5de til politiet i Oslo og Spesialenheten for<br \/>\npolitisaker. Dagbladet har sett anmeldelsene.<\/p>\n<p>Valen har i flere \u00e5r fors\u00f8kt \u00e5 f\u00e5 svar fra Spesialenheten<br \/>\nfor politisaker og Oslo-politiet p\u00e5 hvorfor de skal ha fors\u00f8kt \u00e5 ta livet av ham.<\/p>\n<p>I boka er advokat John Christian Elden sitert slik:<\/p>\n<p>\u00abDet er h\u00e5rreisende at politietaten ikke svarer p\u00e5 v\u00e5re<br \/>\nhenvendelser i en s\u00e5 alvorlig sak\u00bb.<\/p>\n<p>Elden sier videre:<\/p>\n<p>          <img loading=\"lazy\" decoding=\"async\" src=\"https:\/\/www.europesays.com\/no\/wp-content\/uploads\/2025\/11\/83801439.webp\" width=\"686\" height=\"392\" title=\"ETTERLYSER SVAR: Advokat John Christian Elden mener det er h\u00e5rreisende, at politiet ikke har besvart Valens og hans advokaters henvendelser. Foto: Lars Eivind Bones \/ Dagbladet\" alt=\"\" class=\"\" style=\"--aspect-ratio-image: 1.75; \"\/><\/p>\n<p>\n          ETTERLYSER SVAR: Advokat John Christian Elden mener det er h\u00e5rreisende, at politiet ikke har besvart Valens og hans advokaters henvendelser. Foto: Lars Eivind Bones \/ Dagbladet\n      <\/p>\n<p>\u00abDokumentasjonen viser at det er ingen grunn til \u00e5 tvile<br \/>\np\u00e5 Kristian Valens fremstilling av hendelsesforl\u00f8pet. I s\u00e5 fall snakker vi om<br \/>\ndrapsfors\u00f8k. Det m\u00e5 v\u00e6re bevisst strategi fra politiets side, at de velger \u00e5<br \/>\ntie. Tausheten er en indikasjon p\u00e5 at politiet mener de har et problem, og er<br \/>\nredde for \u00e5 inkriminere seg selv hvis de etterforsker saken, eller i det minste<br \/>\nsvarer p\u00e5 v\u00e5re henvendelser\u00bb. <\/p>\n<p>&#8211; I mine over 40 \u00e5r som kriminalreporter er dette en av de<br \/>\nstyggeste sakene jeg har sett, og det er sterkt kritikkverdig at politiet ikke har<br \/>\ngjort noen etterforskning, sier Per<br \/>\nAsle Rustad.<\/p>\n<p>\u00abIkke enige\u00bb<\/p>\n<p> Dagbladet<br \/>\nhar ogs\u00e5 henvendt seg direkte til politiet i Oslo, og Spesialenheten for<br \/>\npolitisaker p\u00e5 Hamar, for \u00e5 be om deres forklaring p\u00e5 hva som egentlig skjedde,<br \/>\ni Kristian Valens leilighet p\u00e5 Aker Brygge onsdag 19. februar 2020.\u00a0<\/p>\n<p>&#8211; Politiet er ikke enig i Valens p\u00e5stand om at<br \/>\npolitiet skal ha fors\u00f8kt \u00e5 drepe han i 2020. Fordi politiet har plikt \u00e5 hindre<br \/>\nat andre f\u00e5r kjennskap til det vi f\u00e5r vite om i tjenesten, kan vi ikke uttale<br \/>\noss utover dette. Om Valen fritar politiet fra taushetsplikt, kan vi si hva<br \/>\npolitiet mener skjedde denne dagen. Dersom noen mener at politiet har beg\u00e5tt en<br \/>\nstraffbar handling i tjenesten, kan dette anmeldes til Spesialenheten for<br \/>\npolitisaker, sier\u00a0politiinspekt\u00f8r Trude Buanes ved Oslo politidistrikt.<\/p>\n<p class=\"font-weight-bold m-font-weight-bold\" data-lab-font_weight=\"font-weight-bold\">&#8211; Vil Valen frita politiet for taushetsplikt?<\/p>\n<p>&#8211; Dette er<br \/>\npolitiet bedt om \u00e5 svare p\u00e5 en rekke ganger, men det har ikke skjedd. De kan<br \/>\nstarte med \u00e5 svare oss slik de har f\u00e5tt mulighet til, s\u00e5 kan vi vurdere om<br \/>\nsvaret skal deles med Dagbladet, sier Valens advokat John Christian Elden.<\/p>\n<p>&#8211;<br \/>\nBoken taler for seg. Her dokumenterer vi det som skjedde. Det er alts\u00e5 ikke<br \/>\nbare en p\u00e5stand, slik politiet later til \u00e5 tro. I s\u00e5 fall m\u00e5 de svare p\u00e5<br \/>\nhvordan Valen kunne skade seg selv n\u00e5r han vitterlig var p\u00e5satt h\u00e5ndjern. Valens advokater<br \/>\nhar anmeldt Oslo-politiet til Spesialenheten og har ventet p\u00e5 svar derfra i<br \/>\nflere \u00e5r. De b\u00f8r absolutt etterforske saken og s\u00e5 vil Valen svare p\u00e5 sp\u00f8rsm\u00e5l<br \/>\nde m\u00e5tte ha, sier Per Asle Rustad.<\/p>\n<p>Spesialenheten for politisaker har bekreftet at de har mottatt Dagbladets sp\u00f8rsm\u00e5l. Men de har ikke besvart sp\u00f8rsm\u00e5lene.<\/p>\n","protected":false},"excerpt":{"rendered":"&#8211; Jeg var klinisk d\u00f8d i 17 sekunder, forteller Valen i boka \u2013 \u00abFra sp\u00f8k til maskinpistol\u00bb \u2013&hellip;\n","protected":false},"author":2,"featured_media":84514,"comment_status":"","ping_status":"","sticky":false,"template":"","format":"standard","meta":{"footnotes":""},"categories":[58],"tags":[150,71,2539,11303,30,28,29,14,468,72],"class_list":{"0":"post-84513","1":"post","2":"type-post","3":"status-publish","4":"format-standard","5":"has-post-thumbnail","7":"category-underholdning","8":"tag-bok","9":"tag-entertainment","10":"tag-innenriks","11":"tag-kristian-valen","12":"tag-no","13":"tag-norge","14":"tag-norway","15":"tag-nyheter","16":"tag-politiet","17":"tag-underholdning"},"share_on_mastodon":{"url":"https:\/\/pubeurope.com\/@no\/115532720302045921","error":""},"_links":{"self":[{"href":"https:\/\/www.europesays.com\/no\/wp-json\/wp\/v2\/posts\/84513","targetHints":{"allow":["GET"]}}],"collection":[{"href":"https:\/\/www.europesays.com\/no\/wp-json\/wp\/v2\/posts"}],"about":[{"href":"https:\/\/www.europesays.com\/no\/wp-json\/wp\/v2\/types\/post"}],"author":[{"embeddable":true,"href":"https:\/\/www.europesays.com\/no\/wp-json\/wp\/v2\/users\/2"}],"replies":[{"embeddable":true,"href":"https:\/\/www.europesays.com\/no\/wp-json\/wp\/v2\/comments?post=84513"}],"version-history":[{"count":0,"href":"https:\/\/www.europesays.com\/no\/wp-json\/wp\/v2\/posts\/84513\/revisions"}],"wp:featuredmedia":[{"embeddable":true,"href":"https:\/\/www.europesays.com\/no\/wp-json\/wp\/v2\/media\/84514"}],"wp:attachment":[{"href":"https:\/\/www.europesays.com\/no\/wp-json\/wp\/v2\/media?parent=84513"}],"wp:term":[{"taxonomy":"category","embeddable":true,"href":"https:\/\/www.europesays.com\/no\/wp-json\/wp\/v2\/categories?post=84513"},{"taxonomy":"post_tag","embeddable":true,"href":"https:\/\/www.europesays.com\/no\/wp-json\/wp\/v2\/tags?post=84513"}],"curies":[{"name":"wp","href":"https:\/\/api.w.org\/{rel}","templated":true}]}}