{"id":84519,"date":"2025-11-11T19:33:15","date_gmt":"2025-11-11T19:33:15","guid":{"rendered":"https:\/\/www.europesays.com\/no\/84519\/"},"modified":"2025-11-11T19:33:15","modified_gmt":"2025-11-11T19:33:15","slug":"familien-rakk-akkurat-a-synge-bursdagssangen-for-bjelleklang-grunnleggeren-dode-romerikes-blad","status":"publish","type":"post","link":"https:\/\/www.europesays.com\/no\/84519\/","title":{"rendered":"Familien rakk akkurat \u00e5 synge bursdagssangen f\u00f8r Bjelleklang-grunnleggeren d\u00f8de &#8211; Romerikes Blad"},"content":{"rendered":"<ol>\n<li><a href=\"https:\/\/news.google.com\/rss\/articles\/CBMisgFBVV95cUxOMGRuMk5OSC15RkttRVNVYkpIbU1EVXJTbWJzSVY5QU9uSVl2U2ZGMUt4Tm0zVDlFaEhsY081OGwzNlBSRnRDT2NZb2VIYU9NQVRwMzlzN3lDNjhxelNISDBBOVRjazYwVkRUdmx3OGdRMHliX3M3V2Q5T2FyUDZRMnN4Y3hqR1J0dllJS0JBUEpjekloVktJTk4xRjByVnhQUEFYd2dKMnZPVWtJLTZZdGFR?oc=5\" target=\"_blank\" rel=\"nofollow noopener\">Familien rakk akkurat \u00e5 synge bursdagssangen f\u00f8r Bjelleklang-grunnleggeren d\u00f8de<\/a>&nbsp;&nbsp;Romerikes Blad<\/li>\n<li><a href=\"https:\/\/news.google.com\/rss\/articles\/CBMibkFVX3lxTE0zaUxjVXZaeERZcTM2bVVJS3BpU3RLZUxrc3BpNFJyaU50QUZiSDNub2U1ZER5eU10S0FUUFg4MXBqYU1NZ1pzNFRGTXMxWGR6eVRyb1ZZNFZyNXo2U0RjSU41dWhiaXpVSlVPbVlR?oc=5\" target=\"_blank\" rel=\"nofollow noopener\">Bjelleklang-grunnlegger Robert Skrolsvik er d\u00f8d etter lang tids sykdom<\/a>&nbsp;&nbsp;seher.no<\/li>\n<li><a href=\"https:\/\/news.google.com\/rss\/articles\/CBMiggFBVV95cUxNZzJDaS1Gdl9BWlpSWF82cHIyUGZjenRkUjBQdXI2QVBlUk1LdVJJWjBfd1p5QmhUZXhlbFRfeHBlQjB6cGRfdzNrRHl3SXdIUmZMSlFNc2Zzek1TRFhEM2x0OExkVnB6TEdzNFZXR21ZQ3NYd3lsUzN4ZFJ1WmpEbUZ3?oc=5\" target=\"_blank\" rel=\"nofollow noopener\">Robert Skrolsvik fra Bjelleklang er d\u00f8d<\/a>&nbsp;&nbsp;VG<\/li>\n<li><a href=\"https:\/\/news.google.com\/rss\/articles\/CBMijAFBVV95cUxPN2dVdmVRM21GQ2otSVBuUnZkQkdLdGRNTjhhcEhPTFlBMlVCbFFUdGE3OEN5eTFJdkQ4NmlTa2dISEN6cWYyRHdpY1J2X3dFdXBwV19aOHhGZ0Q0T0dKQVVYaWs0OXdrUWsycHlfLWlDZUh6Vl8xLVZhMUQ4VmlYdTJnX0drQVBUNXR1SA?oc=5\" target=\"_blank\" rel=\"nofollow noopener\">Bjelleklang-grunnlegger Robert Skrolsvik er d\u00f8d<\/a>&nbsp;&nbsp;TV2.no<\/li>\n<li><a href=\"https:\/\/news.google.com\/rss\/articles\/CBMikAFBVV95cUxQXzQzTXJNVEhJY3dRbkV2Q3RvVVFPbnpWeFVMZEhlTVlQeU92ZFctU2ZyNWQ2UXRHSDUtcG9OUWxMS3lyb2lXMV8zM2xNakZfQXlJV2ZjN2EyQzZLLTFzSTRXaml1UDZjVWtLY2tBbk9aWEVqc2JvVFN0TElaUjRtaGxGeFlNakNBR0gxaUk3TU8?oc=5\" target=\"_blank\" rel=\"nofollow noopener\">Bjelleklang-grunnlegger Robert Skrolsvik er d\u00f8d \u2013 Stor-Oslo<\/a>&nbsp;&nbsp;NRK<\/li>\n<\/ol>\n","protected":false},"excerpt":{"rendered":"Familien rakk akkurat \u00e5 synge bursdagssangen f\u00f8r Bjelleklang-grunnleggeren d\u00f8de&nbsp;&nbsp;Romerikes Blad Bjelleklang-grunnlegger Robert Skrolsvik er d\u00f8d etter lang tids&hellip;\n","protected":false},"author":2,"featured_media":84520,"comment_status":"","ping_status":"","sticky":false,"template":"","format":"standard","meta":{"footnotes":""},"categories":[5],"tags":[20,21,24,25,15,19,22,23,17,18,13,30,28,29,14,16,26,27],"class_list":{"0":"post-84519","1":"post","2":"type-post","3":"status-publish","4":"format-standard","5":"has-post-thumbnail","7":"category-overskrifter","8":"tag-breaking-news","9":"tag-breakingnews","10":"tag-featured-news","11":"tag-featurednews","12":"tag-headlines","13":"tag-hovedoppslag","14":"tag-latest-news","15":"tag-latestnews","16":"tag-main-news","17":"tag-mainnews","18":"tag-news","19":"tag-no","20":"tag-norge","21":"tag-norway","22":"tag-nyheter","23":"tag-overskrifter","24":"tag-top-stories","25":"tag-topstories"},"share_on_mastodon":{"url":"https:\/\/pubeurope.com\/@no\/115532739602007009","error":""},"_links":{"self":[{"href":"https:\/\/www.europesays.com\/no\/wp-json\/wp\/v2\/posts\/84519","targetHints":{"allow":["GET"]}}],"collection":[{"href":"https:\/\/www.europesays.com\/no\/wp-json\/wp\/v2\/posts"}],"about":[{"href":"https:\/\/www.europesays.com\/no\/wp-json\/wp\/v2\/types\/post"}],"author":[{"embeddable":true,"href":"https:\/\/www.europesays.com\/no\/wp-json\/wp\/v2\/users\/2"}],"replies":[{"embeddable":true,"href":"https:\/\/www.europesays.com\/no\/wp-json\/wp\/v2\/comments?post=84519"}],"version-history":[{"count":0,"href":"https:\/\/www.europesays.com\/no\/wp-json\/wp\/v2\/posts\/84519\/revisions"}],"wp:featuredmedia":[{"embeddable":true,"href":"https:\/\/www.europesays.com\/no\/wp-json\/wp\/v2\/media\/84520"}],"wp:attachment":[{"href":"https:\/\/www.europesays.com\/no\/wp-json\/wp\/v2\/media?parent=84519"}],"wp:term":[{"taxonomy":"category","embeddable":true,"href":"https:\/\/www.europesays.com\/no\/wp-json\/wp\/v2\/categories?post=84519"},{"taxonomy":"post_tag","embeddable":true,"href":"https:\/\/www.europesays.com\/no\/wp-json\/wp\/v2\/tags?post=84519"}],"curies":[{"name":"wp","href":"https:\/\/api.w.org\/{rel}","templated":true}]}}