{"id":84627,"date":"2025-11-11T21:41:09","date_gmt":"2025-11-11T21:41:09","guid":{"rendered":"https:\/\/www.europesays.com\/no\/84627\/"},"modified":"2025-11-11T21:41:09","modified_gmt":"2025-11-11T21:41:09","slug":"sabrina-carpenter-skal-spille-alice-i-eventyrland-i-ny-musikalfilm","status":"publish","type":"post","link":"https:\/\/www.europesays.com\/no\/84627\/","title":{"rendered":"Sabrina Carpenter skal spille Alice i Eventyrland i ny musikalfilm"},"content":{"rendered":"\n<p class=\"_lead_o9xde_2 _lead_xtcu6_50 layout-component text-serif-m layout-normal text-serif-l layout-component layout-wide layout-padded _wide_17hqh_1 layout-padded\">Popstjernen f\u00e5r sin f\u00f8rste store filmrolle hos Universal Pictures.<\/p>\n<p><img alt=\"Sabrina Carpenter, her under Brit Awards i 2025. Foto: Scott A Garfitt \/ AP \/ NTB\" class=\"_image_qp4xg_65 layout-component layout-wide\" data-fullscreen- data-track-element-type=\"Article image fullscreen\" data-track-name=\"ImageFullscreen\" fetchpriority=\"high\" decoding=\"sync\" loading=\"eager\" height=\"7938\" itemprop=\"image\"  src=\"https:\/\/www.europesays.com\/no\/wp-content\/uploads\/2025\/11\/eb4b3629-5908-4a39-9ddb-8ba9130510d9\"  style=\"object-position:0% 0%\" width=\"5292\"\/>Sabrina Carpenter, her under Brit Awards i 2025. Foto: Scott A Garfitt \/ AP \/ NTB<\/p>\n<ul aria-hidden=\"true\" class=\"_images_18f0k_111\">\n<li><a class=\"_link_18f0k_116\" href=\"https:\/\/www.vg.no\/forfatter\/martha-holmes\" style=\"z-index:1\" title=\"Martha C. S. D\u00edaz\" rel=\"nofollow noopener\" target=\"_blank\"><img alt=\"Bilde av Martha C. S. D\u00edaz\" class=\"_image_18f0k_93\" fetchpriority=\"low\" loading=\"lazy\" decoding=\"async\" itemprop=\"image\"  src=\"https:\/\/www.europesays.com\/no\/wp-content\/uploads\/2025\/11\/1762897269_934_7217e3e9-d2a7-47b8-811c-1e4a0faf868b\"  width=\"480\"\/><\/a><\/li>\n<\/ul>\n<p> Oppdatert tirsdag 11. november kl. 22:10     <\/p>\n<p class=\"_paragraph_o9xde_4 _paragraph_xtcu6_10 layout-component text-serif-m layout-normal text-serif-m layout-padded\"><a href=\"https:\/\/www.vg.no\/tag\/sabrina-carpenter?utm_source=vg-article&amp;utm_medium=auto-tagger&amp;utm_campaign=Gyv2e6\" class=\"_link_o9xde_39\" rel=\"nofollow noopener\" target=\"_blank\">Sabrina Carpenter<\/a> skal b\u00e5de spille hovedrollen og produsere en ny musikalfilm basert p\u00e5 Lewis Carrolls klassiske \u00abAlice i Eventyrland\u00bb, melder <a href=\"https:\/\/variety.com\/2025\/film\/news\/sabrina-carpenter-alice-in-wonderland-musical-movie-1236575238\/\" class=\"_link_o9xde_39\" rel=\"nofollow noopener\" target=\"_blank\">Variety<\/a>.<\/p>\n<p class=\"_paragraph_o9xde_4 _paragraph_xtcu6_10 layout-component text-serif-m layout-normal text-serif-m layout-padded\">Prosjektet blir 26-\u00e5ringens f\u00f8rste store studiofilm. Lorene Scafaria, som tidligere blent annet har regissert Jennifer Lopez-filmen \u00abHustlers\u00bb, skal b\u00e5de skrive manus og regissere den nye filmen, skriver <a href=\"https:\/\/deadline.com\/2025\/11\/sabrina-carpenter-to-star-alice-in-wonderland-musical-universal-1236614143\/\" class=\"_link_o9xde_39\" rel=\"nofollow noopener\" target=\"_blank\">Deadline<\/a>. <\/p>\n<p class=\"_paragraph_o9xde_4 _paragraph_xtcu6_10 layout-component text-serif-m layout-normal text-serif-m layout-padded\">Marc Platt, som st\u00e5r bak b\u00e5de Broadway- og filmversjonene av \u00abWicked\u00bb, produserer filmen sammen sammen med popstjernen. Leslie Morgenstein og Elysa Koplovitz Dutton fra Alloy Entertainment skal ogs\u00e5 bidra. <\/p>\n<p class=\"_paragraph_o9xde_4 _paragraph_xtcu6_10 layout-component text-serif-m layout-normal text-serif-m layout-padded\">If\u00f8lge Varietys kilder skal Carpenter selv ha tatt kontakt med Universal Pictures for omtrent et \u00e5r siden med et  konsept for filmen. Etter hvert som prosjektet utviklet seg ble Scafaria med p\u00e5 laget.<\/p>\n<p class=\"_paragraph_o9xde_4 _paragraph_xtcu6_10 layout-component text-serif-m layout-normal text-serif-m layout-padded\">Carrolls viktorianske historie om jenta Alice som faller ned i et kaninhull til en fantastisk verden, har tidligere blitt filmatisert av Disney. Tim Burtons versjon fra 2010 tjente over en milliard dollar p\u00e5 verdensbasis, skriver Deadline.<\/p>\n<p class=\"_paragraph_o9xde_4 _paragraph_xtcu6_10 layout-component text-serif-m layout-normal text-serif-m layout-padded\">Carpenter har nettopp f\u00e5tt <a href=\"https:\/\/www.hollywoodreporter.com\/music\/music-news\/sabrina-carpenter-2026-grammy-nominations-mans-best-friend-1236421098\/\" class=\"_link_o9xde_39\" rel=\"nofollow noopener\" target=\"_blank\">seks Grammy-nominasjoner <\/a>for sitt syvende studioalbum \u00abMan&#8217;s Best Friend\u00bb, blant dem for \u00e5rets album og \u00e5rets sang. Hun har tidligere spilt roller i blant annet \u00abThe Hate U Give\u00bb og Netflix-filmene \u00abTall Girl\u00bb.<\/p>\n<p><img alt=\"Sabrina Carpenter poserer med prisen forbeste albun, som hun vant for Short n' Sweet  under MTV Video Music Awards i 2025.  Foto: Kylie Cooper \/ Reuters \/ NTB\" class=\"_image_qp4xg_65 layout-component layout-normal\" data-fullscreen- data-track-element-type=\"Article image fullscreen\" data-track-name=\"ImageFullscreen\" decoding=\"async\" loading=\"lazy\" height=\"2244\" itemprop=\"image\"  src=\"https:\/\/www.europesays.com\/no\/wp-content\/uploads\/2025\/11\/e1c32494-03ea-4a35-9683-31cf49132023\"  style=\"object-position:0% 0%\" width=\"3367\"\/>Sabrina Carpenter poserer med prisen forbeste albun, som hun vant for Short n&#8217; Sweet  under MTV Video Music Awards i 2025.  Foto: Kylie Cooper \/ Reuters \/ NTB    <\/p>\n","protected":false},"excerpt":{"rendered":"Popstjernen f\u00e5r sin f\u00f8rste store filmrolle hos Universal Pictures. Sabrina Carpenter, her under Brit Awards i 2025. Foto:&hellip;\n","protected":false},"author":2,"featured_media":84628,"comment_status":"","ping_status":"","sticky":false,"template":"","format":"standard","meta":{"footnotes":""},"categories":[58],"tags":[71,2995,30,28,29,10608,3943,72,11315],"class_list":{"0":"post-84627","1":"post","2":"type-post","3":"status-publish","4":"format-standard","5":"has-post-thumbnail","7":"category-underholdning","8":"tag-entertainment","9":"tag-film-og-kino","10":"tag-no","11":"tag-norge","12":"tag-norway","13":"tag-popstjerner","14":"tag-sabrina-carpenter","15":"tag-underholdning","16":"tag-universal-pictures"},"share_on_mastodon":{"url":"https:\/\/pubeurope.com\/@no\/115533243045211790","error":""},"_links":{"self":[{"href":"https:\/\/www.europesays.com\/no\/wp-json\/wp\/v2\/posts\/84627","targetHints":{"allow":["GET"]}}],"collection":[{"href":"https:\/\/www.europesays.com\/no\/wp-json\/wp\/v2\/posts"}],"about":[{"href":"https:\/\/www.europesays.com\/no\/wp-json\/wp\/v2\/types\/post"}],"author":[{"embeddable":true,"href":"https:\/\/www.europesays.com\/no\/wp-json\/wp\/v2\/users\/2"}],"replies":[{"embeddable":true,"href":"https:\/\/www.europesays.com\/no\/wp-json\/wp\/v2\/comments?post=84627"}],"version-history":[{"count":0,"href":"https:\/\/www.europesays.com\/no\/wp-json\/wp\/v2\/posts\/84627\/revisions"}],"wp:featuredmedia":[{"embeddable":true,"href":"https:\/\/www.europesays.com\/no\/wp-json\/wp\/v2\/media\/84628"}],"wp:attachment":[{"href":"https:\/\/www.europesays.com\/no\/wp-json\/wp\/v2\/media?parent=84627"}],"wp:term":[{"taxonomy":"category","embeddable":true,"href":"https:\/\/www.europesays.com\/no\/wp-json\/wp\/v2\/categories?post=84627"},{"taxonomy":"post_tag","embeddable":true,"href":"https:\/\/www.europesays.com\/no\/wp-json\/wp\/v2\/tags?post=84627"}],"curies":[{"name":"wp","href":"https:\/\/api.w.org\/{rel}","templated":true}]}}