{"id":84631,"date":"2025-11-11T21:45:23","date_gmt":"2025-11-11T21:45:23","guid":{"rendered":"https:\/\/www.europesays.com\/no\/84631\/"},"modified":"2025-11-11T21:45:23","modified_gmt":"2025-11-11T21:45:23","slug":"e6-ved-as-stengt","status":"publish","type":"post","link":"https:\/\/www.europesays.com\/no\/84631\/","title":{"rendered":"E6 ved \u00c5s stengt"},"content":{"rendered":"\n<p class=\"_lead_o9xde_2 _lead_xtcu6_50 layout-component text-serif-m layout-normal text-serif-l layout-component layout-wide layout-padded _wide_17hqh_1 layout-padded\">Veien var en periode stengt i begge retninger.<\/p>\n<p>            <img decoding=\"async\" aria-describedby=\"veikamera3000040_1\" alt=\"E6 St\u00f8kken. Retning Oslo. Webkamera: Statens vegvesen\" src=\"https:\/\/www.europesays.com\/no\/wp-content\/uploads\/2025\/11\/3000040_1.jpeg\" style=\"width: 100%\"\/><\/p>\n<p>                 E6 St\u00f8kken. Retning Oslo. Webkamera: Statens vegvesen<\/p>\n<ul aria-hidden=\"true\" class=\"_images_18f0k_111\">\n<li><a class=\"_link_18f0k_116\" href=\"https:\/\/www.vg.no\/forfatter\/amalie-nordboe-odiin\" style=\"z-index:2\" title=\"Amalie Nordb\u00f8 Odiin\" rel=\"nofollow noopener\" target=\"_blank\"><img alt=\"Bilde av Amalie Nordb\u00f8 Odiin\" class=\"_image_18f0k_93\" fetchpriority=\"low\" loading=\"lazy\" decoding=\"async\" itemprop=\"image\"  src=\"https:\/\/www.europesays.com\/no\/wp-content\/uploads\/2025\/11\/1762897519_677_3a48a883-d93f-48c4-8078-cc59876bbb5b\"  width=\"480\"\/><\/a><\/li>\n<li><a class=\"_link_18f0k_116\" href=\"https:\/\/www.vg.no\/forfatter\/nora-kvernmo-rindal\" style=\"z-index:1\" title=\"Nora Kvernmo Rindal\" rel=\"nofollow noopener\" target=\"_blank\"><img alt=\"Bilde av Nora Kvernmo Rindal\" class=\"_image_18f0k_93\" fetchpriority=\"low\" loading=\"lazy\" decoding=\"async\" itemprop=\"image\"  src=\"https:\/\/www.europesays.com\/no\/wp-content\/uploads\/2025\/11\/1762897520_882_e9a8dfd1-f394-4db6-b4c7-25003539a55e\"  width=\"480\"\/><\/a><\/li>\n<\/ul>\n<p> Oppdatert tirsdag 11. november kl. 15:41     <\/p>\n<p class=\"_paragraph_o9xde_4 _paragraph_xtcu6_10 layout-component text-serif-m layout-normal text-serif-m layout-padded\">Klokken 15.23 bekrefter Vegtrafikksentralen at veien er \u00e5pnet i begge retninger.<\/p>\n<p class=\"_paragraph_o9xde_4 _paragraph_xtcu6_10 layout-component text-serif-m layout-normal text-serif-m layout-padded\">\u2013 Folk m\u00e5 fremdeles beregne k\u00f8 begge veier i tiden fremover, sier de til VG og legger til at k\u00f8en kommer til \u00e5 l\u00f8sne etter hvert.<\/p>\n<p class=\"_paragraph_o9xde_4 _paragraph_xtcu6_10 layout-component text-serif-m layout-normal text-serif-m layout-padded\">Begge retningene ble stengt ved Korseg\u00e5rdskrysset p\u00e5 E6 ved <a href=\"https:\/\/www.vg.no\/tag\/aas?utm_source=vg-article&amp;utm_medium=auto-tagger&amp;utm_campaign=xmxzdl\" class=\"_link_o9xde_39\" rel=\"nofollow noopener\" target=\"_blank\">\u00c5s<\/a> i 14-tiden.<\/p>\n<p class=\"_paragraph_o9xde_4 _paragraph_xtcu6_10 layout-component text-serif-m layout-normal text-serif-m layout-padded\">\u2013 Hendelse sperrer forel\u00f8pig begge retninger, skriver Vegtrafikksentralen \u00f8st p\u00e5 X.<\/p>\n<p class=\"_paragraph_o9xde_4 _paragraph_xtcu6_10 layout-component text-serif-m layout-normal text-serif-m layout-padded\">Fylkesvei 152 ble ogs\u00e5 stengt.<\/p>\n<p class=\"_paragraph_o9xde_4 _paragraph_xtcu6_10 layout-component text-serif-m layout-normal text-serif-m layout-padded\">Flere tipsere meldte raskt om lange k\u00f8er i omr\u00e5det.<\/p>\n<p><img alt=\"Tipseren kj\u00f8rer retning Dr\u00f8bak.  Foto: Hans O. Torgersen\" class=\"_image_qp4xg_65 layout-component layout-normal\" data-fullscreen- data-track-element-type=\"Article image fullscreen\" data-track-name=\"ImageFullscreen\" decoding=\"async\" loading=\"lazy\" height=\"2879\" itemprop=\"image\"  src=\"https:\/\/www.europesays.com\/no\/wp-content\/uploads\/2025\/11\/aaa05582-d5f9-4999-be73-bdb790566e08\"  style=\"object-position:0% 0%\" width=\"4512\"\/>Tipseren kj\u00f8rer retning Dr\u00f8bak.  Foto: Hans O. Torgersen<\/p>\n<p class=\"_paragraph_o9xde_4 _paragraph_xtcu6_10 layout-component text-serif-m layout-normal text-serif-m layout-padded\">\u2013 De har sperret trafikken i begge retninger. Det er helt kaos, sier en tipser til VG.<\/p>\n<p class=\"_paragraph_o9xde_4 _paragraph_xtcu6_10 layout-component text-serif-m layout-normal text-serif-m layout-padded\">Like f\u00f8r klokken 15.00 sier operasjonsleder Nikolai Gran\u00e5s Mathisen til VG at E6 vil \u00e5pne veldig snart \u2013 forh\u00e5pentligvis innen f\u00e5 minutter.<\/p>\n<p class=\"_paragraph_o9xde_4 _paragraph_xtcu6_10 layout-component text-serif-m layout-normal text-serif-m layout-padded\">\u2013 Men det er lang k\u00f8 bakover, s\u00e5 det vil nok henge igjen en stund.<\/p>\n<p class=\"_paragraph_o9xde_4 _paragraph_xtcu6_10 layout-component text-serif-m layout-normal text-serif-m layout-padded\">N\u00f8detatene var ogs\u00e5 p\u00e5 stedet.<\/p>\n<p class=\"_paragraph_o9xde_4 _paragraph_xtcu6_10 layout-component text-serif-m layout-normal text-serif-m layout-padded\">Vegsentralen oppfordrer folk til \u00e5 velge andre ruter.<\/p>\n<p class=\"_paragraph_o9xde_4 _paragraph_xtcu6_10 layout-component text-serif-m layout-normal text-serif-m layout-padded\"><strong class=\"_strong_o9xde_25\">Her ser du hvordan trafikken flyter p\u00e5 E6:<\/strong><\/p>\n<p>    <img decoding=\"async\" alt=\"Tips oss illustrasjon\" src=\"https:\/\/www.europesays.com\/no\/wp-content\/uploads\/2025\/10\/pssst-small.webp.webp\"\/>    <\/p>\n<p class=\"title-serif-s\">Har du tips?<\/p>\n<p class=\"text-sans-m\">Send oss informasjon, bilder eller video.<\/p>\n<p>  <a href=\"https:\/\/www.vg.no\/tips-oss\" rel=\"nofollow noopener\" target=\"_blank\"> Tips oss <\/a>      <\/p>\n","protected":false},"excerpt":{"rendered":"Veien var en periode stengt i begge retninger. E6 St\u00f8kken. Retning Oslo. Webkamera: Statens vegvesen Oppdatert tirsdag 11.&hellip;\n","protected":false},"author":2,"featured_media":84632,"comment_status":"","ping_status":"","sticky":false,"template":"","format":"standard","meta":{"footnotes":""},"categories":[10],"tags":[11316,31,20,21,834,24,25,15,22,23,13,30,28,29,14,16,26,27,224],"class_list":{"0":"post-84631","1":"post","2":"type-post","3":"status-publish","4":"format-standard","5":"has-post-thumbnail","7":"category-norge","8":"tag-as","9":"tag-breaking","10":"tag-breaking-news","11":"tag-breakingnews","12":"tag-e6","13":"tag-featured-news","14":"tag-featurednews","15":"tag-headlines","16":"tag-latest-news","17":"tag-latestnews","18":"tag-news","19":"tag-no","20":"tag-norge","21":"tag-norway","22":"tag-nyheter","23":"tag-overskrifter","24":"tag-top-stories","25":"tag-topstories","26":"tag-trafikk"},"share_on_mastodon":{"url":"https:\/\/pubeurope.com\/@no\/115533258875581542","error":""},"_links":{"self":[{"href":"https:\/\/www.europesays.com\/no\/wp-json\/wp\/v2\/posts\/84631","targetHints":{"allow":["GET"]}}],"collection":[{"href":"https:\/\/www.europesays.com\/no\/wp-json\/wp\/v2\/posts"}],"about":[{"href":"https:\/\/www.europesays.com\/no\/wp-json\/wp\/v2\/types\/post"}],"author":[{"embeddable":true,"href":"https:\/\/www.europesays.com\/no\/wp-json\/wp\/v2\/users\/2"}],"replies":[{"embeddable":true,"href":"https:\/\/www.europesays.com\/no\/wp-json\/wp\/v2\/comments?post=84631"}],"version-history":[{"count":0,"href":"https:\/\/www.europesays.com\/no\/wp-json\/wp\/v2\/posts\/84631\/revisions"}],"wp:featuredmedia":[{"embeddable":true,"href":"https:\/\/www.europesays.com\/no\/wp-json\/wp\/v2\/media\/84632"}],"wp:attachment":[{"href":"https:\/\/www.europesays.com\/no\/wp-json\/wp\/v2\/media?parent=84631"}],"wp:term":[{"taxonomy":"category","embeddable":true,"href":"https:\/\/www.europesays.com\/no\/wp-json\/wp\/v2\/categories?post=84631"},{"taxonomy":"post_tag","embeddable":true,"href":"https:\/\/www.europesays.com\/no\/wp-json\/wp\/v2\/tags?post=84631"}],"curies":[{"name":"wp","href":"https:\/\/api.w.org\/{rel}","templated":true}]}}