{"id":84633,"date":"2025-11-11T21:46:11","date_gmt":"2025-11-11T21:46:11","guid":{"rendered":"https:\/\/www.europesays.com\/no\/84633\/"},"modified":"2025-11-11T21:46:11","modified_gmt":"2025-11-11T21:46:11","slug":"situasjonen-forverres-dramatisk-i-sor","status":"publish","type":"post","link":"https:\/\/www.europesays.com\/no\/84633\/","title":{"rendered":"Situasjonen forverres dramatisk i s\u00f8r"},"content":{"rendered":"\n<p class=\"_lead_o9xde_2 _lead_xtcu6_50 layout-component text-serif-m layout-normal text-serif-l layout-component layout-wide layout-padded _wide_17hqh_1 layout-padded\">Ukrainas forsvarssjef Oleksandr Syrskyj melder om en kraftig forverring av situasjonen i Zaporizjzja-regionen s\u00f8r i landet.<\/p>\n<p><img alt=\"Oleksandr Syrskyj er Ukrainas \u00f8verste forsvarssjef. Foto: HANDOUT \/ AFP \/ NTB\" class=\"_image_qp4xg_65 layout-component layout-wide\" data-fullscreen- data-track-element-type=\"Article image fullscreen\" data-track-name=\"ImageFullscreen\" fetchpriority=\"high\" decoding=\"sync\" loading=\"eager\" height=\"1601\" itemprop=\"image\"  src=\"https:\/\/www.europesays.com\/no\/wp-content\/uploads\/2025\/11\/660747bc-5a4b-438a-a1ed-58fc193f742f\"  style=\"object-position:0% 0%\" width=\"2400\"\/>Oleksandr Syrskyj er Ukrainas \u00f8verste forsvarssjef. Foto: HANDOUT \/ AFP \/ NTB<\/p>\n<ul aria-hidden=\"true\" class=\"_images_18f0k_111\">\n<li><a class=\"_link_18f0k_116\" href=\"https:\/\/www.vg.no\/forfatter\/isak-loeve-pilskog-loe\" style=\"z-index:1\" title=\"Isak L\u00f8ve Pilskog Loe\" rel=\"nofollow noopener\" target=\"_blank\"><img alt=\"Bilde av Isak L\u00f8ve Pilskog Loe\" class=\"_image_18f0k_93\" fetchpriority=\"low\" loading=\"lazy\" decoding=\"async\" itemprop=\"image\"  src=\"https:\/\/www.europesays.com\/no\/wp-content\/uploads\/2025\/11\/1762897569_436_8b0354e3-bf53-460c-9c1c-790321a0c923\"  width=\"480\"\/><\/a><\/li>\n<\/ul>\n<p> Oppdatert tirsdag 11. november kl. 22:08     <\/p>\n<p class=\"_paragraph_o9xde_4 _paragraph_xtcu6_10 layout-component text-serif-m layout-normal text-serif-m layout-padded\">Syrskyj bekrefter at russiske styrker utnyttet tett t\u00e5ke til \u00e5 infiltrere ukrainske stillinger og tatt kontroll over tre byer.<\/p>\n<p class=\"_paragraph_o9xde_4 _paragraph_xtcu6_10 layout-component text-serif-m layout-normal text-serif-m layout-padded\">\u2013 Situasjonen har forverret seg betydelig i retning Oleksandrivka og Huliaipil, der fienden har utnyttet sin tallmessige overlegenhet i b\u00e5de mannskap og utstyr, skriver han p\u00e5 Telegram.<\/p>\n<p class=\"_paragraph_o9xde_4 _paragraph_xtcu6_10 layout-component text-serif-m layout-normal text-serif-m layout-padded\">Samtidig som at <a href=\"https:\/\/www.vg.no\/nyheter\/i\/XjGR6n\/pokrovsk-i-ukraina-kan-falle-til-russland-kritisk\" data-track-element-type=\"Link\" data-track-id=\"link:XjGR6n\" class=\"_link_o9xde_39\" rel=\"nofollow noopener\" target=\"_blank\">angrepene mot den strategisk viktige byen Pokrovsk p\u00e5g\u00e5r<\/a>, har russiske styrker \u00f8kt aktiviteten i Zaporizjzja-regionen og bruker v\u00e6rforholdene strategisk. <\/p>\n<p class=\"_paragraph_o9xde_4 _paragraph_xtcu6_10 layout-component text-serif-m layout-normal text-serif-m layout-padded\">Ukrainske soldater kjemper n\u00e5 harde kamper om byene Rivnopillia og Yablukove, if\u00f8lge forsvarssjefen.<\/p>\n<p class=\"_paragraph_o9xde_4 _paragraph_xtcu6_10 layout-component text-serif-m layout-normal text-serif-m layout-padded\">Samtidig melder Syrskyj om fremgang p\u00e5 dronefronten. I oktober skal ukrainske droner ha truffet 77.000 russiske m\u00e5l, mens bakkedroner leverte n\u00e6r 300 tonn forsyninger til egne styrker.<\/p>\n<p><img alt=\"Foto: Julia Demaree Nikhinson \/ AP \/ NTB\" class=\"_image_qp4xg_65 layout-component layout-normal\" data-fullscreen- data-track-element-type=\"Article image fullscreen\" data-track-name=\"ImageFullscreen\" decoding=\"async\" loading=\"lazy\" height=\"4439\" itemprop=\"image\"  src=\"https:\/\/www.europesays.com\/no\/wp-content\/uploads\/2025\/11\/b832e6cf-a262-471f-8c85-d0518323bdb1\"  style=\"object-position:0% 0%\" width=\"6658\"\/>Foto: Julia Demaree Nikhinson \/ AP \/ NTB<\/p>\n<p class=\"_paragraph_o9xde_4 _paragraph_xtcu6_10 layout-component text-serif-m layout-normal text-serif-m layout-padded\">\u2013 Hver meter av v\u00e5rt land koster Russland hundrevis av soldatliv, skriver han.<\/p>\n<p class=\"_paragraph_o9xde_4 _paragraph_xtcu6_10 layout-component text-serif-m layout-normal text-serif-m layout-padded\">Forsvarssjefen opplyser at russiske styrker bare i den s\u00f8rlige sonen har mistet rundt 800 soldater og over hundre kj\u00f8ret\u00f8y de siste tre dagene.<\/p>\n<p class=\"_paragraph_o9xde_4 _paragraph_xtcu6_10 layout-component text-serif-m layout-normal text-serif-m layout-padded\">Pokrovsk-retningen i \u00f8st beskrives fortsatt som det mest aktive kampomr\u00e5det, hvor om lag 40 prosent av alle kamper finner sted.<\/p>\n<p>       <img decoding=\"async\" alt=\"Tips oss illustrasjon\" src=\"https:\/\/www.europesays.com\/no\/wp-content\/uploads\/2025\/10\/pssst-small.webp.webp\"\/>    <\/p>\n<p class=\"title-serif-s\">Har du tips?<\/p>\n<p class=\"text-sans-m\">Send oss informasjon, bilder eller video.<\/p>\n<p>  <a href=\"https:\/\/www.vg.no\/tips-oss\" rel=\"nofollow noopener\" target=\"_blank\"> Tips oss <\/a>      <\/p>\n","protected":false},"excerpt":{"rendered":"Ukrainas forsvarssjef Oleksandr Syrskyj melder om en kraftig forverring av situasjonen i Zaporizjzja-regionen s\u00f8r i landet. Oleksandr Syrskyj&hellip;\n","protected":false},"author":2,"featured_media":84634,"comment_status":"","ping_status":"","sticky":false,"template":"","format":"standard","meta":{"footnotes":""},"categories":[5],"tags":[31,20,21,24,25,15,19,179,22,23,17,18,13,30,28,29,14,16,26,27],"class_list":{"0":"post-84633","1":"post","2":"type-post","3":"status-publish","4":"format-standard","5":"has-post-thumbnail","7":"category-overskrifter","8":"tag-breaking","9":"tag-breaking-news","10":"tag-breakingnews","11":"tag-featured-news","12":"tag-featurednews","13":"tag-headlines","14":"tag-hovedoppslag","15":"tag-krigen-i-ukraina","16":"tag-latest-news","17":"tag-latestnews","18":"tag-main-news","19":"tag-mainnews","20":"tag-news","21":"tag-no","22":"tag-norge","23":"tag-norway","24":"tag-nyheter","25":"tag-overskrifter","26":"tag-top-stories","27":"tag-topstories"},"share_on_mastodon":{"url":"https:\/\/pubeurope.com\/@no\/115533262620864179","error":""},"_links":{"self":[{"href":"https:\/\/www.europesays.com\/no\/wp-json\/wp\/v2\/posts\/84633","targetHints":{"allow":["GET"]}}],"collection":[{"href":"https:\/\/www.europesays.com\/no\/wp-json\/wp\/v2\/posts"}],"about":[{"href":"https:\/\/www.europesays.com\/no\/wp-json\/wp\/v2\/types\/post"}],"author":[{"embeddable":true,"href":"https:\/\/www.europesays.com\/no\/wp-json\/wp\/v2\/users\/2"}],"replies":[{"embeddable":true,"href":"https:\/\/www.europesays.com\/no\/wp-json\/wp\/v2\/comments?post=84633"}],"version-history":[{"count":0,"href":"https:\/\/www.europesays.com\/no\/wp-json\/wp\/v2\/posts\/84633\/revisions"}],"wp:featuredmedia":[{"embeddable":true,"href":"https:\/\/www.europesays.com\/no\/wp-json\/wp\/v2\/media\/84634"}],"wp:attachment":[{"href":"https:\/\/www.europesays.com\/no\/wp-json\/wp\/v2\/media?parent=84633"}],"wp:term":[{"taxonomy":"category","embeddable":true,"href":"https:\/\/www.europesays.com\/no\/wp-json\/wp\/v2\/categories?post=84633"},{"taxonomy":"post_tag","embeddable":true,"href":"https:\/\/www.europesays.com\/no\/wp-json\/wp\/v2\/tags?post=84633"}],"curies":[{"name":"wp","href":"https:\/\/api.w.org\/{rel}","templated":true}]}}