{"id":84654,"date":"2025-11-11T22:14:43","date_gmt":"2025-11-11T22:14:43","guid":{"rendered":"https:\/\/www.europesays.com\/no\/84654\/"},"modified":"2025-11-11T22:14:43","modified_gmt":"2025-11-11T22:14:43","slug":"riksrevisjonen-trippelsmell-for-norsk-okonomi-teknisk-ukeblad","status":"publish","type":"post","link":"https:\/\/www.europesays.com\/no\/84654\/","title":{"rendered":"Riksrevisjonen: Trippelsmell for norsk \u00f8konomi &#8211; Teknisk Ukeblad"},"content":{"rendered":"<ol>\n<li><a href=\"https:\/\/news.google.com\/rss\/articles\/CBMihgFBVV95cUxOU2haRmhGRHoyMXZFWVBHT2tHVWdqeU1GOUNUemRqWkZaVkdDS2ZzQWJTNmowam5VT3ZfMFcwMm53OC1Qb1c5aXFmTTU0ZlZKNjg4QWw1d1Nvb0QzYUNXOGhRc294ZXRhTFA5OWlpM1kyNGFkSVVLekZqeWE4dVRNUjhvVlRwdw?oc=5\" target=\"_blank\" rel=\"nofollow noopener\">Riksrevisjonen: Trippelsmell for norsk \u00f8konomi<\/a>&nbsp;&nbsp;Teknisk Ukeblad<\/li>\n<li><a href=\"https:\/\/news.google.com\/rss\/articles\/CBMimgFBVV95cUxQcGhwWkxqdW1wUmpnR1ZzYlR1M1VhWnJxQWs0SmFxenpLbFU4TnBFaTFkVjNkaEhhZkdwR1FGcVptVklreDFFLWNJVkdrQXp3dEpnTWNLbmNLZjVBYWFQTjlZNUJ5ZjFRNEhBLW1pUnBqR2tsVGh5NTFPNTViMVFyNEdEZldrNzRwcDA5YkZYT1kyS2laM0pweFhB?oc=5\" target=\"_blank\" rel=\"nofollow noopener\">Riksrevisjonen sl\u00e5r alarm: Norge st\u00e5r overfor en trippel utfordring<\/a>&nbsp;&nbsp;VG<\/li>\n<li><a href=\"https:\/\/news.google.com\/rss\/articles\/CBMihAFBVV95cUxOT1NqX0ZIVDZWYmxIemFzNFNmRlBRUjhIdHRSMy04Y0pYaGRpUW1waXpaX2lpOGVKRWZSZDQtdnRDWTU4bTVtT3BxNThURUlzRFNtMURwVU5LbEFyYUlwMVNOQnJYd0VDdjlvZUwxUHQtYnlXamdvZ2FrempWUnc5M214SEE?oc=5\" target=\"_blank\" rel=\"nofollow noopener\">F\u00e5r refs for \u00abbetydelige svakheter\u00bb<\/a>&nbsp;&nbsp;Dagbladet<\/li>\n<li><a href=\"https:\/\/news.google.com\/rss\/articles\/CBMilAFBVV95cUxON05QQTd3LWlLV2Z3bnZzdDRNYXFTcktIdVlNRzVhRjlhcHRJSDVpSEtMQzljUGdIU3JOZFd3OER2aDNneV9LSUlVNy1mVHQyVWplMG9OckVFWGxKMUNlQ0NCT0JyUUhxaWJ1N0JOV3pfX3dsOEExMXpFM2hLaEloUGpMaVlhdHB4bGNFSUVNeEUtaXVZ?oc=5\" target=\"_blank\" rel=\"nofollow noopener\">Riksrevisjonen sl\u00e5r full alarm: Trippel utfordring<\/a>&nbsp;&nbsp;Nettavisen<\/li>\n<li><a href=\"https:\/\/news.google.com\/rss\/articles\/CBMiqgFBVV95cUxNRXRrNDYxRXhzQWExLWQ1eWVscmNSWWhUb21YRTFCR2hLZHZhbVVkcjhVYW9LWkxYc1JkcXllYVRGTTg5UXNrQXRkRGhVc0VHdnp1d0NmeE80UGdHLXV2eGVycXdOeU4yWXhhX0FlczQ0dm1wLXF2d00tWWIzc2dJMWtjR2wwY3F1SFFJdE5lalhRd1RJZnZlT2xLNWI4akRaZGVvb2dxdUpoZw?oc=5\" target=\"_blank\" rel=\"nofollow noopener\">Riksrevisjonen sl\u00e5r alarm: Norge st\u00e5r overfor entrippel utfordring<\/a>&nbsp;&nbsp;E24<\/li>\n<\/ol>\n","protected":false},"excerpt":{"rendered":"Riksrevisjonen: Trippelsmell for norsk \u00f8konomi&nbsp;&nbsp;Teknisk Ukeblad Riksrevisjonen sl\u00e5r alarm: Norge st\u00e5r overfor en trippel utfordring&nbsp;&nbsp;VG F\u00e5r refs for&hellip;\n","protected":false},"author":2,"featured_media":84655,"comment_status":"","ping_status":"","sticky":false,"template":"","format":"standard","meta":{"footnotes":""},"categories":[5],"tags":[20,21,24,25,15,19,22,23,17,18,13,30,28,29,14,16,572,26,27],"class_list":{"0":"post-84654","1":"post","2":"type-post","3":"status-publish","4":"format-standard","5":"has-post-thumbnail","7":"category-overskrifter","8":"tag-breaking-news","9":"tag-breakingnews","10":"tag-featured-news","11":"tag-featurednews","12":"tag-headlines","13":"tag-hovedoppslag","14":"tag-latest-news","15":"tag-latestnews","16":"tag-main-news","17":"tag-mainnews","18":"tag-news","19":"tag-no","20":"tag-norge","21":"tag-norway","22":"tag-nyheter","23":"tag-overskrifter","24":"tag-okonomi","25":"tag-top-stories","26":"tag-topstories"},"share_on_mastodon":{"url":"https:\/\/pubeurope.com\/@no\/115533372658413552","error":""},"_links":{"self":[{"href":"https:\/\/www.europesays.com\/no\/wp-json\/wp\/v2\/posts\/84654","targetHints":{"allow":["GET"]}}],"collection":[{"href":"https:\/\/www.europesays.com\/no\/wp-json\/wp\/v2\/posts"}],"about":[{"href":"https:\/\/www.europesays.com\/no\/wp-json\/wp\/v2\/types\/post"}],"author":[{"embeddable":true,"href":"https:\/\/www.europesays.com\/no\/wp-json\/wp\/v2\/users\/2"}],"replies":[{"embeddable":true,"href":"https:\/\/www.europesays.com\/no\/wp-json\/wp\/v2\/comments?post=84654"}],"version-history":[{"count":0,"href":"https:\/\/www.europesays.com\/no\/wp-json\/wp\/v2\/posts\/84654\/revisions"}],"wp:featuredmedia":[{"embeddable":true,"href":"https:\/\/www.europesays.com\/no\/wp-json\/wp\/v2\/media\/84655"}],"wp:attachment":[{"href":"https:\/\/www.europesays.com\/no\/wp-json\/wp\/v2\/media?parent=84654"}],"wp:term":[{"taxonomy":"category","embeddable":true,"href":"https:\/\/www.europesays.com\/no\/wp-json\/wp\/v2\/categories?post=84654"},{"taxonomy":"post_tag","embeddable":true,"href":"https:\/\/www.europesays.com\/no\/wp-json\/wp\/v2\/tags?post=84654"}],"curies":[{"name":"wp","href":"https:\/\/api.w.org\/{rel}","templated":true}]}}