{"id":84784,"date":"2025-11-12T03:01:49","date_gmt":"2025-11-12T03:01:49","guid":{"rendered":"https:\/\/www.europesays.com\/no\/84784\/"},"modified":"2025-11-12T03:01:49","modified_gmt":"2025-11-12T03:01:49","slug":"andreas-schjelderup-sport-schjelderup-tok-ordet-foran-lagkameratene","status":"publish","type":"post","link":"https:\/\/www.europesays.com\/no\/84784\/","title":{"rendered":"Andreas Schjelderup, Sport | Schjelderup tok ordet foran lagkameratene"},"content":{"rendered":"\n<p>(<a href=\"https:\/\/www.nettavisen.no\/sport\/schjelderup-tok-ordet-foran-lagkameratene\/s\/5-95-2721015\" rel=\"Follow nofollow noopener\" target=\"_blank\">Nettavisen<\/a>): Andreas Schjelderup reiste seg opp og beklaget seg overfor lagkameratene da de norske landslagsgutta m\u00f8ttes i Oslo mandag.<\/p>\n<p>Sander Berge sier spillerne n\u00e5 har lagt saken bak seg og at de st\u00f8tter lagkameraten.<\/p>\n<p>\u2013 Jeg synes Schjelderup har forklart seg godt, jeg. Han har v\u00e6rt ute i sosiale medier og beklaget den ulovligheten. I g\u00e5r beklaget han seg for hele laget. Han reiste seg og gikk gjennom prosessen, og vi ble enige om \u00e5 legge det bak oss, sier Berge p\u00e5 tirsdagens pressetreff.<\/p>\n<p>  <a href=\"https:\/\/www.an.no\/5-4-2275975\" class=\"related-teaser has-image default-story-teaser article--c-eRUmMG article--c-eRUmMG-jKCPdD-design-default\" rel=\"nofollow noopener\" target=\"_blank\"><\/p>\n<p>    <img decoding=\"async\" loading=\"lazy\"  src=\"https:\/\/www.europesays.com\/no\/wp-content\/uploads\/2025\/11\/NTB_IPxhfk8ChLA.jpg\" alt=\"\" class=\"brick-c-cFOWSL\" style=\"\"\/><\/p>\n<p>\n            Les ogs\u00e5<\/p>\n<p>              Schjelderup siktet: \u2013 Jeg har ingen unnskyldninger\n        <\/p>\n<p>  <\/a><br \/>\n  Delte video<\/p>\n<p>Berge er ikke i tvil om at situasjonen preger Benfica-spilleren, og mener flere kan l\u00e6re noe av denne saken.<\/p>\n<p>\u2013 Jeg synes han tok det veldig voksent. Han har st\u00e5tt i en storm der, og vi ser at det p\u00e5virker han. Da er det viktig for oss \u00e5 sl\u00e5 ring om ham og ta vare p\u00e5 han de dagene her. Schjelderup er en fantastisk fin gutt som har l\u00e6rt av det her n\u00e5, og det er en fin l\u00e6repenge for mange der ute ogs\u00e5, sier Berge.<\/p>\n<p>  <a href=\"https:\/\/www.an.no\/5-4-2276498\" class=\"related-teaser has-image default-story-teaser article--c-eRUmMG article--c-eRUmMG-jKCPdD-design-default\" rel=\"nofollow noopener\" target=\"_blank\"><\/p>\n<p>    <img decoding=\"async\" loading=\"lazy\"  src=\"https:\/\/www.europesays.com\/no\/wp-content\/uploads\/2025\/11\/1762916508_589_NTB_IPxhfk8ChLA.jpg\" alt=\"\" class=\"brick-c-cFOWSL\" style=\"\"\/><\/p>\n<p>\n            Les ogs\u00e5<\/p>\n<p>              Fotballpresidenten: \u2013 En meget alvorlig feil\n        <\/p>\n<p>  <\/a><\/p>\n<p>\u2013 Han vet at her p\u00e5 landslaget tar vi imot alle med \u00e5pne armer og gir trygghet og kj\u00e6rlighet. Det ser han at han f\u00e5r her, og vi gleder oss n\u00e5 alle til \u00e5 avslutte denne kvaliken, sier Berge videre.<\/p>\n<p>Schjelderup skal ha delt en videofilm p\u00e5 27 sekunder med seksuelt innhold av barn, meldte danske medier mandag.<\/p>\n<p>I helgen gikk landslagsspilleren ut i sosiale medier og slapp nyheten om at han venter \u00e5 bli d\u00f8mt for et lovbrudd i n\u00e6r fremtid.<\/p>\n<p>    Vil du se neste video?<\/p>\n<p>    <a href=\"https:\/\/www.an.no\/evakuert-etter-brann-i-bodo\/v\/5-4-2273664\" class=\"recommend-poster\" data-adp-clicklabel=\"video-recommend\" data-adp-clickvalue=\"poster\" rel=\"nofollow noopener\" target=\"_blank\"><br \/>\n      <img decoding=\"async\" width=\"200\" height=\"200\" loading=\"lazy\" src=\"https:\/\/www.europesays.com\/no\/wp-content\/uploads\/2025\/11\/v-i-f5b9b308-b7e4-4602-946e-b6f81a4aa36c-1762425455863.jpg\" alt=\"\" class=\"brick-c-cFOWSL\" style=\"--brick-image-ratio: 200 \/ 200;\"\/><\/p>\n<p>Her skjedde brannen i Bod\u00f80:37<\/p>\n<p>    <\/a><\/p>\n<p>Tirsdag skriver <a href=\"https:\/\/www.nrk.no\/sport\/andreas-schjelderup-roses-av-landsforeningen-mot-seksuelle-overgrep-1.17647627\" rel=\"Follow nofollow noopener\" target=\"_blank\">NRK<\/a> at Schjelderup f\u00e5r st\u00f8tte fra Landsforeningen mot seksuelle overgrep (LMSO) for \u00e5penheten rundt saken.<\/p>\n<p>\u2013 Det viser at folk og mennesker vi ser opp til, og spesielt unge mennesker kan havne i situasjoner hvor de deler s\u00e5nt type materiale. De mottar og f\u00e5r videoer eller bilder som de ikke er klar over at er ulovlig \u00e5 dele videre, og som de kanskje ikke forst\u00e5r alvorlighetsgraden av, sier Line Kolstad R\u00f8dseth til statskanalen.<\/p>\n<p>Hun legger til at hun mener det er bra at bod\u00f8v\u00e6ringen og Norges Fotballforbund er tydelige p\u00e5 sakens alvor.<\/p>\n<p>\u2013 Det er viktig og bra at han er \u00e5pen og at saken har f\u00e5tt fokus, sier R\u00f8dseth.<\/p>\n<p>F\u00e5r st\u00f8tte<\/p>\n<p>Han f\u00e5r st\u00f8tte ogs\u00e5 av kompis og lagkamerat p\u00e5 landslaget Patrick Berg.<\/p>\n<p>\u2013 Jeg snakker med ham stort sett hver dag i det daglige. En trist og kjip sak for alle involverte, og s\u00e5 synes jeg han har gjort det riktige med \u00e5 tilst\u00e5 og erkjenne den alvorlige feilen, sier Patrick Berg til NTB tirsdag.<\/p>\n<p>\u2013 Det f\u00e5r g\u00e5 sin gang og s\u00e5 f\u00e5r vi rette fokuset inn mot kampene. Andreas har l\u00f8st det p\u00e5 en veldig fin m\u00e5te overfor oss andre som er i gruppa, sier Berg.<\/p>\n<p>  <a href=\"https:\/\/www.an.no\/5-4-2276602\" class=\"related-teaser has-image default-story-teaser article--c-eRUmMG article--c-eRUmMG-jKCPdD-design-default\" rel=\"nofollow noopener\" target=\"_blank\"><\/p>\n<p>    <img decoding=\"async\" loading=\"lazy\"  src=\"https:\/\/www.europesays.com\/no\/wp-content\/uploads\/2025\/11\/NTB_smtfd4xpxmA.jpg\" alt=\"\" class=\"brick-c-cFOWSL\" style=\"\"\/><\/p>\n<p>\n            Les ogs\u00e5<\/p>\n<p>              N\u00e5 har landslagssjefen tatt en Schjelderup-avgj\u00f8relse\n        <\/p>\n<p>  <\/a><\/p>\n<p>Landslagssjef St\u00e5le Solbakken svarte p\u00e5 mange sp\u00f8rsm\u00e5l om Schjelderup mandag. Da sa han samtidig at han var usikker p\u00e5 om Schjelderup \u00f8nsket \u00e5 m\u00f8te pressen i forbindelse med landslagssamlingen.<\/p>\n<p>Tirsdag var 21-\u00e5ringen ikke en del av spillerne som ble gjort tilgjengelige for intervjuer.<\/p>\n<p>\u2013 Han har det OK. Etter forholdene fint, men det er klart at det er en p\u00e5kjenning for den unge mannen, sa Solbakken da han m\u00f8tte pressen mandag.<\/p>\n<p>\u2013 Vi f\u00e5r se hvordan han har det og hvor utladet han er, la landslagssjefen til.<\/p>\n<p>Solbakken fortalte at han ikke kom til \u00e5 bruke mer tid p\u00e5 \u00e5 svare p\u00e5 sp\u00f8rsm\u00e5l om Schjelderup-saken etter mandagens seanse.<\/p>\n<p>Norge m\u00f8ter Estland til VM-kvalifiseringskamp p\u00e5 Ullevaal torsdag, f\u00f8r bortem\u00f8tet med Italia runder av kvalifiseringen s\u00f8ndag.<\/p>\n<p>  <a href=\"https:\/\/www.an.no\/5-4-2276094\" class=\"related-teaser has-image default-story-teaser article--c-eRUmMG article--c-eRUmMG-jKCPdD-design-default\" rel=\"nofollow noopener\" target=\"_blank\"><\/p>\n<p>    <img decoding=\"async\" loading=\"lazy\"  src=\"https:\/\/www.europesays.com\/no\/wp-content\/uploads\/2025\/11\/cueres_scp-mangler_navn_g2u85s53tYI.jpg\" alt=\"\" class=\"brick-c-cFOWSL\" style=\"\"\/><\/p>\n<p>\n            Les ogs\u00e5<\/p>\n<p>              Benfica-president med Schjelderup-st\u00f8tte: \u2013 Har tatt ansvar\n        <\/p>\n<p>  <\/a><\/p>\n","protected":false},"excerpt":{"rendered":"(Nettavisen): Andreas Schjelderup reiste seg opp og beklaget seg overfor lagkameratene da de norske landslagsgutta m\u00f8ttes i Oslo&hellip;\n","protected":false},"author":2,"featured_media":84785,"comment_status":"","ping_status":"","sticky":false,"template":"","format":"standard","meta":{"footnotes":""},"categories":[59],"tags":[4761,36,92,30,28,29,83,82,1510],"class_list":{"0":"post-84784","1":"post","2":"type-post","3":"status-publish","4":"format-standard","5":"has-post-thumbnail","7":"category-sport","8":"tag-andreas-schjelderup","9":"tag-art","10":"tag-fotball","11":"tag-no","12":"tag-norge","13":"tag-norway","14":"tag-sport","15":"tag-sports","16":"tag-story"},"share_on_mastodon":{"url":"https:\/\/pubeurope.com\/@no\/115534505236943353","error":""},"_links":{"self":[{"href":"https:\/\/www.europesays.com\/no\/wp-json\/wp\/v2\/posts\/84784","targetHints":{"allow":["GET"]}}],"collection":[{"href":"https:\/\/www.europesays.com\/no\/wp-json\/wp\/v2\/posts"}],"about":[{"href":"https:\/\/www.europesays.com\/no\/wp-json\/wp\/v2\/types\/post"}],"author":[{"embeddable":true,"href":"https:\/\/www.europesays.com\/no\/wp-json\/wp\/v2\/users\/2"}],"replies":[{"embeddable":true,"href":"https:\/\/www.europesays.com\/no\/wp-json\/wp\/v2\/comments?post=84784"}],"version-history":[{"count":0,"href":"https:\/\/www.europesays.com\/no\/wp-json\/wp\/v2\/posts\/84784\/revisions"}],"wp:featuredmedia":[{"embeddable":true,"href":"https:\/\/www.europesays.com\/no\/wp-json\/wp\/v2\/media\/84785"}],"wp:attachment":[{"href":"https:\/\/www.europesays.com\/no\/wp-json\/wp\/v2\/media?parent=84784"}],"wp:term":[{"taxonomy":"category","embeddable":true,"href":"https:\/\/www.europesays.com\/no\/wp-json\/wp\/v2\/categories?post=84784"},{"taxonomy":"post_tag","embeddable":true,"href":"https:\/\/www.europesays.com\/no\/wp-json\/wp\/v2\/tags?post=84784"}],"curies":[{"name":"wp","href":"https:\/\/api.w.org\/{rel}","templated":true}]}}