{"id":84790,"date":"2025-11-12T03:19:55","date_gmt":"2025-11-12T03:19:55","guid":{"rendered":"https:\/\/www.europesays.com\/no\/84790\/"},"modified":"2025-11-12T03:19:55","modified_gmt":"2025-11-12T03:19:55","slug":"vi-har-allerede-passert-mange-varsellamper","status":"publish","type":"post","link":"https:\/\/www.europesays.com\/no\/84790\/","title":{"rendered":"Vi har allerede passert mange varsellamper"},"content":{"rendered":"<p class=\"text-md pt-2 pb-8 mb-3 text-base border-b border-brandNeutral-900 dark:border-brandNeutral-100\">Dette debattinnlegget gir uttrykk for skribentens meninger. Innlegg kan sendes til debatt@digi.no.<\/p>\n<p>P\u00e5 tampen av 2025 er vi n\u00e6rmere disse scenariene enn de fleste vil erkjenne. P\u00e5 plattformsiden har vi allerede passert mange varsellamper. <br \/>Snowden-scenariet kan fortsatt unng\u00e5s, men bare hvis vi handler f\u00f8r krisen banker p\u00e5 d\u00f8ra.<\/p>\n<p>Da internett ble kommersialisert i 1995, levde om lag \u00e9n av fem mennesker i liberale demokratier. I dag er det omtrent \u00e9n av ti, mens rundt sju av ti lever i autokratier.<\/p>\n<p>Samtidig beveger USA seg, nesten dag for dag, i retning av et illiberalt demokrati. Dette er ikke panikk, men en n\u00f8ktern risikovurdering. <br \/>N\u00e5r overv\u00e5knings- og p\u00e5virkningsarkitekturen f\u00f8rst er bygget, blir den vanskelig \u00e5 rulle tilbake.<\/p>\n<p>Fra varsler til virkelighet<\/p>\n<p>The Social Network viste hvordan oppmerksomhets\u00f8konomien kunne temme blikket v\u00e5rt og styre atferd. Der er vi. Forretningsmodellene bel\u00f8nner maksimal datainnsamling og flest mulig minutter p\u00e5 skjerm, ogs\u00e5 for barn.<\/p>\n<p>Snowden viste hvor lett et demokratisk overv\u00e5kningsapparat kan skrus opp n\u00e5r viljen er der. Dit er vi p\u00e5 vei. Generativ KI virker som forsterker p\u00e5 begge: Billigere produksjon av personalisert innhold, mer treffsikker m\u00e5lretting og mindre friksjon.<\/p>\n<p>Tre grep vi kan vedta n\u00e5<\/p>\n<ul class=\"mb-6\">&#13;<\/p>\n<li><strong>Stans masse-skanning av private meldinger:<\/strong> EU vil bekjempe overgrep mot barn ved \u00e5 skanne alles meldinger, ogs\u00e5 i krypterte tjenester. Intensjonen er god, men virkemiddelet \u00e5pner en Pandoras eske i form av en permanent infrastruktur for generell overv\u00e5kning. Si nei til generelle skanningsp\u00e5legg og ja til m\u00e5lrettet etterforskning med domstolskontroll, uten \u00e5 svekke kryptering for alle.<\/li>\n<p>&#13;<\/p>\n<li><strong>Hev aldersgrensen for sosiale medier til 15\u201316 \u00e5r \u2013 uten mer sporing:<\/strong> Kombiner h\u00f8yere aldersgrense med personvernvennlig alderssikring. Poenget er \u00e5 beskytte barn, ikke \u00e5 samle mer identitetsdata for markedsf\u00f8ring og manipulering.<\/li>\n<p>&#13;<\/p>\n<li><strong>Forby avhengighetsdesign for mindre\u00e5rige:<\/strong> \u00abEndless scroll\u00bb, autoplay, straffende streaks og poeng for skjermtid virker, og nettopp derfor brukes de. N\u00e5r m\u00e5lgruppen er barn, b\u00f8r regelen v\u00e6re forbud. Vi regulerer utforming, ikke innhold, og gj\u00f8r skadelig design ul\u00f8nnsomt.<\/li>\n<p>&#13;\n<\/ul>\n<p>Det holder ikke med holdningskampanjer og etikk-plakater. Forretningsmodeller og insentiver m\u00e5 reguleres. Vi m\u00e5 skru til pengestr\u00f8mmene som bel\u00f8nner overv\u00e5kning og manipulerende design, f\u00f8r neste krise gj\u00f8r knappene enklere \u00e5 skru opp. Og vi har d\u00e5rlig tid.\u00a0Vi er farlig n\u00e6r realitetene begge filmene advarte mot. Handler vi n\u00e5, kan vi fortsatt snu.<\/p>\n<p>Teknologien skal tjene oss mennesker, ikke omvendt, og i alle fall ikke noen f\u00e5 teknologiselskaper og statlige akt\u00f8rer som kun er opptatt av \u00e5 berike seg selv.\u00a0<\/p>\n<p><a class=\"group clear-both w-full !no-underline my-8 sm:my-12 bg-stone-50 dark:bg-brandStone-700 dark:text-brandNeutral-100 flex items-stretch flex-nowrap\" href=\"https:\/\/www.digi.no\/artikler\/intervju-norsk-cybersikkerhet-pa-offensiven-vi-tenker-som-en-trusselaktor\/562149\" rel=\"nofollow noopener\" target=\"_blank\"><img decoding=\"async\" class=\" object-cover h-full w-full transition-transform duration-700 ease-in-out group-hover:scale-[1.05] will-change-transform\" src=\"https:\/\/images.gfx.no\/undefinedx\/2894\/2894240\/holst-magnus-river.png\"  alt=\"Magnus Holst er daglig leder i River Security, som lykkes med l\u00f8nnsom vekst og n\u00e5 sikter mot utlandet.\" loading=\"lazy\"\/><\/p>\n<p>Les ogs\u00e5:<\/p>\n<p class=\"group-hover:underline text-brandNeutral-900 dark:text-brandNeutral-100 mt-2 text-base sm:text-xl leading-5 sm:leading-6 font-bold\">Norsk cybersikkerhet p\u00e5 offensiven: \u2013 Vi tenker som en trusselakt\u00f8r<\/p>\n<p><\/a><\/p>\n","protected":false},"excerpt":{"rendered":"Dette debattinnlegget gir uttrykk for skribentens meninger. Innlegg kan sendes til debatt@digi.no. P\u00e5 tampen av 2025 er vi&hellip;\n","protected":false},"author":2,"featured_media":84791,"comment_status":"","ping_status":"","sticky":false,"template":"","format":"standard","meta":{"footnotes":""},"categories":[12],"tags":[20,21,37,24,25,15,22,23,13,30,28,29,14,16,9544,1219,26,27,42,43,44,45],"class_list":{"0":"post-84790","1":"post","2":"type-post","3":"status-publish","4":"format-standard","5":"has-post-thumbnail","7":"category-verden","8":"tag-breaking-news","9":"tag-breakingnews","10":"tag-debatt","11":"tag-featured-news","12":"tag-featurednews","13":"tag-headlines","14":"tag-latest-news","15":"tag-latestnews","16":"tag-news","17":"tag-no","18":"tag-norge","19":"tag-norway","20":"tag-nyheter","21":"tag-overskrifter","22":"tag-personvern","23":"tag-sikkerhet","24":"tag-top-stories","25":"tag-topstories","26":"tag-verden","27":"tag-world","28":"tag-world-news","29":"tag-worldnews"},"share_on_mastodon":{"url":"https:\/\/pubeurope.com\/@no\/115534576006630321","error":""},"_links":{"self":[{"href":"https:\/\/www.europesays.com\/no\/wp-json\/wp\/v2\/posts\/84790","targetHints":{"allow":["GET"]}}],"collection":[{"href":"https:\/\/www.europesays.com\/no\/wp-json\/wp\/v2\/posts"}],"about":[{"href":"https:\/\/www.europesays.com\/no\/wp-json\/wp\/v2\/types\/post"}],"author":[{"embeddable":true,"href":"https:\/\/www.europesays.com\/no\/wp-json\/wp\/v2\/users\/2"}],"replies":[{"embeddable":true,"href":"https:\/\/www.europesays.com\/no\/wp-json\/wp\/v2\/comments?post=84790"}],"version-history":[{"count":0,"href":"https:\/\/www.europesays.com\/no\/wp-json\/wp\/v2\/posts\/84790\/revisions"}],"wp:featuredmedia":[{"embeddable":true,"href":"https:\/\/www.europesays.com\/no\/wp-json\/wp\/v2\/media\/84791"}],"wp:attachment":[{"href":"https:\/\/www.europesays.com\/no\/wp-json\/wp\/v2\/media?parent=84790"}],"wp:term":[{"taxonomy":"category","embeddable":true,"href":"https:\/\/www.europesays.com\/no\/wp-json\/wp\/v2\/categories?post=84790"},{"taxonomy":"post_tag","embeddable":true,"href":"https:\/\/www.europesays.com\/no\/wp-json\/wp\/v2\/tags?post=84790"}],"curies":[{"name":"wp","href":"https:\/\/api.w.org\/{rel}","templated":true}]}}