{"id":84849,"date":"2025-11-12T05:58:08","date_gmt":"2025-11-12T05:58:08","guid":{"rendered":"https:\/\/www.europesays.com\/no\/84849\/"},"modified":"2025-11-12T05:58:08","modified_gmt":"2025-11-12T05:58:08","slug":"skal-vi-danse-funkygine-snakker-ut-ikke-darlig-stemning","status":"publish","type":"post","link":"https:\/\/www.europesays.com\/no\/84849\/","title":{"rendered":"Skal vi danse, Funkygine | Snakker ut: \u2013 Ikke d\u00e5rlig stemning"},"content":{"rendered":"\n<p>(<a href=\"www.nettavisen.no\" rel=\"Follow\">Nettavisen<\/a>): P\u00e5 l\u00f8rdag var det <a href=\"https:\/\/www.nettavisen.no\/kjendis\/skal-vi-danse\/s\/5-95-2717546\" rel=\"Follow nofollow noopener\" target=\"_blank\">jubileumsepisode i \u00abSkal vi danse\u00bb<\/a>, der en rekke tidligere dommere, programledere og deltakere var til stede for \u00e5 feire at det popul\u00e6re programmet har sin 20. sesong i \u00e5r.<\/p>\n<p><a href=\"https:\/\/www.nettavisen.no\/kjendis\/aleksander-hetland-fant-tilbake-til-ekskjaresten\/s\/5-95-2366000\" rel=\"Follow nofollow noopener\" target=\"_blank\">Den tidligere sv\u00f8mmestjernen Aleksander Hetland (42)<\/a> var blant de som dukket opp. Han gikk til topps sammen med Nadya Khamitskaya (42) i 2019 \u2013 og vant dermed over J\u00f8rgine Vasstrand (36), som m\u00e5tte se seg sl\u00e5tt p\u00e5 m\u00e5lstreken. <\/p>\n<p>I etterkant har Vasstrand ikke lagt skjult p\u00e5 at hun var misforn\u00f8yd med andreplassen, og ogs\u00e5 uttalt at hun \u00abhater\u00bb \u00abSkal vi danse\u00bb.<\/p>\n<p>\u2013 Ikke d\u00e5rlig stemning <\/p>\n<p>Vasstrand var ikke til stede i \u00abSkal vi danse\u00bb-salen p\u00e5 l\u00f8rdag, men det var Alexander Hetland. 42-\u00e5ringen sier at det var kult \u00e5 v\u00e6re tilbake i danseuniverset som gjest. <\/p>\n<p>\u2013 Jeg savner mye med \u00abSkal vi danse\u00bb. Spesielt treningene, mestringen og det \u00e5 l\u00e6re seg noe nytt, for deretter \u00e5 vise det fram for en haug med folk. Men jeg f\u00f8ler jeg har gjort mitt, sier Hetland til Nettavisen.<\/p>\n<p>Han hyller J\u00f8rgine Vasstrand, som ogs\u00e5 deltok i \u00abAll stars\u00bb-sesongen i 2022. Ogs\u00e5 da endte hun p\u00e5 en andreplass. Hetland deltok ogs\u00e5, men m\u00e5tte da n\u00f8ye seg med en tredjeplass.<\/p>\n<p>\u2013 Det var helt herlig \u00e5 ha en sesong med J\u00f8rgine. Hun har jo v\u00e6rt med to ganger. Hun er en kjempebra konkurrent, gikk \u00aball in\u00bb og leverte d\u00f8dsbra. Hun har levert noen av de aller beste dansene. S\u00e5 det \u00e5 konkurrere med henne var en \u00e6re, minnes Hetland.<\/p>\n<p>Den tidligere sv\u00f8mmeren sier at tonen mellom dem er god. <\/p>\n<p>\u2013 Det er ikke noe d\u00e5rlig stemning mellom oss i det hele tatt. At hun ville vinne, betyr bare at hun er et heftig konkurransemenneske og det st\u00e5r det respekt av.<\/p>\n<p>F\u00f8lger med: En deltaker skiller seg ut<\/p>\n<p>Hetland f\u00f8lger ivrig med p\u00e5 \u00e5rets sesong, og det er \u00e9n deltaker han synes skiller seg ut. <\/p>\n<p>\u2013 Jeg ser veldig etter progresjon. Noen kommer inn og kan mye fra f\u00f8r, mens andre kan mindre. Jeg synes for eksempel Viggo virkelig har hatt en god utvikling, sier Hetland til Nettavisen.<\/p>\n<p>Det var ingen som r\u00f8yk ut i l\u00f8rdagens episode. De som fikk f\u00e6rrest poeng og er usikre til neste l\u00f8rdag, er Trygve Bennetsen, Tiril Eckhoff og Desta Marie Beeder.<\/p>\n","protected":false},"excerpt":{"rendered":"(Nettavisen): P\u00e5 l\u00f8rdag var det jubileumsepisode i \u00abSkal vi danse\u00bb, der en rekke tidligere dommere, programledere og deltakere&hellip;\n","protected":false},"author":2,"featured_media":84436,"comment_status":"","ping_status":"","sticky":false,"template":"","format":"standard","meta":{"footnotes":""},"categories":[58],"tags":[234,36,71,10981,11327,30,28,29,2280,1510,72],"class_list":{"0":"post-84849","1":"post","2":"type-post","3":"status-publish","4":"format-standard","5":"has-post-thumbnail","7":"category-underholdning","8":"tag-aleksander-hetland","9":"tag-art","10":"tag-entertainment","11":"tag-funkygine","12":"tag-jorgine-vasstrand","13":"tag-no","14":"tag-norge","15":"tag-norway","16":"tag-skal-vi-danse","17":"tag-story","18":"tag-underholdning"},"share_on_mastodon":{"url":"https:\/\/pubeurope.com\/@no\/115535197255020614","error":""},"_links":{"self":[{"href":"https:\/\/www.europesays.com\/no\/wp-json\/wp\/v2\/posts\/84849","targetHints":{"allow":["GET"]}}],"collection":[{"href":"https:\/\/www.europesays.com\/no\/wp-json\/wp\/v2\/posts"}],"about":[{"href":"https:\/\/www.europesays.com\/no\/wp-json\/wp\/v2\/types\/post"}],"author":[{"embeddable":true,"href":"https:\/\/www.europesays.com\/no\/wp-json\/wp\/v2\/users\/2"}],"replies":[{"embeddable":true,"href":"https:\/\/www.europesays.com\/no\/wp-json\/wp\/v2\/comments?post=84849"}],"version-history":[{"count":0,"href":"https:\/\/www.europesays.com\/no\/wp-json\/wp\/v2\/posts\/84849\/revisions"}],"wp:featuredmedia":[{"embeddable":true,"href":"https:\/\/www.europesays.com\/no\/wp-json\/wp\/v2\/media\/84436"}],"wp:attachment":[{"href":"https:\/\/www.europesays.com\/no\/wp-json\/wp\/v2\/media?parent=84849"}],"wp:term":[{"taxonomy":"category","embeddable":true,"href":"https:\/\/www.europesays.com\/no\/wp-json\/wp\/v2\/categories?post=84849"},{"taxonomy":"post_tag","embeddable":true,"href":"https:\/\/www.europesays.com\/no\/wp-json\/wp\/v2\/tags?post=84849"}],"curies":[{"name":"wp","href":"https:\/\/api.w.org\/{rel}","templated":true}]}}