{"id":84862,"date":"2025-11-12T06:19:12","date_gmt":"2025-11-12T06:19:12","guid":{"rendered":"https:\/\/www.europesays.com\/no\/84862\/"},"modified":"2025-11-12T06:19:12","modified_gmt":"2025-11-12T06:19:12","slug":"jessica-alba-og-danny-ramirez-setter-fyr-pa-romanseryktene-med-bilder-pa-instagram-2","status":"publish","type":"post","link":"https:\/\/www.europesays.com\/no\/84862\/","title":{"rendered":"Jessica Alba og Danny Ramirez setter fyr p\u00e5 romanseryktene med bilder p\u00e5 Instagram"},"content":{"rendered":"<p class=\"kicker \" style=\"\">Jessica Alba &amp; Danny Ramirez:<\/p>\n<p>  Romanseryktene blusset opp i sommer. N\u00e5 har de g\u00e5tt \u00abInstagram-official\u00bb.\u00a0<\/p>\n<p>\n    DUKKET OPP SAMMEN: Jessica Alba og Danny Ramirez dukket opp sammen p\u00e5 \u00abBaby2Baby\u00bb-stfitelsens veldedighetsball i helgen. Foto: Instagram @dannyramirez\n  <\/p>\n<p>Kun noen uker etter Jessica Alba (44) og Danny Ramirez (32) delte noen glimt fra turen deres i Australia dukker de igjen opp p\u00e5 hverandres sosiale medier. Det skriver magasinet <a href=\"https:\/\/people.com\/jessica-alba-danny-ramirez-go-instagram-official-gala-11846506\" target=\"_blank\" rel=\"nofollow noopener\">People<\/a>.<\/p>\n<p>          <img loading=\"lazy\" decoding=\"async\" src=\"https:\/\/www.europesays.com\/no\/wp-content\/uploads\/2025\/11\/83834095.webp\" width=\"686\" height=\"392\" title=\"SMILER TIL KAMERA: De nye flammene poserte sammen p\u00e5 flere bilder gjennom kvelden, b\u00e5de alene og med venner. Foto: Instagram @dannyramirez\" alt=\"\" class=\"\" style=\"--aspect-ratio-image: 1.75; \"\/><\/p>\n<p>\n          SMILER TIL KAMERA: De nye flammene poserte sammen p\u00e5 flere bilder gjennom kvelden, b\u00e5de alene og med venner. Foto: Instagram @dannyramirez\n      <\/p>\n<p>L\u00f8rdag kveld arrangerte stiftelsen \u00abBaby2Baby\u00bb sitt \u00e5rlige veldedighetsball. Dagen etter delte Ramirez en rekke bilder av ham og Alba fra ballet p\u00e5 Instagram.\u00a0<\/p>\n<p>    <a itemprop=\"url\" href=\"https:\/\/www.seher.no\/kjendis\/tmz-skilsmissesjokk\/82486971\" rel=\"nofollow noopener\" target=\"_blank\"><\/p>\n<p>      <img loading=\"lazy\" decoding=\"async\" src=\"https:\/\/www.europesays.com\/no\/wp-content\/uploads\/2025\/11\/82486993.webp\" width=\"980\" height=\"441\" title=\"TMZ: Skilsmissesjokk\" alt=\"\" class=\"lazyload\" style=\"--aspect-ratio-image: 2.22; \"\/><\/p>\n<p>        TMZ: Skilsmissesjokk<\/p>\n<p>    <\/a><\/p>\n<p>Alba p\u00e5 sin side delte bilder av de to sammen p\u00e5 sin Instagram-story.<\/p>\n<p>          <img loading=\"lazy\" decoding=\"async\" src=\"https:\/\/www.europesays.com\/no\/wp-content\/uploads\/2025\/11\/83834097.webp\" width=\"686\" height=\"392\" title=\"\u00abINSTAGRAM OFFICAL\u00bb: Alba repostet flere bilder som ble tatt av henne og Ramirez under ballet, samt kommentere to hjerte\u00f8yne-emojier under Ramorez sitt innlegg samme kvelden. Foto: Instagram @dannyramirez\" alt=\"\" class=\"\" style=\"--aspect-ratio-image: 1.75; \"\/><\/p>\n<p>\n          \u00abINSTAGRAM OFFICAL\u00bb: Alba repostet flere bilder som ble tatt av henne og Ramirez under ballet, samt kommentere to hjerte\u00f8yne-emojier under Ramorez sitt innlegg samme kvelden. Foto: Instagram @dannyramirez\n      <\/p>\n<p>I januar i \u00e5r kom nyheten om at Alba og eksmannen Cash Warren (46) hadde g\u00e5tt fra hverandre etter 20 \u00e5r som kj\u00e6rester, og 17 \u00e5r som gift.\u00a0<\/p>\n<p>        SJOKKERT: Thale Torjussen og Trygve Bennetsen ble tatt p\u00e5 senga av sjokkbeskjeden. Reporter: Nora Skavhaug. Video: Thea Hope. <\/p>\n<p>Senere i juli ble skuespilleren fotografert sammen med Ramirez, og dermed begynte romanseryktene \u00e5 spre seg.\u00a0<\/p>\n<p>    <a itemprop=\"url\" href=\"https:\/\/www.seher.no\/kjendis\/hand-i-handmed-ny-flamme\/83777250\" rel=\"nofollow noopener\" target=\"_blank\"><\/p>\n<p>      <img loading=\"lazy\" decoding=\"async\" src=\"https:\/\/www.europesays.com\/no\/wp-content\/uploads\/2025\/11\/83777284.webp\" width=\"980\" height=\"441\" title=\"H\u00e5nd i h\u00e5nd med ny flamme\" alt=\"\" class=\"lazyload\" style=\"--aspect-ratio-image: 2.22; \"\/><\/p>\n<p>        H\u00e5nd i h\u00e5nd med ny flamme<\/p>\n<p>    <\/a><\/p>\n<p>S\u00e5 i oktober delte Alba en rekke bilder p\u00e5 sin Instagram fra en ferietur til Australia, sammen med den nye flammen.\u00a0<\/p>\n<p>I tillegg kunne <a href=\"https:\/\/pagesix.com\/2025\/10\/27\/celebrity-news\/jessica-alba-soft-launches-danny-ramirez-romance-on-instagram-with-beach-getaway-pics\/\" target=\"_blank\" rel=\"nofollow noopener\">Page Six<\/a> melde at de to hadde blitt observert mens de kysset allerede i mai, samt at de hadde blitt sett p\u00e5 flere dater gjennom sommeren.<\/p>\n","protected":false},"excerpt":{"rendered":"Jessica Alba &amp; Danny Ramirez: Romanseryktene blusset opp i sommer. N\u00e5 har de g\u00e5tt \u00abInstagram-official\u00bb.\u00a0 DUKKET OPP SAMMEN:&hellip;\n","protected":false},"author":2,"featured_media":84863,"comment_status":"","ping_status":"","sticky":false,"template":"","format":"standard","meta":{"footnotes":""},"categories":[58],"tags":[71,10011,479,2543,30,28,29,72],"class_list":{"0":"post-84862","1":"post","2":"type-post","3":"status-publish","4":"format-standard","5":"has-post-thumbnail","7":"category-underholdning","8":"tag-entertainment","9":"tag-jessica-alba","10":"tag-kjendis","11":"tag-kjendisdesken","12":"tag-no","13":"tag-norge","14":"tag-norway","15":"tag-underholdning"},"share_on_mastodon":{"url":"https:\/\/pubeurope.com\/@no\/115535279850787610","error":""},"_links":{"self":[{"href":"https:\/\/www.europesays.com\/no\/wp-json\/wp\/v2\/posts\/84862","targetHints":{"allow":["GET"]}}],"collection":[{"href":"https:\/\/www.europesays.com\/no\/wp-json\/wp\/v2\/posts"}],"about":[{"href":"https:\/\/www.europesays.com\/no\/wp-json\/wp\/v2\/types\/post"}],"author":[{"embeddable":true,"href":"https:\/\/www.europesays.com\/no\/wp-json\/wp\/v2\/users\/2"}],"replies":[{"embeddable":true,"href":"https:\/\/www.europesays.com\/no\/wp-json\/wp\/v2\/comments?post=84862"}],"version-history":[{"count":0,"href":"https:\/\/www.europesays.com\/no\/wp-json\/wp\/v2\/posts\/84862\/revisions"}],"wp:featuredmedia":[{"embeddable":true,"href":"https:\/\/www.europesays.com\/no\/wp-json\/wp\/v2\/media\/84863"}],"wp:attachment":[{"href":"https:\/\/www.europesays.com\/no\/wp-json\/wp\/v2\/media?parent=84862"}],"wp:term":[{"taxonomy":"category","embeddable":true,"href":"https:\/\/www.europesays.com\/no\/wp-json\/wp\/v2\/categories?post=84862"},{"taxonomy":"post_tag","embeddable":true,"href":"https:\/\/www.europesays.com\/no\/wp-json\/wp\/v2\/tags?post=84862"}],"curies":[{"name":"wp","href":"https:\/\/api.w.org\/{rel}","templated":true}]}}