{"id":84893,"date":"2025-11-12T07:09:17","date_gmt":"2025-11-12T07:09:17","guid":{"rendered":"https:\/\/www.europesays.com\/no\/84893\/"},"modified":"2025-11-12T07:09:17","modified_gmt":"2025-11-12T07:09:17","slug":"na-alvorlig-trafikkulykke-i-oslo-vg","status":"publish","type":"post","link":"https:\/\/www.europesays.com\/no\/84893\/","title":{"rendered":"n\u00e5: Alvorlig trafikkulykke i Oslo &#8211; VG"},"content":{"rendered":"<ol>\n<li><a href=\"https:\/\/news.google.com\/rss\/articles\/CBMickFVX3lxTE94b1pNdE5jdVhJU0xjRWp5RVR5YVlabzg1OGRCMmlKWG5MQUZldEQ1OEVkdDBTWm1IWHFldzE0ZUFMWUd6U3BkRG52TkJ3SU1hNEc5cHBiNHpITERpR2NPa3Q3Rnd6cDE1b253ek1adGRFUQ?oc=5\" target=\"_blank\" rel=\"nofollow noopener\">n\u00e5: Alvorlig trafikkulykke i Oslo<\/a>&nbsp;&nbsp;VG<\/li>\n<li><a href=\"https:\/\/news.google.com\/rss\/articles\/CBMikgFBVV95cUxPcTFNZ2lJdkhycl94MUxTakdyRDFSZndNbzltN3NTRUJsdklSVVBDdjJsOUU0RFE1WDR5Q2dyd1BjN0d4SkNWYlVSN1FUWmtVYk9qSS1mUXh3enltT3NpZlV0Sm8xZmhnbEVzSG01R3RZT0Riakh6dUVsNVpIcWlQOWV0VUh4ZE9yMjJlVURNV1o1UQ?oc=5\" target=\"_blank\" rel=\"nofollow noopener\">Ulykke, Nyhetsvarsel | Person p\u00e5kj\u00f8rt i Oslo: \u2013 Fremst\u00e5r alvorlig<\/a>&nbsp;&nbsp;Nettavisen<\/li>\n<li><a href=\"https:\/\/news.google.com\/rss\/articles\/CBMivAFBVV95cUxNNmhZRmhmZkl6OHl6cUZoc0hmWlJxTlR4Y3hkZml5b0VnNG9MYlFCdmRieV84amw5MkxNSnVqZjk5eXBmNUJvWjlGcWgzUU9Kc1VDbVllN2t0clduVkhKaUo3Q2NKVDdYVkZSSWdTSUZjWWNNZllXbU9mWWc3cUg3ZHNnMDVQRXJNeFRPend4LWY5R1RSanVwUXU0dXBPY2pZQS1SRktSbzViSHdTT3M5aXRsQmNfc1VPYmtVNw?oc=5\" target=\"_blank\" rel=\"nofollow noopener\">Person p\u00e5kj\u00f8rt i morgenrushet ved Marienlyst, p\u00e5 Ring 2<\/a>&nbsp;&nbsp;V\u00e5rtOslo<\/li>\n<li><a href=\"https:\/\/news.google.com\/rss\/articles\/CBMie0FVX3lxTE4tSWc5clRCbVM1OU8tek9Uenh1VlBWYllCSGRGbk9Bd3NYNC0yUk03bktaWjlibWsxQjllNEM4R1NvUG14WWxlMDlKTXVVSFdaSF8xRlhrcHdScjFheDVCMVpwSjVULWxFQmVOYmgzaWkyemk4SmZ1dkRjYw?oc=5\" target=\"_blank\" rel=\"nofollow noopener\">Fagerborg, Trafikkulykke | Person p\u00e5kj\u00f8rt \u2013 fremst\u00e5r alvorlig<\/a>&nbsp;&nbsp;Avisa Oslo<\/li>\n<li><a href=\"https:\/\/news.google.com\/rss\/articles\/CBMiakFVX3lxTFB1cDhIOXhhWkFqVlV6TTVHczRKMHA2QUxhcXo0TUtBVkFpNHpWX1lTamFkaURrUldkUldFS1prVUk0czJrUEJ4NEx0OG8wVl9GTGZGbXhNejEwMUx6Nkh2SWtuYlcxczVoUVE?oc=5\" target=\"_blank\" rel=\"nofollow noopener\">Person p\u00e5kj\u00f8rt i Oslo \u2013 fremst\u00e5r alvorlig<\/a>&nbsp;&nbsp;Radio Haugaland<\/li>\n<\/ol>\n","protected":false},"excerpt":{"rendered":"n\u00e5: Alvorlig trafikkulykke i Oslo&nbsp;&nbsp;VG Ulykke, Nyhetsvarsel | Person p\u00e5kj\u00f8rt i Oslo: \u2013 Fremst\u00e5r alvorlig&nbsp;&nbsp;Nettavisen Person p\u00e5kj\u00f8rt i&hellip;\n","protected":false},"author":2,"featured_media":84894,"comment_status":"","ping_status":"","sticky":false,"template":"","format":"standard","meta":{"footnotes":""},"categories":[10],"tags":[31,20,21,24,25,15,22,23,13,30,28,29,14,16,26,27],"class_list":{"0":"post-84893","1":"post","2":"type-post","3":"status-publish","4":"format-standard","5":"has-post-thumbnail","7":"category-norge","8":"tag-breaking","9":"tag-breaking-news","10":"tag-breakingnews","11":"tag-featured-news","12":"tag-featurednews","13":"tag-headlines","14":"tag-latest-news","15":"tag-latestnews","16":"tag-news","17":"tag-no","18":"tag-norge","19":"tag-norway","20":"tag-nyheter","21":"tag-overskrifter","22":"tag-top-stories","23":"tag-topstories"},"share_on_mastodon":{"url":"https:\/\/pubeurope.com\/@no\/115535476493419650","error":""},"_links":{"self":[{"href":"https:\/\/www.europesays.com\/no\/wp-json\/wp\/v2\/posts\/84893","targetHints":{"allow":["GET"]}}],"collection":[{"href":"https:\/\/www.europesays.com\/no\/wp-json\/wp\/v2\/posts"}],"about":[{"href":"https:\/\/www.europesays.com\/no\/wp-json\/wp\/v2\/types\/post"}],"author":[{"embeddable":true,"href":"https:\/\/www.europesays.com\/no\/wp-json\/wp\/v2\/users\/2"}],"replies":[{"embeddable":true,"href":"https:\/\/www.europesays.com\/no\/wp-json\/wp\/v2\/comments?post=84893"}],"version-history":[{"count":0,"href":"https:\/\/www.europesays.com\/no\/wp-json\/wp\/v2\/posts\/84893\/revisions"}],"wp:featuredmedia":[{"embeddable":true,"href":"https:\/\/www.europesays.com\/no\/wp-json\/wp\/v2\/media\/84894"}],"wp:attachment":[{"href":"https:\/\/www.europesays.com\/no\/wp-json\/wp\/v2\/media?parent=84893"}],"wp:term":[{"taxonomy":"category","embeddable":true,"href":"https:\/\/www.europesays.com\/no\/wp-json\/wp\/v2\/categories?post=84893"},{"taxonomy":"post_tag","embeddable":true,"href":"https:\/\/www.europesays.com\/no\/wp-json\/wp\/v2\/tags?post=84893"}],"curies":[{"name":"wp","href":"https:\/\/api.w.org\/{rel}","templated":true}]}}