{"id":84911,"date":"2025-11-12T07:36:44","date_gmt":"2025-11-12T07:36:44","guid":{"rendered":"https:\/\/www.europesays.com\/no\/84911\/"},"modified":"2025-11-12T07:36:44","modified_gmt":"2025-11-12T07:36:44","slug":"estland-uten-to-nokkelspillere-for-norge-mote","status":"publish","type":"post","link":"https:\/\/www.europesays.com\/no\/84911\/","title":{"rendered":"Estland uten to n\u00f8kkelspillere f\u00f8r Norge-m\u00f8te"},"content":{"rendered":"\n<p class=\"_lead_o9xde_2 _lead_xtcu6_50 layout-component text-serif-m layout-normal text-serif-l layout-component layout-wide layout-padded _wide_17hqh_1 layout-padded\">Estland-trener J\u00fcrgen Henn m\u00e5 klare seg uten flere n\u00f8kkelspillere i fors\u00f8ket p\u00e5 \u00e5 spolere Norges VM-fest p\u00e5 Ullev\u00e5l torsdag.<\/p>\n<p><img alt=\"Maksim Paskotski, som m\u00e5tte se p\u00e5 da Erling Braut Haaland sikret seieren for Norge i Estland i sommer, m\u00e5 st\u00e5 over returoppgj\u00f8ret p\u00e5 Ullev\u00e5l.  Foto: Lise \u00c5serud \/ NTB\" class=\"_image_qp4xg_65 layout-component layout-wide\" data-fullscreen- data-track-element-type=\"Article image fullscreen\" data-track-name=\"ImageFullscreen\" fetchpriority=\"high\" decoding=\"sync\" loading=\"eager\" height=\"2057\" itemprop=\"image\"  src=\"https:\/\/www.europesays.com\/no\/wp-content\/uploads\/2025\/11\/a6e0b1b3-0ec0-41c1-b210-e214ca1ba08e\"  style=\"object-position:0% 0%\" width=\"2987\"\/>Maksim Paskotski, som m\u00e5tte se p\u00e5 da Erling Braut Haaland sikret seieren for Norge i Estland i sommer, m\u00e5 st\u00e5 over returoppgj\u00f8ret p\u00e5 Ullev\u00e5l.  Foto: Lise \u00c5serud \/ NTB<\/p>\n<ul aria-hidden=\"true\" class=\"_images_18f0k_111\">\n<li><a class=\"_link_18f0k_116\" href=\"https:\/\/www.vg.no\/forfatter\/ntb\" style=\"z-index:1\" title=\"NTB\" rel=\"nofollow noopener\" target=\"_blank\"><img alt=\"Bilde av NTB\" class=\"_image_18f0k_93\" fetchpriority=\"low\" loading=\"lazy\" decoding=\"async\" itemprop=\"image\"  src=\"https:\/\/www.europesays.com\/no\/wp-content\/uploads\/2025\/11\/1762933004_329_c33980b0-5d07-4027-84a1-813f90a7c8d6\"  width=\"480\"\/><\/a><\/li>\n<\/ul>\n<p> Oppdatert onsdag 12. november kl. 08:00    <\/p>\n<ul class=\"_list_o9xde_3 _list_64s2r_85 _unordered_o9xde_106 text-sans-m\">\n<li class=\"_item_o9xde_30\">Estland mangler n\u00f8kkelspillerne Maksim Paskotski og Mattias K\u00e4it p\u00e5 grunn av skader.<\/li>\n<li class=\"_item_o9xde_30\">Eks-LSK- og Sarpsborg-spiller Joonas Tamm er ogs\u00e5 ute med skade, mens Matvei Igonen er frav\u00e6rende av personlige grunner.<\/li>\n<li class=\"_item_o9xde_30\">Norge m\u00f8ter Estland p\u00e5 Ullevaal torsdag, en seier vil nesten sikre VM-plass.<\/li>\n<\/ul>\n<p>Vis mer <\/p>\n<p class=\"_paragraph_o9xde_4 _paragraph_xtcu6_10 layout-component text-serif-m layout-normal text-serif-m layout-padded\"> Profilene Maksim Paskotski (22) og Mattias K\u00e4it (27) er begge ute av troppen p\u00e5 grunn av skade, skriver den estiske avisen <a href=\"https:\/\/sport.postimees.ee\/8358789\/eesti-jalgpallikoondis-jai-ilma-kahest-olulisest-lulist\" class=\"_link_o9xde_39\" rel=\"nofollow noopener\" target=\"_blank\">Postimees<\/a>.<\/p>\n<p class=\"_paragraph_o9xde_4 _paragraph_xtcu6_10 layout-component text-serif-m layout-normal text-serif-m layout-padded\">Begge to har startet samtlige av Estlands sju kamper i VM-kvalifiseringen, og til sammen har de over 100 kamper med det estiske flagget p\u00e5 brystet.<\/p>\n<p class=\"_paragraph_o9xde_4 _paragraph_xtcu6_10 layout-component text-serif-m layout-normal text-serif-m layout-padded\">Paskotski m\u00e5tte tas av banen i det 65. minuttet da hans Gent spilte 1-1 mot Genk i den belgiske toppdivisjonen s\u00f8ndag. Dagen f\u00f8r ble K\u00e4it byttet ut til pause for den sveitsiske serielederen Thun i 1-0-seieren mot Servette.<\/p>\n<p class=\"_paragraph_o9xde_4 _paragraph_xtcu6_10 layout-component text-serif-m layout-normal text-serif-m layout-padded\">Fra f\u00f8r er det kjent at tidligere Lillestr\u00f8m- og Sarpsborg-stopper Joonas Tamm var ute med skade, mens Matvei Igonen, ogs\u00e5 han med en fortid p\u00e5 \u00c5r\u00e5sen, uteblir fra troppen av personlige \u00e5rsaker.<\/p>\n<p class=\"_paragraph_o9xde_4 _paragraph_xtcu6_10 layout-component text-serif-m layout-normal text-serif-m layout-padded\">Norge m\u00f8ter Estland p\u00e5 Ullevaal torsdag. En seier der vil langt p\u00e5 vei sikre plassen i neste \u00e5rs VM. Italia venter p\u00e5 San Siro i Milano.<\/p>\n<p class=\"_paragraph_o9xde_4 _paragraph_xtcu6_10 layout-component text-serif-m layout-normal text-serif-m layout-padded\">Estland ligger p\u00e5 4. plass med fire poeng, tre poeng foran tabelljumbo Moldova, og st\u00e5r uten mulighet til \u00e5 g\u00e5 videre fra kvalifiseringen.<\/p>\n","protected":false},"excerpt":{"rendered":"Estland-trener J\u00fcrgen Henn m\u00e5 klare seg uten flere n\u00f8kkelspillere i fors\u00f8ket p\u00e5 \u00e5 spolere Norges VM-fest p\u00e5 Ullev\u00e5l&hellip;\n","protected":false},"author":2,"featured_media":84912,"comment_status":"","ping_status":"","sticky":false,"template":"","format":"standard","meta":{"footnotes":""},"categories":[59],"tags":[3163,30,28,29,83,82,4167],"class_list":{"0":"post-84911","1":"post","2":"type-post","3":"status-publish","4":"format-standard","5":"has-post-thumbnail","7":"category-sport","8":"tag-herrelandslaget-fotball","9":"tag-no","10":"tag-norge","11":"tag-norway","12":"tag-sport","13":"tag-sports","14":"tag-vm-kvalifisering"},"share_on_mastodon":{"url":"https:\/\/pubeurope.com\/@no\/115535582710426611","error":""},"_links":{"self":[{"href":"https:\/\/www.europesays.com\/no\/wp-json\/wp\/v2\/posts\/84911","targetHints":{"allow":["GET"]}}],"collection":[{"href":"https:\/\/www.europesays.com\/no\/wp-json\/wp\/v2\/posts"}],"about":[{"href":"https:\/\/www.europesays.com\/no\/wp-json\/wp\/v2\/types\/post"}],"author":[{"embeddable":true,"href":"https:\/\/www.europesays.com\/no\/wp-json\/wp\/v2\/users\/2"}],"replies":[{"embeddable":true,"href":"https:\/\/www.europesays.com\/no\/wp-json\/wp\/v2\/comments?post=84911"}],"version-history":[{"count":0,"href":"https:\/\/www.europesays.com\/no\/wp-json\/wp\/v2\/posts\/84911\/revisions"}],"wp:featuredmedia":[{"embeddable":true,"href":"https:\/\/www.europesays.com\/no\/wp-json\/wp\/v2\/media\/84912"}],"wp:attachment":[{"href":"https:\/\/www.europesays.com\/no\/wp-json\/wp\/v2\/media?parent=84911"}],"wp:term":[{"taxonomy":"category","embeddable":true,"href":"https:\/\/www.europesays.com\/no\/wp-json\/wp\/v2\/categories?post=84911"},{"taxonomy":"post_tag","embeddable":true,"href":"https:\/\/www.europesays.com\/no\/wp-json\/wp\/v2\/tags?post=84911"}],"curies":[{"name":"wp","href":"https:\/\/api.w.org\/{rel}","templated":true}]}}