{"id":84948,"date":"2025-11-12T08:27:13","date_gmt":"2025-11-12T08:27:13","guid":{"rendered":"https:\/\/www.europesays.com\/no\/84948\/"},"modified":"2025-11-12T08:27:13","modified_gmt":"2025-11-12T08:27:13","slug":"her-er-taktyvene-pa-romerrikssenteret","status":"publish","type":"post","link":"https:\/\/www.europesays.com\/no\/84948\/","title":{"rendered":"Her er taktyvene p\u00e5 Romerriks\u00adsenteret"},"content":{"rendered":"\n<ul class=\"_list_o9xde_3 _list_64s2r_85 _unordered_o9xde_106 text-sans-m\">\n<li class=\"_item_o9xde_30\">Politiet st\u00e5r uten mistenkte etter millionbrekket p\u00e5 Skin Tonic natt til mandag.<\/li>\n<li class=\"_item_o9xde_30\">Tyvene br\u00f8t seg inn gjennom taket og stjal varer verdt opptil 1,5 millioner kroner.<\/li>\n<li class=\"_item_o9xde_30\">Overv\u00e5kningsbilder viser gjerningspersonene, men ingen er enn\u00e5 identifisert.<\/li>\n<li class=\"_item_o9xde_30\">Flere butikker p\u00e5 Romerikssenteret har v\u00e6rt utsatt for lignende innbrudd de siste 20 \u00e5rene.<\/li>\n<\/ul>\n<p>Vis mer <\/p>\n<p class=\"_paragraph_o9xde_4 _paragraph_xtcu6_10 layout-component text-serif-m layout-normal text-serif-m layout-padded\"><a href=\"https:\/\/www.vg.no\/i\/LMyqQp\" data-track-element-type=\"Link\" data-track-id=\"link:LMyqQp\" class=\"_link_o9xde_39\" rel=\"nofollow noopener\" target=\"_blank\">Natt til mandag ble<\/a> parfymeriet Skin Tonic utsatt for et millionbrekk. <\/p>\n<p class=\"_paragraph_o9xde_4 _paragraph_xtcu6_10 layout-component text-serif-m layout-normal text-serif-m layout-padded\">Tyver p\u00e5 jakt etter godlukt tok med seg varer med en verdi p\u00e5 opptil 1,5 millioner kroner.<\/p>\n<p class=\"_paragraph_o9xde_4 _paragraph_xtcu6_10 layout-component text-serif-m layout-normal text-serif-m layout-padded\"><strong class=\"_strong_o9xde_25\">Bilder fra overv\u00e5kningskameraene viser kjeltringene utenfor senteret:<\/strong><\/p>\n<p class=\"_paragraph_o9xde_4 _paragraph_xtcu6_10 layout-component text-serif-m layout-normal text-serif-m layout-padded\">Videoen viser to maskerte menn, hvor den ene b\u00e6rer p\u00e5 en stige. Han setter stigen opp mot bygningen, f\u00f8r de begge klatrer opp p\u00e5 taket.<\/p>\n<p class=\"_paragraph_o9xde_4 _paragraph_xtcu6_10 layout-component text-serif-m layout-normal text-serif-m layout-padded\">Etter en stund kommer to andre maskerte menn. De triller p\u00e5 hver sin s\u00f8ppeldunk. Mennene f\u00e5r tyvgodset sendt ned i poser, som de stapper ned i s\u00f8ppeldunkene.<\/p>\n<p class=\"_paragraph_o9xde_4 _paragraph_xtcu6_10 layout-component text-serif-m layout-normal text-serif-m layout-padded\">Den ene dunken blir fraktet bort, f\u00f8r den blir fraktet tilbake igjen. Da er den tom. Dunken fylles alts\u00e5 til randen to ganger.<\/p>\n<p><img alt=\"Foto: Politiet\" class=\"_image_qp4xg_65 layout-component layout-normal\" data-fullscreen- data-track-element-type=\"Article image fullscreen\" data-track-name=\"ImageFullscreen\" decoding=\"async\" loading=\"lazy\" height=\"540\" itemprop=\"image\"  src=\"https:\/\/www.europesays.com\/no\/wp-content\/uploads\/2025\/11\/e82f93f4-36bd-4a32-af0c-170ac29aa6f4\"  style=\"object-position:0% 0%\" width=\"814\"\/>Foto: Politiet<\/p>\n<p class=\"_paragraph_o9xde_4 _paragraph_xtcu6_10 layout-component text-serif-m layout-normal text-serif-m layout-padded\">I tillegg forlater de \u00e5stedet med to kofferter.<\/p>\n<p class=\"_paragraph_o9xde_4 _paragraph_xtcu6_10 layout-component text-serif-m layout-normal text-serif-m layout-padded\">I tidskodene p\u00e5 overv\u00e5kningsvideoen ser man at tyvene tok seg god tid. De ankommer senteret 00:26, og forlater f\u00f8rst klokken 03:37.<\/p>\n<p class=\"_paragraph_o9xde_4 _paragraph_xtcu6_10 layout-component text-serif-m layout-normal text-serif-m layout-padded\">Da har de brukt over tre timer p\u00e5 brekket.<\/p>\n<p> \u2013 Fremdeles preget<\/p>\n<p class=\"_paragraph_o9xde_4 _paragraph_xtcu6_10 layout-component text-serif-m layout-normal text-serif-m layout-padded\">Senterleder ved Romerikssenteret, Siri Heimlund, h\u00e5per at folk kan kjenne igjen dem p\u00e5 videoen og at de som kan ha sett noe, tar kontakt med politiet.<\/p>\n<p class=\"_paragraph_o9xde_4 _paragraph_xtcu6_10 layout-component text-serif-m layout-normal text-serif-m layout-padded\"><strong class=\"_strong_o9xde_25\">\u2013 Det er aldri noe g\u00f8y med innbrudd. Det er verst for Skin Tonic som st\u00e5r i det. Vi har alarm p\u00e5 bygget, men det er profesjonelle som st\u00e5r bak. Det er profesjonelt utf\u00f8rt, sier Heimlund til VG.<\/strong><\/p>\n<p><img decoding=\"async\" alt=\"Bilde av  Ole-Henrik Ravn\" class=\"_image_ygndg_42\" height=\"27\" itemprop=\"image\" loading=\"lazy\"  src=\"https:\/\/www.europesays.com\/no\/wp-content\/uploads\/2025\/11\/4d0e70f4-b1c6-4490-96c8-04df12663a77\"  width=\"40\"\/><strong class=\"_name_ygndg_51 title-serif-xs\"> Ole-Henrik Ravn<\/strong><\/p>\n<p class=\"_paragraph_o9xde_4 text-sans-m _description_ygndg_56\">Daglig leder, Skin Tonic<\/p>\n<p class=\"_paragraph_o9xde_4 _paragraph_xtcu6_10 layout-component text-serif-m layout-normal text-serif-m layout-padded\">Det var Romerikssenteret som ga beskjed om innbruddet til driveren av Skin Tonic mandag morgen.<\/p>\n<p class=\"_paragraph_o9xde_4 _paragraph_xtcu6_10 layout-component text-serif-m layout-normal text-serif-m layout-padded\">Tyvene hadde tatt seg gjennom taket hos nabobutikken Cutters, og deretter tatt seg inn hos parfymeriet.<\/p>\n<p class=\"_paragraph_o9xde_4 _paragraph_xtcu6_10 layout-component text-serif-m layout-normal text-serif-m layout-padded\">\u2013 Dette er veldig, veldig trist, sa daglig leder i Skin Tonic, Ole-Henrik Ravn, da VG snakket med ham kun timer etter han fikk beskjeden om innbruddet.<\/p>\n<p class=\"_paragraph_o9xde_4 _paragraph_xtcu6_10 layout-component text-serif-m layout-normal text-serif-m layout-padded\">Ravn fortalte da at han hadde et h\u00e5p om \u00e5 \u00e5pne butikken dagen etter.<\/p>\n<p class=\"_paragraph_o9xde_4 _paragraph_xtcu6_10 layout-component text-serif-m layout-normal text-serif-m layout-padded\">Tirsdag sier han til VG at dette ikke lot seg gj\u00f8re grunnet at de ikke fikk tak i varer raskt nok.<\/p>\n<p><img alt=\"Denne plakaten hang utenfor butikken mandag.  Foto: Espen Sj\u00f8lingstad Hoen \/ VG\" class=\"_image_qp4xg_65 layout-component layout-normal\" data-fullscreen- data-track-element-type=\"Article image fullscreen\" data-track-name=\"ImageFullscreen\" decoding=\"async\" loading=\"lazy\" height=\"5464\" itemprop=\"image\"  src=\"https:\/\/www.europesays.com\/no\/wp-content\/uploads\/2025\/11\/fbcc123d-c7bc-4f5a-97bc-8ad793e69e4a\"  style=\"object-position:0% 0%\" width=\"8192\"\/>Denne plakaten hang utenfor butikken mandag.  Foto: Espen Sj\u00f8lingstad Hoen \/ VG<\/p>\n<p class=\"_paragraph_o9xde_4 _paragraph_xtcu6_10 layout-component text-serif-m layout-normal text-serif-m layout-padded\">\u2013 De tok litt av alt, men prim\u00e6rt parfyme og sminke.<\/p>\n<p class=\"_paragraph_o9xde_4 _paragraph_xtcu6_10 layout-component text-serif-m layout-normal text-serif-m layout-padded\">Parfymeriet jobber fremdeles med \u00e5 f\u00e5 fullstendig oversikt over hva som er frastj\u00e5let.<\/p>\n<p class=\"_paragraph_o9xde_4 _paragraph_xtcu6_10 layout-component text-serif-m layout-normal text-serif-m layout-padded\">\u2013 De ansatte synes det er veldig ekkelt og er fremdeles preget av situasjonen.<\/p>\n<p>\u2013 Ingen mistenkte<\/p>\n<p class=\"_paragraph_o9xde_4 _paragraph_xtcu6_10 layout-component text-serif-m layout-normal text-serif-m layout-padded\">Tyvene kom inn gjennom taket, p\u00e5 samme m\u00e5te som det mer mislykkede tyverifors\u00f8ket<a href=\"https:\/\/www.vg.no\/i\/RzvOwJ\" data-track-element-type=\"Link\" data-track-id=\"link:RzvOwJ\" class=\"_link_o9xde_39\" rel=\"nofollow noopener\" target=\"_blank\"> tilbake i september<\/a>. <\/p>\n<p class=\"_paragraph_o9xde_4 _paragraph_xtcu6_10 layout-component text-serif-m layout-normal text-serif-m layout-padded\">Der pr\u00f8vde tyvene \u00e5 komme seg inn i en gullsmed, men endte opp i feil butikk.<\/p>\n<p><img alt=\"Tyvene kom ned gjennom taket via denne stigen. Men de havnet alts\u00e5 i bokhandelen, ikke gullsmeden. Fra tyveriet i september.  Foto: Martin Benedikt Sjue\" class=\"_image_qp4xg_65 layout-component layout-normal\" data-fullscreen- data-track-element-type=\"Article image fullscreen\" data-track-name=\"ImageFullscreen\" decoding=\"async\" loading=\"lazy\" height=\"6120\" itemprop=\"image\"  src=\"https:\/\/www.europesays.com\/no\/wp-content\/uploads\/2025\/11\/44caddba-5729-4664-ba3a-65740d58bf1f\"  style=\"object-position:0% 0%\" width=\"8160\"\/>Tyvene kom ned gjennom taket via denne stigen. Men de havnet alts\u00e5 i bokhandelen, ikke gullsmeden. Fra tyveriet i september.  Foto: Martin Benedikt Sjue<\/p>\n<p class=\"_paragraph_o9xde_4 _paragraph_xtcu6_10 layout-component text-serif-m layout-normal text-serif-m layout-padded\">Sakene har mer til felles enn bare innbruddsmetode.<\/p>\n<p class=\"_paragraph_o9xde_4 _paragraph_xtcu6_10 layout-component text-serif-m layout-normal text-serif-m layout-padded\"><strong class=\"_strong_o9xde_25\">I begge sakene st\u00e5r politiet helt uten mistenkte, opplyser politiet politiadvokat Anders Lafton Briskodden til VG.<\/strong><\/p>\n<p class=\"_paragraph_o9xde_4 _paragraph_xtcu6_10 layout-component text-serif-m layout-normal text-serif-m layout-padded\">Disse to sakene f\u00f8yer seg inn i rekken av innbrudd p\u00e5 Romerrikssenteret de siste 20 \u00e5rene:<\/p>\n<p class=\"_paragraph_o9xde_4 _paragraph_xtcu6_10 layout-component text-serif-m layout-normal text-serif-m layout-padded\">Skrur man klokken tilbake til februar 2014 finner man enda et hull i taket.<\/p>\n<p class=\"_paragraph_o9xde_4 _paragraph_xtcu6_10 layout-component text-serif-m layout-normal text-serif-m layout-padded\">Disse taktyvene endte opp i butikken Parfymella og stjal med seg parfymer av h\u00f8y verdi.<\/p>\n<p class=\"_paragraph_o9xde_4 _paragraph_xtcu6_10 layout-component text-serif-m layout-normal text-serif-m layout-padded\">Nettopp dette taket har f\u00e5tt kj\u00f8rt seg, for Skin Tonic har nemlig de samme lokalene som Parfymella hadde den gang.<\/p>\n<p class=\"_paragraph_o9xde_4 _paragraph_xtcu6_10 layout-component text-serif-m layout-normal text-serif-m layout-padded\"><a href=\"https:\/\/www.rb.no\/lokale-nyheter\/parfyme-og-varer-for-flere-hundre-tusen-kroner-stjalet\/s\/1-95-7199787?utm_source=sdrn%3Avg%3Aarticle%3ALMyqQp\" class=\"_link_o9xde_39\" rel=\"nofollow noopener\" target=\"_blank\">Romerikes Blad <\/a>meldte da at taktyvene forsynte seg grovt.<\/p>\n<p class=\"_paragraph_o9xde_4 _paragraph_xtcu6_10 layout-component text-serif-m layout-normal text-serif-m layout-padded\">Ogs\u00e5 rundt 2005 skal det ha v\u00e6rt et tyveri med samme metode.<\/p>\n<p class=\"_paragraph_o9xde_4 _paragraph_xtcu6_10 layout-component text-serif-m layout-normal text-serif-m layout-padded\"><strong class=\"_strong_o9xde_25\">Og ja, du gjettet riktig. Ogs\u00e5 disse taktyvene var ute etter parfyme.<\/strong><\/p>\n<p class=\"_paragraph_o9xde_4 _paragraph_xtcu6_10 layout-component text-serif-m layout-normal text-serif-m layout-padded\">\u2013 Jeg mener at det var varer for noen hundre tusener, sier daglig leder i Cubus Thomas Martinussen.<\/p>\n<p class=\"_paragraph_o9xde_4 _paragraph_xtcu6_10 layout-component text-serif-m layout-normal text-serif-m layout-padded\">Han har jobbet p\u00e5 senteret i over tre ti\u00e5r og rukket \u00e5 f\u00e5 med seg hele tre taktyverier.<\/p>\n<p class=\"_paragraph_o9xde_4 _paragraph_xtcu6_10 layout-component text-serif-m layout-normal text-serif-m layout-padded\"><strong class=\"_strong_o9xde_25\">Se da VG var p\u00e5 Romerikssenteret:<\/strong><\/p>\n<p>       <img decoding=\"async\" alt=\"Tips oss illustrasjon\" src=\"https:\/\/www.europesays.com\/no\/wp-content\/uploads\/2025\/10\/pssst-small.webp.webp\"\/>    <\/p>\n<p class=\"title-serif-s\">Har du tips?<\/p>\n<p class=\"text-sans-m\">Send oss informasjon, bilder eller video.<\/p>\n<p>  <a href=\"https:\/\/www.vg.no\/tips-oss\" rel=\"nofollow noopener\" target=\"_blank\"> Tips oss <\/a>      <\/p>\n","protected":false},"excerpt":{"rendered":"Politiet st\u00e5r uten mistenkte etter millionbrekket p\u00e5 Skin Tonic natt til mandag. Tyvene br\u00f8t seg inn gjennom taket&hellip;\n","protected":false},"author":2,"featured_media":84949,"comment_status":"","ping_status":"","sticky":false,"template":"","format":"standard","meta":{"footnotes":""},"categories":[10],"tags":[20,21,24,25,15,3258,3414,22,23,13,30,28,29,14,16,11336,26,27],"class_list":{"0":"post-84948","1":"post","2":"type-post","3":"status-publish","4":"format-standard","5":"has-post-thumbnail","7":"category-norge","8":"tag-breaking-news","9":"tag-breakingnews","10":"tag-featured-news","11":"tag-featurednews","12":"tag-headlines","13":"tag-innbrudd","14":"tag-klofta","15":"tag-latest-news","16":"tag-latestnews","17":"tag-news","18":"tag-no","19":"tag-norge","20":"tag-norway","21":"tag-nyheter","22":"tag-overskrifter","23":"tag-parfyme","24":"tag-top-stories","25":"tag-topstories"},"share_on_mastodon":{"url":"https:\/\/pubeurope.com\/@no\/115535783433065856","error":""},"_links":{"self":[{"href":"https:\/\/www.europesays.com\/no\/wp-json\/wp\/v2\/posts\/84948","targetHints":{"allow":["GET"]}}],"collection":[{"href":"https:\/\/www.europesays.com\/no\/wp-json\/wp\/v2\/posts"}],"about":[{"href":"https:\/\/www.europesays.com\/no\/wp-json\/wp\/v2\/types\/post"}],"author":[{"embeddable":true,"href":"https:\/\/www.europesays.com\/no\/wp-json\/wp\/v2\/users\/2"}],"replies":[{"embeddable":true,"href":"https:\/\/www.europesays.com\/no\/wp-json\/wp\/v2\/comments?post=84948"}],"version-history":[{"count":0,"href":"https:\/\/www.europesays.com\/no\/wp-json\/wp\/v2\/posts\/84948\/revisions"}],"wp:featuredmedia":[{"embeddable":true,"href":"https:\/\/www.europesays.com\/no\/wp-json\/wp\/v2\/media\/84949"}],"wp:attachment":[{"href":"https:\/\/www.europesays.com\/no\/wp-json\/wp\/v2\/media?parent=84948"}],"wp:term":[{"taxonomy":"category","embeddable":true,"href":"https:\/\/www.europesays.com\/no\/wp-json\/wp\/v2\/categories?post=84948"},{"taxonomy":"post_tag","embeddable":true,"href":"https:\/\/www.europesays.com\/no\/wp-json\/wp\/v2\/tags?post=84948"}],"curies":[{"name":"wp","href":"https:\/\/api.w.org\/{rel}","templated":true}]}}