{"id":8497,"date":"2025-08-15T04:06:10","date_gmt":"2025-08-15T04:06:10","guid":{"rendered":"https:\/\/www.europesays.com\/no\/8497\/"},"modified":"2025-08-15T04:06:10","modified_gmt":"2025-08-15T04:06:10","slug":"indisk-kontrollert-kashmir-rammet-av-flom-56-dode","status":"publish","type":"post","link":"https:\/\/www.europesays.com\/no\/8497\/","title":{"rendered":"Indisk-kontrollert Kashmir rammet av flom: 56 d\u00f8de"},"content":{"rendered":"\n<p class=\"_lead_1bvmi_2 _lead_xtcu6_50 layout-component text-serif-m layout-normal text-serif-l layout-component layout-wide layout-padded _wide_17hqh_1 layout-padded\">Minst 56 personer er d\u00f8de etter en kraftig flom i den indiskkontrollerte delen av Kashmir, if\u00f8lge lokale myndigheter. <\/p>\n<p><img alt=\" Foto: ANI \/ Reuters \/ NTB\" class=\"_image_qp4xg_65 layout-component layout-wide\" data-fullscreen- data-track-element-type=\"Article image fullscreen\" data-track-name=\"ImageFullscreen\" fetchpriority=\"high\" decoding=\"sync\" loading=\"eager\" height=\"2020\" itemprop=\"image\"  src=\"https:\/\/www.europesays.com\/no\/wp-content\/uploads\/2025\/08\/b116e163-b23b-4efd-987f-e861afb77cc9\"  style=\"object-position:0% 0%\" width=\"3600\"\/> Foto: ANI \/ Reuters \/ NTB<\/p>\n<ul aria-hidden=\"true\" class=\"_images_1y6fe_106\">\n<li><a class=\"_link_1y6fe_111\" href=\"https:\/\/www.vg.no\/forfatter\/ntb\" style=\"z-index:1\" title=\"NTB\" rel=\"nofollow noopener\" target=\"_blank\"><img alt=\"Bilde av NTB\" class=\"_image_1y6fe_88\" fetchpriority=\"low\" loading=\"lazy\" decoding=\"async\" itemprop=\"image\"  src=\"https:\/\/www.europesays.com\/no\/wp-content\/uploads\/2025\/08\/1755230770_784_c33980b0-5d07-4027-84a1-813f90a7c8d6\"  width=\"480\"\/><\/a><\/li>\n<\/ul>\n<p> Oppdatert fredag 15. august kl. 04:56     <\/p>\n<p class=\"_paragraph_1bvmi_4 _paragraph_xtcu6_10 layout-component text-serif-m layout-normal text-serif-m layout-padded\">Den kraftige flommen var for\u00e5rsaket av kraftig regn i den avsidesliggende landsbyen Kishtwar i den indiskkontrollerte delen av <a href=\"https:\/\/www.vg.no\/tag\/kashmir?utm_source=vg-article&amp;utm_medium=auto-tagger&amp;utm_campaign=252kpa\" class=\"_link_1bvmi_39\" rel=\"nofollow noopener\" target=\"_blank\">Kashmir<\/a>. <\/p>\n<p class=\"_paragraph_1bvmi_4 _paragraph_xtcu6_10 layout-component text-serif-m layout-normal text-serif-m layout-padded\">If\u00f8lge lokale myndigheter har minst 56 personer mistet livet.<\/p>\n<p class=\"_paragraph_1bvmi_4 _paragraph_xtcu6_10 layout-component text-serif-m layout-normal text-serif-m layout-padded\">If\u00f8lge en lokal tjenestemann i akuttberedskapen er i tillegg 80 personer meldt savnet, mens 300 er blitt reddet ut av det rammede omr\u00e5det. Rundt 50 av dem er alvorlig skadet. Mange har blitt reddet fra en bekk fylt med gj\u00f8rme og vrakrester. <\/p>\n<p class=\"_paragraph_1bvmi_4 _paragraph_xtcu6_10 layout-component text-serif-m layout-normal text-serif-m layout-padded\">Blant de rammede antas det \u00e5 v\u00e6re pilegrimer ettersom Kishtwar ligger n\u00e6r et hinduistisk pilegrimsm\u00e5l. Regionen ligger i den vestlige delen av fjellkjeden Himalaya.<\/p>\n","protected":false},"excerpt":{"rendered":"Minst 56 personer er d\u00f8de etter en kraftig flom i den indiskkontrollerte delen av Kashmir, if\u00f8lge lokale myndigheter.&hellip;\n","protected":false},"author":2,"featured_media":8498,"comment_status":"","ping_status":"","sticky":false,"template":"","format":"standard","meta":{"footnotes":""},"categories":[12],"tags":[20,21,24,25,1836,15,1835,22,23,13,30,28,29,14,16,26,27,42,43,44,45],"class_list":{"0":"post-8497","1":"post","2":"type-post","3":"status-publish","4":"format-standard","5":"has-post-thumbnail","7":"category-verden","8":"tag-breaking-news","9":"tag-breakingnews","10":"tag-featured-news","11":"tag-featurednews","12":"tag-flom","13":"tag-headlines","14":"tag-kashmir","15":"tag-latest-news","16":"tag-latestnews","17":"tag-news","18":"tag-no","19":"tag-norge","20":"tag-norway","21":"tag-nyheter","22":"tag-overskrifter","23":"tag-top-stories","24":"tag-topstories","25":"tag-verden","26":"tag-world","27":"tag-world-news","28":"tag-worldnews"},"share_on_mastodon":{"url":"","error":""},"_links":{"self":[{"href":"https:\/\/www.europesays.com\/no\/wp-json\/wp\/v2\/posts\/8497","targetHints":{"allow":["GET"]}}],"collection":[{"href":"https:\/\/www.europesays.com\/no\/wp-json\/wp\/v2\/posts"}],"about":[{"href":"https:\/\/www.europesays.com\/no\/wp-json\/wp\/v2\/types\/post"}],"author":[{"embeddable":true,"href":"https:\/\/www.europesays.com\/no\/wp-json\/wp\/v2\/users\/2"}],"replies":[{"embeddable":true,"href":"https:\/\/www.europesays.com\/no\/wp-json\/wp\/v2\/comments?post=8497"}],"version-history":[{"count":0,"href":"https:\/\/www.europesays.com\/no\/wp-json\/wp\/v2\/posts\/8497\/revisions"}],"wp:featuredmedia":[{"embeddable":true,"href":"https:\/\/www.europesays.com\/no\/wp-json\/wp\/v2\/media\/8498"}],"wp:attachment":[{"href":"https:\/\/www.europesays.com\/no\/wp-json\/wp\/v2\/media?parent=8497"}],"wp:term":[{"taxonomy":"category","embeddable":true,"href":"https:\/\/www.europesays.com\/no\/wp-json\/wp\/v2\/categories?post=8497"},{"taxonomy":"post_tag","embeddable":true,"href":"https:\/\/www.europesays.com\/no\/wp-json\/wp\/v2\/tags?post=8497"}],"curies":[{"name":"wp","href":"https:\/\/api.w.org\/{rel}","templated":true}]}}