{"id":85006,"date":"2025-11-12T09:43:10","date_gmt":"2025-11-12T09:43:10","guid":{"rendered":"https:\/\/www.europesays.com\/no\/85006\/"},"modified":"2025-11-12T09:43:10","modified_gmt":"2025-11-12T09:43:10","slug":"vaer-vinter-melder-sno-flere-dager-i-strekk-har-sendt-ut-farevarsel","status":"publish","type":"post","link":"https:\/\/www.europesays.com\/no\/85006\/","title":{"rendered":"V\u00e6r, Vinter | Melder sn\u00f8 flere dager i strekk \u2013 har sendt ut farevarsel"},"content":{"rendered":"\n<p>\u2013 Fra torsdag er det hvitere varer som kommer dalende i Nord-Tr\u00f8ndelag. Flere dager i strekk!<\/p>\n<p>Det sier statsmeteorolog Leonidas Tsopouridis ved Meteorologisk institutt i Bergen. Han er i godt hum\u00f8r n\u00e5r Tr\u00f8nder-Avisa ringer og sp\u00f8r ham om v\u00e6ret tirsdag kveld.<\/p>\n<p>\u2013 Gr\u00e5tt og v\u00e5tt<\/p>\n<p>Han p\u00e5peker at det blir sol og finv\u00e6r i Bergen, b\u00e5de torsdag og fredag denne uka.<\/p>\n<p><b>\u2013 Er det noen sjanser for at vi i Nord-Tr\u00f8ndelag f\u00e5r samme v\u00e6ret som i Bergen, Tsopouridis?<\/b><\/p>\n<p>\u2013 Nei, i Bergen f\u00e5r vi n\u00e5 to fine dager fra i morgen, med oppholdsv\u00e6r og greie temperaturer. Mens dere nordtr\u00f8ndere for to dager til med regn og relativt mildt v\u00e6r. Eller kanskje det blir bare \u00e9n og en halv dag med dette v\u00e6ret p\u00e5 dere. Onsdag og torsdag blir det nok uansett gr\u00e5tt og v\u00e5tt for nordtr\u00f8ndere, med forel\u00f8pig stabile seks-sju grader, smiler Tsopouridis.<\/p>\n<p>   <img decoding=\"async\" width=\"1588\" height=\"525\" fetchpriority=\"low\"  loading=\"lazy\"  src=\"https:\/\/www.europesays.com\/no\/wp-content\/uploads\/2025\/11\/Temperaturer+Levanger+fra+12.+november+til+2.+desember+Kilde+Yr.no.jpg\" alt=\"\" class=\"brick-c-cFOWSL\" style=\"--brick-image-ratio: 1588 \/ 525;\"\/><\/p>\n<p>      TEMPERATURER: Temperaturer p\u00e5 Innherred fra 12. november til 2. desember. Relativt likt i hele Innherred.<\/p>\n<p>  S\u00e5 blir det endring<\/p>\n<p>Etter noen dager med v\u00e5tt og gr\u00e5tt v\u00e6r, kommer det endringer i v\u00e6ret, sl\u00e5r han fast:<\/p>\n<p>\u2013 Det begynner fra torsdag, med kaldere luftmasser som kommer inn over Nord-Tr\u00f8ndelag nordfra, helt fra Troms. Torsdag kan tr\u00f8nderne forberede seg p\u00e5 litt nordvestlig vind og litt lavere temperaturer, sier Tsopouridis.<\/p>\n<p>Han ser inn i datamaskinen sin at det begynner med 4\u20135 grader torsdag, f\u00f8r det faller ned til 1\u20132 grader. Da kommer det ogs\u00e5 sn\u00f8byger.<\/p>\n<p>\u2013 Fra torsdag ettermiddag venter vi sn\u00f8 i Nord-Tr\u00f8ndelag, og det fortsetter fredag, l\u00f8rdag og s\u00f8ndag. Jeg ser at temperaturen vil ligge p\u00e5 null grader. Det vil bety at i h\u00f8yder over 200 meter over havet kommer det som sn\u00f8. Under 200 meter vil nedb\u00f8ren arte seg som sluddbyger og v\u00e5tere sn\u00f8.<\/p>\n<p>Lover sn\u00f8v\u00e6r<\/p>\n<p>L\u00f8rdag ser statsmeteorologen at det vil puste p\u00e5 med mer vestlig vind over nordre del av Tr\u00f8ndelag, da fra Norskehavet.<\/p>\n<p>\u2013 Det betyr at p\u00e5 l\u00f8rdag klatrer sn\u00f8grensen litt h\u00f8yere, legger han til.<\/p>\n<p>Fredag blir det sn\u00f8byger, men han sier seg forel\u00f8pig litt usikker p\u00e5 hvor mye.<\/p>\n<p>\u2013 Mengden sn\u00f8 p\u00e5 fredag er litt avhengig av lavtrykket som kommer nordfra. Sannsynligvis blir det mer nedb\u00f8r. Og det vil komme i form av noe hvitt, smiler han igjen.<\/p>\n<p>   <img decoding=\"async\" width=\"1589\" height=\"581\" fetchpriority=\"low\"  loading=\"lazy\"  src=\"https:\/\/www.europesays.com\/no\/wp-content\/uploads\/2025\/11\/V%C3%A6rprognose+fra+Yr.no+Innherred+torsdag+13.+november+itl+20.+desember.+Kilde+Yr.no.jpg\" alt=\"\" class=\"brick-c-cFOWSL\" style=\"--brick-image-ratio: 1589 \/ 581;\"\/><\/p>\n<p>      TEMPERATURER: V\u00e6rprognose for Innherred torsdag 13. november til 20. desember. Relativt likt i hele Innherred.<\/p>\n<p>  \u2013 Blir betydelig kaldere<\/p>\n<p>Neste uke er det grunn til \u00e5 forberede seg p\u00e5 minusgrader:<\/p>\n<p>\u2013 Det hvite vil vare og det blir betydelig kaldere n\u00e5r det lakker over mot neste uke, sier meteorologen.<\/p>\n<p>Farevarsel<\/p>\n<p>Meteorologisk institutt sendte onsdag formiddag ut gult farevarsel for det kommende sn\u00f8fallet.<\/p>\n<p>Der heter det at det fra onsdag kveld er ventet sn\u00f8byger over 100 meter. Torsdag ettermiddag og kveld kan det ogs\u00e5 bli sn\u00f8 i lavlandet, f\u00f8rst nord i Tr\u00f8ndelag.<\/p>\n<p>Det er ventet lokalt 5\u201325 cm p\u00e5 24 timer, i fjellet vil det komme mer, skriver Meteorologisk institutt.<\/p>\n<p>Sn\u00f8v\u00e6ret kan f\u00f8re til vanskelige kj\u00f8reforhold, advares det. Det anmodes om \u00e5 bruke riktige dekk og \u00e5 kj\u00f8re etter forholdene.<\/p>\n","protected":false},"excerpt":{"rendered":"\u2013 Fra torsdag er det hvitere varer som kommer dalende i Nord-Tr\u00f8ndelag. Flere dager i strekk! Det sier&hellip;\n","protected":false},"author":2,"featured_media":85007,"comment_status":"","ping_status":"","sticky":false,"template":"","format":"standard","meta":{"footnotes":""},"categories":[10],"tags":[36,20,21,24,25,15,22,23,13,30,28,29,14,16,6527,1510,26,27,553,6263],"class_list":{"0":"post-85006","1":"post","2":"type-post","3":"status-publish","4":"format-standard","5":"has-post-thumbnail","7":"category-norge","8":"tag-art","9":"tag-breaking-news","10":"tag-breakingnews","11":"tag-featured-news","12":"tag-featurednews","13":"tag-headlines","14":"tag-latest-news","15":"tag-latestnews","16":"tag-news","17":"tag-no","18":"tag-norge","19":"tag-norway","20":"tag-nyheter","21":"tag-overskrifter","22":"tag-sno","23":"tag-story","24":"tag-top-stories","25":"tag-topstories","26":"tag-vaer","27":"tag-vinter"},"share_on_mastodon":{"url":"https:\/\/pubeurope.com\/@no\/115536082222705138","error":""},"_links":{"self":[{"href":"https:\/\/www.europesays.com\/no\/wp-json\/wp\/v2\/posts\/85006","targetHints":{"allow":["GET"]}}],"collection":[{"href":"https:\/\/www.europesays.com\/no\/wp-json\/wp\/v2\/posts"}],"about":[{"href":"https:\/\/www.europesays.com\/no\/wp-json\/wp\/v2\/types\/post"}],"author":[{"embeddable":true,"href":"https:\/\/www.europesays.com\/no\/wp-json\/wp\/v2\/users\/2"}],"replies":[{"embeddable":true,"href":"https:\/\/www.europesays.com\/no\/wp-json\/wp\/v2\/comments?post=85006"}],"version-history":[{"count":0,"href":"https:\/\/www.europesays.com\/no\/wp-json\/wp\/v2\/posts\/85006\/revisions"}],"wp:featuredmedia":[{"embeddable":true,"href":"https:\/\/www.europesays.com\/no\/wp-json\/wp\/v2\/media\/85007"}],"wp:attachment":[{"href":"https:\/\/www.europesays.com\/no\/wp-json\/wp\/v2\/media?parent=85006"}],"wp:term":[{"taxonomy":"category","embeddable":true,"href":"https:\/\/www.europesays.com\/no\/wp-json\/wp\/v2\/categories?post=85006"},{"taxonomy":"post_tag","embeddable":true,"href":"https:\/\/www.europesays.com\/no\/wp-json\/wp\/v2\/tags?post=85006"}],"curies":[{"name":"wp","href":"https:\/\/api.w.org\/{rel}","templated":true}]}}