{"id":85035,"date":"2025-11-12T10:15:33","date_gmt":"2025-11-12T10:15:33","guid":{"rendered":"https:\/\/www.europesays.com\/no\/85035\/"},"modified":"2025-11-12T10:15:33","modified_gmt":"2025-11-12T10:15:33","slug":"grenlandsfondet-notodden-fikk-stotte-fra-brodhylla","status":"publish","type":"post","link":"https:\/\/www.europesays.com\/no\/85035\/","title":{"rendered":"Grenlandsfondet, Notodden | Fikk st\u00f8tte fra br\u00f8dhylla:"},"content":{"rendered":"\n<p>Butikksjefene Aksel Vaa (SPAR Ramberghj\u00f8rnet) og Tor Magne T\u00f8mmermo (SPAR Notodden) fikk tidligere denne m\u00e5neden innvilget sine s\u00f8knader til Grenlandsfondet, og kan dermed dele ut 40.000 kroner til Heddal IL og Notodden-lekene.<\/p>\n<p>\u2013 For oss er det ingen tvil om at pengene b\u00f8r g\u00e5 til lag, foreninger eller organisasjoner som jobber for fellesskapet. Tidligere har b\u00e5de Notodden Skytterlag og Notodden Energi Arena Gr\u00f8nkj\u00e6r f\u00e5tt st\u00f8tte, og denne gangen er det to andre viktige akt\u00f8rer i lokalsamfunnet som f\u00e5r, sier de to butikksjefene.<\/p>\n<p>Heddal IL f\u00e5r en pengegave p\u00e5 15.000 kroner, og Notodden-lekene 25.000 kroner.<\/p>\n<p>Forn\u00f8yde karer<\/p>\n<p>Eirik Bj\u00f8rndalen, styreleder i Heddal IL fotball og Stein Olav Odden, stevneleder for Notodden-lekene, smilte bredt da de mottok beviset p\u00e5 pengene de f\u00e5r.<\/p>\n<p>\u2013 Dette er kjempemoro! Det koster \u00e5 drive med idrett, s\u00e5 denne st\u00f8tten betyr mye. N\u00e5 kan vi kj\u00f8pe inn nytt utstyr til barnefotballen i Heddal, sier Eirik.<\/p>\n<p>For Stein Olav, som allerede samarbeider med SPAR Ramberghj\u00f8rnet om innkj\u00f8p til kiosken under stevnet, betyr st\u00f8tten et solid l\u00f8ft.<\/p>\n<p>\u2013 \u00c5 arrangere et stevne med n\u00e6r hundre deltakere fra hele fylket er kostbart, ikke minst den storslagne banketten etterp\u00e5! Disse pengene vil komme mange til gode, takker han.<\/p>\n<p>   <img decoding=\"async\" width=\"5229\" height=\"3373\" fetchpriority=\"low\"  loading=\"lazy\"  src=\"https:\/\/www.europesays.com\/no\/wp-content\/uploads\/2025\/11\/Spar+-+br%C3%B8dfond-1.jpg\" alt=\"\" class=\"brick-c-cFOWSL\" style=\"--brick-image-ratio: 5229 \/ 3373;\"\/><\/p>\n<p>      F\u00d8RJULSGAVE FRA BR\u00d8DHYLLA: Pengene kommer fra salget av Grenlandsbr\u00f8det (som skimtes \u00f8verst til venstre), og deles ut til lokale lag og foreninger. I \u00e5r ble Heddal IL og Notodden-lekene blant de utvalgte.<br \/>\n      Foto: Iselin Moen Solheim\n    <\/p>\n<p>  Dette er Grenlandsfondet<\/p>\n<p>Hvert \u00e5r selges det n\u00e6rmere 700.000 Grenlandsbr\u00f8d i regionen. I stedet for \u00e5 sette ned prisen p\u00e5 br\u00f8det, g\u00e5r en liten sum fra hvert salg inn i Grenlandsfondet, som er et fond som st\u00f8tter lokale lag og foreninger.<\/p>\n<p>Ordningen oppstod etter at en tidligere sponsoravtale mellom Kiwi og fotballklubben Odd ble avsluttet i 2018. Siden 2021 har fondet delt ut flere millioner kroner til tiltak for barn og unge i Grenland og andre steder i regionen.<\/p>\n","protected":false},"excerpt":{"rendered":"Butikksjefene Aksel Vaa (SPAR Ramberghj\u00f8rnet) og Tor Magne T\u00f8mmermo (SPAR Notodden) fikk tidligere denne m\u00e5neden innvilget sine s\u00f8knader&hellip;\n","protected":false},"author":2,"featured_media":85036,"comment_status":"","ping_status":"","sticky":false,"template":"","format":"standard","meta":{"footnotes":""},"categories":[56],"tags":[36,60,61,11343,11344,2211,62,30,28,29,523,11345,1510],"class_list":{"0":"post-85035","1":"post","2":"type-post","3":"status-publish","4":"format-standard","5":"has-post-thumbnail","7":"category-naeringsliv","8":"tag-art","9":"tag-business","10":"tag-economy","11":"tag-grenlandsfondet","12":"tag-heddal-il","13":"tag-idrett","14":"tag-naeringsliv","15":"tag-no","16":"tag-norge","17":"tag-norway","18":"tag-notodden","19":"tag-notodden-lekene","20":"tag-story"},"share_on_mastodon":{"url":"https:\/\/pubeurope.com\/@no\/115536207920196412","error":""},"_links":{"self":[{"href":"https:\/\/www.europesays.com\/no\/wp-json\/wp\/v2\/posts\/85035","targetHints":{"allow":["GET"]}}],"collection":[{"href":"https:\/\/www.europesays.com\/no\/wp-json\/wp\/v2\/posts"}],"about":[{"href":"https:\/\/www.europesays.com\/no\/wp-json\/wp\/v2\/types\/post"}],"author":[{"embeddable":true,"href":"https:\/\/www.europesays.com\/no\/wp-json\/wp\/v2\/users\/2"}],"replies":[{"embeddable":true,"href":"https:\/\/www.europesays.com\/no\/wp-json\/wp\/v2\/comments?post=85035"}],"version-history":[{"count":0,"href":"https:\/\/www.europesays.com\/no\/wp-json\/wp\/v2\/posts\/85035\/revisions"}],"wp:featuredmedia":[{"embeddable":true,"href":"https:\/\/www.europesays.com\/no\/wp-json\/wp\/v2\/media\/85036"}],"wp:attachment":[{"href":"https:\/\/www.europesays.com\/no\/wp-json\/wp\/v2\/media?parent=85035"}],"wp:term":[{"taxonomy":"category","embeddable":true,"href":"https:\/\/www.europesays.com\/no\/wp-json\/wp\/v2\/categories?post=85035"},{"taxonomy":"post_tag","embeddable":true,"href":"https:\/\/www.europesays.com\/no\/wp-json\/wp\/v2\/tags?post=85035"}],"curies":[{"name":"wp","href":"https:\/\/api.w.org\/{rel}","templated":true}]}}