{"id":85041,"date":"2025-11-12T10:20:08","date_gmt":"2025-11-12T10:20:08","guid":{"rendered":"https:\/\/www.europesays.com\/no\/85041\/"},"modified":"2025-11-12T10:20:08","modified_gmt":"2025-11-12T10:20:08","slug":"sender-ut-gult-farevarsel-for-more-og-romsdal-og-nordfjord","status":"publish","type":"post","link":"https:\/\/www.europesays.com\/no\/85041\/","title":{"rendered":"Sender ut gult farevarsel for M\u00f8re og Romsdal og Nordfjord"},"content":{"rendered":"<p>\u2013 Torsdag ettermiddag og kveld kan det bli sn\u00f8 ogs\u00e5 i lavlandet, f\u00f8rst nord i Tr\u00f8ndelag. Det er ventet lokalt 5\u201325 cm p\u00e5 24 timer, i fjellet vil det komme mer, skriver de p\u00e5 <a href=\"https:\/\/www.yr.no\/nb\/farevarsler\" rel=\"noopener nofollow\" target=\"_blank\">yr.no<\/a>.<\/p>\n<p><img decoding=\"async\" src=\"data:image\/gif;base64,R0lGODlhEAAJAIAAAP\/\/\/wAAACH5BAEAAAAALAAAAAAQAAkAAAIKhI+py+0Po5yUFQA7\" alt=\"\"\/> <\/p>\n<p>  <strong>Foto:<\/strong> Skjermdump \/ YrLokalt vanskelige kj\u00f8reforhold<\/p>\n<p>\u2013 Noen reiser vil kunne f\u00e5 lengre reisetid. Beregn ekstra tid til transport og kj\u00f8ring. Bruk riktige dekk og kj\u00f8r etter forholdene. Forsinkelser i flytrafikken og offentlig transport kan forekomme, skriver de for Nordfjord, M\u00f8re og Romsdal og Tr\u00f8ndelag.<\/p>\n<p>Varselet gjelder fra onsdag kveld til torsdag kveld.<\/p>\n","protected":false},"excerpt":{"rendered":"\u2013 Torsdag ettermiddag og kveld kan det bli sn\u00f8 ogs\u00e5 i lavlandet, f\u00f8rst nord i Tr\u00f8ndelag. Det er&hellip;\n","protected":false},"author":2,"featured_media":85042,"comment_status":"","ping_status":"","sticky":false,"template":"","format":"standard","meta":{"footnotes":""},"categories":[5],"tags":[20,21,102,24,25,15,19,22,23,17,18,1202,953,13,30,5268,28,29,14,16,6527,26,27],"class_list":{"0":"post-85041","1":"post","2":"type-post","3":"status-publish","4":"format-standard","5":"has-post-thumbnail","7":"category-overskrifter","8":"tag-breaking-news","9":"tag-breakingnews","10":"tag-farevarsel","11":"tag-featured-news","12":"tag-featurednews","13":"tag-headlines","14":"tag-hovedoppslag","15":"tag-latest-news","16":"tag-latestnews","17":"tag-main-news","18":"tag-mainnews","19":"tag-meteorologisk-institutt","20":"tag-more-og-romsdal","21":"tag-news","22":"tag-no","23":"tag-nordfjord","24":"tag-norge","25":"tag-norway","26":"tag-nyheter","27":"tag-overskrifter","28":"tag-sno","29":"tag-top-stories","30":"tag-topstories"},"share_on_mastodon":{"url":"https:\/\/pubeurope.com\/@no\/115536227572021798","error":""},"_links":{"self":[{"href":"https:\/\/www.europesays.com\/no\/wp-json\/wp\/v2\/posts\/85041","targetHints":{"allow":["GET"]}}],"collection":[{"href":"https:\/\/www.europesays.com\/no\/wp-json\/wp\/v2\/posts"}],"about":[{"href":"https:\/\/www.europesays.com\/no\/wp-json\/wp\/v2\/types\/post"}],"author":[{"embeddable":true,"href":"https:\/\/www.europesays.com\/no\/wp-json\/wp\/v2\/users\/2"}],"replies":[{"embeddable":true,"href":"https:\/\/www.europesays.com\/no\/wp-json\/wp\/v2\/comments?post=85041"}],"version-history":[{"count":0,"href":"https:\/\/www.europesays.com\/no\/wp-json\/wp\/v2\/posts\/85041\/revisions"}],"wp:featuredmedia":[{"embeddable":true,"href":"https:\/\/www.europesays.com\/no\/wp-json\/wp\/v2\/media\/85042"}],"wp:attachment":[{"href":"https:\/\/www.europesays.com\/no\/wp-json\/wp\/v2\/media?parent=85041"}],"wp:term":[{"taxonomy":"category","embeddable":true,"href":"https:\/\/www.europesays.com\/no\/wp-json\/wp\/v2\/categories?post=85041"},{"taxonomy":"post_tag","embeddable":true,"href":"https:\/\/www.europesays.com\/no\/wp-json\/wp\/v2\/tags?post=85041"}],"curies":[{"name":"wp","href":"https:\/\/api.w.org\/{rel}","templated":true}]}}