{"id":85051,"date":"2025-11-12T10:29:11","date_gmt":"2025-11-12T10:29:11","guid":{"rendered":"https:\/\/www.europesays.com\/no\/85051\/"},"modified":"2025-11-12T10:29:11","modified_gmt":"2025-11-12T10:29:11","slug":"riksantikvaren-nyheter-riksantikvaren-vil-frede-omradet-rundt-bergenhus","status":"publish","type":"post","link":"https:\/\/www.europesays.com\/no\/85051\/","title":{"rendered":"Riksantikvaren, Nyheter | Riksantikvaren vil frede omr\u00e5det rundt Bergenhus"},"content":{"rendered":"\n<p>\u2013 Historien til Bergen som levende havneby er ul\u00f8selig knyttet til innseilingen til V\u00e5gen og Bergenhus festning, sier riksantikvar Hanna Geiran i en pressemelding.<\/p>\n<p>Hun trekker frem at Bergenhus festning viser byens viktige rolle som handels- og maktsenter helt fra middelalderen og frem til i dag.<\/p>\n<p>Cruise-kritisk<\/p>\n<p>Poenget med fredningen er \u00e5 sikre en forutsigbar utvikling rundt V\u00e5gen, som ivaretar Bergenhus festning. Alt for \u00e5 bevare Bergens rolle som havneby.<\/p>\n<p>\u2013 Samtidig \u00f8nsker vi ikke fri tilgang for de st\u00f8rste cruiseskipene og supplyb\u00e5tene som rager over festningsomr\u00e5det. Det er dette vi fors\u00f8ker \u00e5 holde igjen p\u00e5 med disse begrensningene. Det skal ikke gjelde mindre fart\u00f8y, som for eksempel vernede fart\u00f8y, og heller ikke Forsvarets kampfart\u00f8y, fl\u00e5tebes\u00f8k og kongeskip, sier Geiran.<\/p>\n<p>  <a href=\"https:\/\/www.ba.no\/5-8-3020376\" class=\"related-teaser has-image default-story-teaser article--c-eRUmMG article--c-eRUmMG-jKCPdD-design-default\" rel=\"nofollow noopener\" target=\"_blank\"><\/p>\n<p>    <img decoding=\"async\" loading=\"lazy\"  src=\"https:\/\/www.europesays.com\/no\/wp-content\/uploads\/2025\/08\/3.jpg\" alt=\"\" class=\"brick-c-cFOWSL\" style=\"\"\/><\/p>\n<p>\n            Les ogs\u00e5<\/p>\n<p>              Presset prisen saftig opp: N\u00e5 gnir byr\u00e5det seg i hendene\n        <\/p>\n<p>  <\/a><\/p>\n<p><b>I forslaget til fredning, som n\u00e5 sendes p\u00e5 h\u00f8ring, st\u00e5r det rett ut at de har erfart at kulturmilj\u00f8et ikke har blitt vektlagt tilstrekkelig i omr\u00e5det. <\/b><\/p>\n<p>I 2024 var det 328 cruiseanl\u00f8p til Bergen Havn, fordelt p\u00e5 Jekteviken, Hurtigrutekaien, og i fredningsomr\u00e5det.<\/p>\n<p>Vil ha f\u00e6rre store skip<\/p>\n<p>Forslaget til regelverk i omr\u00e5det vil f\u00e5 betydning for havnens kapasitet, men de aller fleste skip kan tas imot i havnen ogs\u00e5 i \u00e5rene som kommer.<\/p>\n<p>I stor grad handler det om frekvens. Det er for mange store skip n\u00e5, mener Riksantikvaren.<\/p>\n<p>For cruisetrafikken, som er en del av havnevirksomheten, er forslaget til fredning av omr\u00e5det p\u00e5 og rundt Bergenhus festning og i Skuteviken av stor betydning, spesielt med tanke p\u00e5 begrensninger i anl\u00f8p og ferdsel for st\u00f8rre fart\u00f8y.<\/p>\n<p>   <img decoding=\"async\" width=\"775\" height=\"648\" fetchpriority=\"low\"  loading=\"lazy\"  src=\"https:\/\/www.europesays.com\/no\/wp-content\/uploads\/2025\/11\/Skjermbilde+2025-11-12+100756.png\" alt=\"\" class=\"brick-c-cFOWSL\" style=\"--brick-image-ratio: 775 \/ 648;\"\/><\/p>\n<p>Bergen Havn mener de har en plikt til \u00e5 ta imot skip som \u00f8nsker \u00e5 legge til, og viser til havne- og farvannsloven. Riksantikvaren er uenig.<\/p>\n<p>Mottaksplikten, som paragrafen heter, er ikke absolutt. Den kan overstyres av blant annet kulturminneloven, mener de.<\/p>\n<p>  <a href=\"https:\/\/www.ba.no\/5-8-2897604\" class=\"related-teaser has-image default-story-teaser article--c-eRUmMG article--c-eRUmMG-jKCPdD-design-default\" rel=\"nofollow noopener\" target=\"_blank\"><\/p>\n<p>    <img decoding=\"async\" loading=\"lazy\"  src=\"https:\/\/www.europesays.com\/no\/wp-content\/uploads\/2025\/11\/BA00185.jpg\" alt=\"\" class=\"brick-c-cFOWSL\" style=\"\"\/><\/p>\n<p>\n            Les ogs\u00e5<\/p>\n<p>              Ny overraskende vending: \u2013 Forsvaret ga klar beskjed\n        <\/p>\n<p>  <\/a><br \/>\n  Forbudslisten<\/p>\n<p>Fremover vil det, dersom fredningsplanen blir vedtatt, bli f\u00f8lgende bli forbudt:<\/p>\n<ul>\n<li>Nye bygninger og anlegg, konstruksjoner og installasjoner.<\/li>\n<li>Nye kaianlegg eller utvidelse av eksisterende kaianlegg.<\/li>\n<li>Endringer p\u00e5 eksisterende byggverk som motvirker form\u00e5let med fredningen.<\/li>\n<\/ul>\n<p>Byr\u00e5det i Bergen har i prosessen st\u00f8ttet Riksantikvarens fredningsarbeid. Samtidig har de pekt p\u00e5 behovet for en levende by, levende havn og Bergens identitet som havby.<\/p>\n<p>\u2013 Fredningen m\u00e5 ikke begrense utviklingen av Bontelabo, og til hinder for utvikling av gode byrom p\u00e5 land og tilgang til sj\u00f8 i hele omr\u00e5det, ba de om.<\/p>\n<p>  <a href=\"https:\/\/www.ba.no\/5-8-2645737\" class=\"related-teaser has-image default-story-teaser article--c-eRUmMG article--c-eRUmMG-jKCPdD-design-default\" rel=\"nofollow noopener\" target=\"_blank\"><\/p>\n<p>    <img decoding=\"async\" loading=\"lazy\"  src=\"https:\/\/www.europesays.com\/no\/wp-content\/uploads\/2025\/11\/Bontelabo.jpg\" alt=\"\" class=\"brick-c-cFOWSL\" style=\"\"\/><\/p>\n<p>\n            Les ogs\u00e5<\/p>\n<p>              Gigantprosjekt legges d\u00f8dt p\u00e5 grunn av fredningssak: \u2013 Uheldig\n        <\/p>\n<p>  <\/a><\/p>\n<p>Enhver utvidelse av havneomr\u00e5dene, slik kommunen og havnen tidligere \u00f8nsket &#8211; for \u00e5 ta i mot st\u00f8rre cruiseskip, det er bare \u00e5 glemme.<\/p>\n<p>Men fredningen er ikke til hinder for Bybanen, eller sykkeltraseen. Heller ikke til hinder for utvikling av byrom, s\u00e5fremt disse er i tr\u00e5d med fredningens form\u00e5l.<\/p>\n<p>\u2013 Et av form\u00e5lene i fredningen er \u00e5 sikre allmenn tilgjengelighet i og rundt Bergenhus festning og Byfjorden, skriver Riksantikvaren.<\/p>\n<p>All utvikling i omr\u00e5det skal alts\u00e5 skje p\u00e5 kulturmilj\u00f8ets premisser.<\/p>\n","protected":false},"excerpt":{"rendered":"\u2013 Historien til Bergen som levende havneby er ul\u00f8selig knyttet til innseilingen til V\u00e5gen og Bergenhus festning, sier&hellip;\n","protected":false},"author":2,"featured_media":85052,"comment_status":"","ping_status":"","sticky":false,"template":"","format":"standard","meta":{"footnotes":""},"categories":[10],"tags":[36,11346,20,21,24,25,15,22,23,13,30,28,29,14,16,6609,1510,26,27],"class_list":{"0":"post-85051","1":"post","2":"type-post","3":"status-publish","4":"format-standard","5":"has-post-thumbnail","7":"category-norge","8":"tag-art","9":"tag-bergenhus","10":"tag-breaking-news","11":"tag-breakingnews","12":"tag-featured-news","13":"tag-featurednews","14":"tag-headlines","15":"tag-latest-news","16":"tag-latestnews","17":"tag-news","18":"tag-no","19":"tag-norge","20":"tag-norway","21":"tag-nyheter","22":"tag-overskrifter","23":"tag-riksantikvaren","24":"tag-story","25":"tag-top-stories","26":"tag-topstories"},"share_on_mastodon":{"url":"https:\/\/pubeurope.com\/@no\/115536262920671520","error":""},"_links":{"self":[{"href":"https:\/\/www.europesays.com\/no\/wp-json\/wp\/v2\/posts\/85051","targetHints":{"allow":["GET"]}}],"collection":[{"href":"https:\/\/www.europesays.com\/no\/wp-json\/wp\/v2\/posts"}],"about":[{"href":"https:\/\/www.europesays.com\/no\/wp-json\/wp\/v2\/types\/post"}],"author":[{"embeddable":true,"href":"https:\/\/www.europesays.com\/no\/wp-json\/wp\/v2\/users\/2"}],"replies":[{"embeddable":true,"href":"https:\/\/www.europesays.com\/no\/wp-json\/wp\/v2\/comments?post=85051"}],"version-history":[{"count":0,"href":"https:\/\/www.europesays.com\/no\/wp-json\/wp\/v2\/posts\/85051\/revisions"}],"wp:featuredmedia":[{"embeddable":true,"href":"https:\/\/www.europesays.com\/no\/wp-json\/wp\/v2\/media\/85052"}],"wp:attachment":[{"href":"https:\/\/www.europesays.com\/no\/wp-json\/wp\/v2\/media?parent=85051"}],"wp:term":[{"taxonomy":"category","embeddable":true,"href":"https:\/\/www.europesays.com\/no\/wp-json\/wp\/v2\/categories?post=85051"},{"taxonomy":"post_tag","embeddable":true,"href":"https:\/\/www.europesays.com\/no\/wp-json\/wp\/v2\/tags?post=85051"}],"curies":[{"name":"wp","href":"https:\/\/api.w.org\/{rel}","templated":true}]}}