{"id":85053,"date":"2025-11-12T10:32:21","date_gmt":"2025-11-12T10:32:21","guid":{"rendered":"https:\/\/www.europesays.com\/no\/85053\/"},"modified":"2025-11-12T10:32:21","modified_gmt":"2025-11-12T10:32:21","slug":"hoibys-advokat-truer-med-besoksforbud","status":"publish","type":"post","link":"https:\/\/www.europesays.com\/no\/85053\/","title":{"rendered":"H\u00f8ibys advokat truer med bes\u00f8ksforbud"},"content":{"rendered":"\n<ul class=\"_list_o9xde_3 _list_64s2r_85 _unordered_o9xde_106 text-sans-m\">\n<li class=\"_item_o9xde_30\">I en ny bok kommer det frem at Se og H\u00f8r-journalister mener de ble truet med bes\u00f8ksforbud mot Marius Borg H\u00f8iby.<\/li>\n<li class=\"_item_o9xde_30\">Den nye boken \u00abUte av kontroll hevder ogs\u00e5 at H\u00f8iby f\u00e5r spesialbehandling.<\/li>\n<li class=\"_item_o9xde_30\">H\u00f8ibys advokat avviser anklagene og mener Se og H\u00f8rs metode er kritikkverdig.<\/li>\n<li class=\"_item_o9xde_30\">Det er sjefredakt\u00f8r Ulf Andr\u00e9 Andersen og redakt\u00f8r Niklas Kokkin-Thoresen som sammen med Se og H\u00f8rs frilansjournalist Lars Gautneb har fortalt sin historie til forfatter Kjersti Kvam i boken.<\/li>\n<\/ul>\n<p>Vis mer <\/p>\n<p class=\"_paragraph_o9xde_4 _paragraph_xtcu6_10 layout-component text-serif-m layout-normal text-serif-m layout-padded\">Mens det i h\u00f8st har stormet rundt Aschehougs bok \u00abHvite striper, sorte f\u00e5r\u00bb, som Marius Borg H\u00f8iby <a href=\"https:\/\/www.vg.no\/rampelys\/i\/KMEBzM\/strides-om-forsiden-aa-gaa-alt-for-langt\" data-track-element-type=\"Link\" data-track-id=\"link:KMEBzM\" class=\"_link_o9xde_39\" rel=\"nofollow noopener\" target=\"_blank\">har g\u00e5tt rettens vei<\/a> for \u00e5 pr\u00f8ve \u00e5 midlertidig stoppe, har ogs\u00e5 Se og H\u00f8r-sjefen mottatt et varsel om mulige rettslige skritt fra H\u00f8lby.<\/p>\n<p class=\"_paragraph_o9xde_4 _paragraph_xtcu6_10 layout-component text-serif-m layout-normal text-serif-m layout-padded\">Det kommer frem i den nye boken \u00abUte av kontroll: Avsl\u00f8ringen av\u00a0Marius Borg H\u00f8iby\u00bb. <\/p>\n<p><img decoding=\"async\" alt=\"Bilde av Ulf Andr\u00e9 Andersen\" class=\"_image_ygndg_42\" height=\"27\" itemprop=\"image\" loading=\"lazy\"  src=\"https:\/\/www.europesays.com\/no\/wp-content\/uploads\/2025\/11\/a7c0c62e-c984-4dc3-a30d-f736c75f05fa\"  width=\"40\"\/><strong class=\"_name_ygndg_51 title-serif-xs\">Ulf Andr\u00e9 Andersen<\/strong><\/p>\n<p class=\"_paragraph_o9xde_4 text-sans-m _description_ygndg_56\">Sjefredakt\u00f8r i Se og H\u00f8r<\/p>\n<p class=\"_paragraph_o9xde_4 _paragraph_xtcu6_10 layout-component text-serif-m layout-normal text-serif-m layout-padded\">2. oktober i h\u00f8st sendte en av H\u00f8ibys forsvarere, Petar Sekulic, et brev til Andersen der de if\u00f8lge boken, g\u00e5r ut mot Se og H\u00f8rs arbeidsmetoder og varsler at de vurderer \u00e5 begj\u00e6re utstedelse av bes\u00f8ksforbud mot aktuelle Se og H\u00f8r-fotografer.<\/p>\n<p class=\"_paragraph_o9xde_4 _paragraph_xtcu6_10 layout-component text-serif-m layout-normal text-serif-m layout-padded\">VG har sett brevet.<\/p>\n<p class=\"_paragraph_o9xde_4 _paragraph_xtcu6_10 layout-component text-serif-m layout-normal text-serif-m layout-padded\">\u2013 Det er oppsiktsvekkende og betenkelig at s\u00e5 erfarne jurister gj\u00f8r dette. Marius Borg H\u00f8iby mener vi driver en overv\u00e5kning av ham, mens vi mener v\u00e5re journalister og fotografer bruker helt vanlige journalistiske metoder, sier Andersen til VG og fortsetter: <\/p>\n<p class=\"_paragraph_o9xde_4 _paragraph_xtcu6_10 layout-component text-serif-m layout-normal text-serif-m layout-padded\">\u2013 Dette er jo trusler om bes\u00f8ksforbud fra et medlem av kongefamilien. Vi kan ikke la oss kneble av p\u00e5stander om at vanlig journalistikk er hensynsl\u00f8s adferd.<\/p>\n<p class=\"_paragraph_o9xde_4 _paragraph_xtcu6_10 layout-component text-serif-m layout-normal text-serif-m layout-padded\"><strong class=\"_strong_o9xde_25\">H\u00f8ibys forsvarer, Petar Sekulic, avviser at dette var et fors\u00f8k p\u00e5 \u00e5 stanse deres journalistikk. <\/strong><\/p>\n<p class=\"_paragraph_o9xde_4 _paragraph_xtcu6_10 layout-component text-serif-m layout-normal text-serif-m layout-padded\">\u2013 Brevet gjelder f\u00f8lgelig deres kritikkverdige metodebruk i sin jakt p\u00e5 sensasjonsoppslag, og er f\u00f8lgelig ikke noe fors\u00f8k p\u00e5 \u00e5 stanse deres journalistikk p\u00e5 generelt grunnlag, skriver han i en e-post til VG.<\/p>\n<p><img decoding=\"async\" alt=\"Bilde av Petar Sekulic\" class=\"_image_ygndg_42\" height=\"27\" itemprop=\"image\" loading=\"lazy\"  src=\"https:\/\/www.europesays.com\/no\/wp-content\/uploads\/2025\/11\/0b7f19f4-5774-45d2-92a3-45e37ca0d39c\"  width=\"40\"\/><strong class=\"_name_ygndg_51 title-serif-xs\">Petar Sekulic<\/strong><\/p>\n<p class=\"_paragraph_o9xde_4 text-sans-m _description_ygndg_56\">H\u00f8ibys forsvarer<\/p>\n<p class=\"_paragraph_o9xde_4 _paragraph_xtcu6_10 layout-component text-serif-m layout-normal text-serif-m layout-padded\">Sekulic viser ogs\u00e5 til brevet &#8211; der det blant annet \u00abillustreres\u00bb at Se og H\u00f8rs fotografer over flere dager sto parkert utenfor bostedet til en venn av H\u00f8iby, at det skal ha blitt brukt drone omkring en hytte mens H\u00f8iby oppholdt seg der &#8211; og p\u00e5 en flyplass etter en ferietur uten at fotograf skal ha tilkjennegitt sitt nerv\u00e6r. <\/p>\n<p class=\"_paragraph_o9xde_4 _paragraph_xtcu6_10 layout-component text-serif-m layout-normal text-serif-m layout-padded\">\u00abP\u00e5gangen fra Se og H\u00f8r fremst\u00e5r problematisk\u00bb, st\u00e5r det i brevet. Sekulic skriver ogs\u00e5 f\u00f8lgende i samme brev:<\/p>\n<p class=\"_paragraph_o9xde_4 _paragraph_xtcu6_10 layout-component text-serif-m layout-normal text-serif-m layout-padded\">\u00abVi nevner avslutningsvis at vi vurderer det slik at nevnte arbeidsmetoder kan v\u00e6re \u00e5 anse som rettstridig hensynsl\u00f8s atferd og privatlivskrenkelse, og som ved gjentagelse kan begrunne en begj\u00e6ring om utstedelse av bes\u00f8ksforbud mot aktuelle Se og H\u00f8r-fotografer. Vi varsler herved at vi vil m\u00e5tte vurdere \u00e5 begj\u00e6re slikt bes\u00f8ksforbud dersom nevnte p\u00e5gang skulle fortsette\u00bb.<\/p>\n<p><img alt=\"Det er sjefredakt\u00f8r Ulf Andr\u00e9 Andersen og redakt\u00f8r Niklas Kokkin-Thoresen (t.h.) som sammen med Se og H\u00f8rs frilansjournalist Lars Gautneb som har fortalt sin historie til forfatter Kjersti Kvam i boken \u00abUte av kontroll\u00bb.   Foto: Hallgeir V\u00e5genes \/ VG\" class=\"_image_qp4xg_65 layout-component layout-normal\" data-fullscreen- data-track-element-type=\"Article image fullscreen\" data-track-name=\"ImageFullscreen\" decoding=\"async\" loading=\"lazy\" height=\"4000\" itemprop=\"image\"  src=\"https:\/\/www.europesays.com\/no\/wp-content\/uploads\/2025\/11\/cbf12889-43b0-4445-a572-c943d6fcc019\"  style=\"object-position:0% 0%\" width=\"5519\"\/>Det er sjefredakt\u00f8r Ulf Andr\u00e9 Andersen og redakt\u00f8r Niklas Kokkin-Thoresen (t.h.) som sammen med Se og H\u00f8rs frilansjournalist Lars Gautneb som har fortalt sin historie til forfatter Kjersti Kvam i boken \u00abUte av kontroll\u00bb.   Foto: Hallgeir V\u00e5genes \/ VG<\/p>\n<p class=\"_paragraph_o9xde_4 _paragraph_xtcu6_10 layout-component text-serif-m layout-normal text-serif-m layout-padded\">P\u00e5 sp\u00f8rsm\u00e5l fra VG om Se og H\u00f8r driver en form for overv\u00e5kning, svarer sjefredakt\u00f8r <a href=\"https:\/\/www.vg.no\/tag\/ulf-andre-andersen?utm_source=vg-article&amp;utm_medium=auto-tagger&amp;utm_campaign=vgEpxw\" class=\"_link_o9xde_39\" rel=\"nofollow noopener\" target=\"_blank\">Ulf Andr\u00e9 Andersen<\/a> slik: <\/p>\n<p class=\"_paragraph_o9xde_4 _paragraph_xtcu6_10 layout-component text-serif-m layout-normal text-serif-m layout-padded\">\u2013 Nei, det er selvsagt ikke snakk om noen konstant overv\u00e5kning. Vi har ingen som ligger p\u00e5 utsiden av huset i dagevis, det er 200 prosent feil. Men vi f\u00f8lger med, vi er innom &#8211; og en stor del av motivasjonen v\u00e5r i denne saken er \u00e5 vise hvor stor grad av forskjellsbehandling og spesialbehandling Marius har f\u00e5tt b\u00e5de opp gjennom og n\u00e5.<\/p>\n<p> Forlaget m\u00e5 rette feil<\/p>\n<p class=\"_paragraph_o9xde_4 _paragraph_xtcu6_10 layout-component text-serif-m layout-normal text-serif-m layout-padded\">Forskjellsbehandlingen Andersen snakker om, er et av hovedtemaene i boken \u00abUte av kontroll\u00bb som alts\u00e5 kommer onsdag \u2013 \u00e9n uke f\u00f8r den egentlig skulle komme ut. <\/p>\n<p class=\"_paragraph_o9xde_4 _paragraph_xtcu6_10 layout-component text-serif-m layout-normal text-serif-m layout-padded\"><strong class=\"_strong_o9xde_25\">Allerede f\u00f8r boken er i butikkhyllene har det blitt br\u00e5k:<\/strong> <a href=\"https:\/\/www.vg.no\/rampelys\/i\/0VwJk6\/hoeibys-advokat-om-boken-ute-av-kontroll-feilgjengivelser\" data-track-element-type=\"Link\" data-track-id=\"link:0VwJk6\" class=\"_link_o9xde_39\" rel=\"nofollow noopener\" target=\"_blank\">Advokat raser mot ny H\u00f8iby-bok<\/a><\/p>\n<p class=\"_paragraph_o9xde_4 _paragraph_xtcu6_10 layout-component text-serif-m layout-normal text-serif-m layout-padded\">Mens forlaget sier de har brukt ekstra tid for \u00e5 sikre alle detaljer, sier H\u00f8ibys advokat Elias Christensen at de har oppdaget flere feil.<\/p>\n<p class=\"_paragraph_o9xde_4 _paragraph_xtcu6_10 layout-component text-serif-m layout-normal text-serif-m layout-padded\">\u2013 Boken inneholder en rekke feil. Selv noe s\u00e5 enkelt som\u00a0<a href=\"https:\/\/www.vg.no\/rampelys\/i\/wgWo1o\/hoeiby-saken-innkalling-til-presseorientering-om-avgjoerelse-av-tiltalespoersmaal\" data-track-element-type=\"Link\" data-track-id=\"link:wgWo1o\" class=\"_link_o9xde_39\" rel=\"nofollow noopener\" target=\"_blank\">tiltalebeslutningen<\/a>\u00a0er ikke gjengitt riktig, sier Christensen.<\/p>\n<p><img alt=\"\" class=\"_image_qp4xg_65 layout-component layout-normal\" data-fullscreen- data-track-element-type=\"Article image fullscreen\" data-track-name=\"ImageFullscreen\" decoding=\"async\" loading=\"lazy\" height=\"2605\" itemprop=\"image\"  src=\"https:\/\/www.europesays.com\/no\/wp-content\/uploads\/2025\/11\/9e96be0e-f28a-4fa1-a83c-7ccdc4518d0f\"  style=\"object-position:0% 0%\" width=\"1660\"\/><\/p>\n<p class=\"_paragraph_o9xde_4 _paragraph_xtcu6_10 layout-component text-serif-m layout-normal text-serif-m layout-padded\">Dette beklager n\u00e5 forlaget Bonnier:<\/p>\n<p class=\"_paragraph_o9xde_4 _paragraph_xtcu6_10 layout-component text-serif-m layout-normal text-serif-m layout-padded\">\u2013 Der har det skjedd feil. Det beklager vi p\u00e5 det sterkeste &#8211; og vi retter i nye opplag, sier Alexander Even Henriksen og forklarer:<\/p>\n<p class=\"_paragraph_o9xde_4 _paragraph_xtcu6_10 layout-component text-serif-m layout-normal text-serif-m layout-padded\">\u2013 Tiltalen er et langt juridisk dokument, som vi i boka har fors\u00f8kt \u00e5 forenkle og gj\u00f8re mer forst\u00e5elig for leseren. I dette arbeidet er det dessverre skjedd noen feil. Men det er viktig \u00e5 si at meningsinnholdet og budskapet i boken st\u00e5r like sterkt, sier Henriksen til VG.<\/p>\n<p> \u2013 Hevet over loven<\/p>\n<p class=\"_paragraph_o9xde_4 _paragraph_xtcu6_10 layout-component text-serif-m layout-normal text-serif-m layout-padded\"><strong class=\"_strong_o9xde_25\">\u00abHan f\u00e5r hjelp b\u00e5de av morens posisjon og av systemet, noe som bryter med prinsippet om likhet for loven\u00bb, heter det i boken. <\/strong><\/p>\n<p class=\"_paragraph_o9xde_4 _paragraph_xtcu6_10 layout-component text-serif-m layout-normal text-serif-m layout-padded\">I boken forteller Andersen om et m\u00f8te med en kilde han ikke vet hvem er f\u00f8r personen dukker opp p\u00e5 et avtalt m\u00f8tested. Det er dette som f\u00f8rer til at han f\u00e5r det mye omtalte lydopptaket mellom H\u00f8iby og politispanere \u2013 som ogs\u00e5 ble spilt av i retten i forrige uke.<\/p>\n<p class=\"_paragraph_o9xde_4 _paragraph_xtcu6_10 layout-component text-serif-m layout-normal text-serif-m layout-padded\">Andersen mener lydopptaket er en ren bekreftelse p\u00e5 forskjellsbehandlingen av H\u00f8iby tidligere. Andre i samme situasjon ville blitt konfrontert og p\u00e5grepet langt tidligere.<\/p>\n<p class=\"_paragraph_o9xde_4 _paragraph_xtcu6_10 layout-component text-serif-m layout-normal text-serif-m layout-padded\">Politiet har <a href=\"https:\/\/www.nrk.no\/norge\/oslo-politiet_-avviser-forskjellsbehandling-av-hoiby-1.17039717\" class=\"_link_o9xde_39\" rel=\"nofollow noopener\" target=\"_blank\">tidligere avvist<\/a> at denne samtalen handlet om forskjellsbehandling og de har sagt at de ville gjort det samme i andre situasjoner hvor de \u00f8nsker \u00e5 \u00abforebygge noe\u00bb.<\/p>\n<p class=\"_paragraph_o9xde_4 _paragraph_xtcu6_10 layout-component text-serif-m layout-normal text-serif-m layout-padded\">VG har sendt politiet en henvendelse i forbindelse med denne saken. <\/p>\n<p class=\"_paragraph_o9xde_4 _paragraph_xtcu6_10 layout-component text-serif-m layout-normal text-serif-m layout-padded\">Andersen er uenig i at dette er en vanlig forebyggingssamtale &#8211; og p\u00e5peker at dette bare er et av mange eksempler p\u00e5 det han mener er forskjellsbehandling H\u00f8iby har f\u00e5tt. Han trekker ogs\u00e5  annet frem at H\u00f8iby skal ha blitt varslet f\u00f8r han varetektsfengsles 4. august 2024.<\/p>\n<p class=\"_paragraph_o9xde_4 _paragraph_xtcu6_10 layout-component text-serif-m layout-normal text-serif-m layout-padded\"><strong class=\"_strong_o9xde_25\">Noe VG har skrevet om her:<a href=\"https:\/\/www.vg.no\/rampelys\/i\/gw4nv9\/marius-borg-hoeiby-27-varslet-om-paagripelse\" data-track-element-type=\"Link\" data-track-id=\"link:gw4nv9\" class=\"_link_o9xde_39\" rel=\"nofollow noopener\" target=\"_blank\"> <\/a><\/strong><a href=\"https:\/\/www.vg.no\/rampelys\/i\/gw4nv9\/marius-borg-hoeiby-27-varslet-om-paagripelse\" data-track-element-type=\"Link\" data-track-id=\"link:gw4nv9\" class=\"_link_o9xde_39\" rel=\"nofollow noopener\" target=\"_blank\">Kronprinsessen skal ha varslet s\u00f8nnen om p\u00e5gripelsen<\/a><\/p>\n<p><img alt=\"Foto: Hallgeir V\u00e5genes \/ VG\" class=\"_image_qp4xg_65 layout-component layout-normal\" data-fullscreen- data-track-element-type=\"Article image fullscreen\" data-track-name=\"ImageFullscreen\" decoding=\"async\" loading=\"lazy\" height=\"4000\" itemprop=\"image\"  src=\"https:\/\/www.europesays.com\/no\/wp-content\/uploads\/2025\/11\/19f866cb-8665-4ea2-b44d-05de000696a0\"  style=\"object-position:0% 0%\" width=\"6000\"\/>Foto: Hallgeir V\u00e5genes \/ VG<\/p>\n<p class=\"_paragraph_o9xde_4 _paragraph_xtcu6_10 layout-component text-serif-m layout-normal text-serif-m layout-padded\">\u2013 Dette er ikke en vanlig praksis andre mistenkte f\u00e5r \u2013 og bryter med prinsippet om lik behandling for loven, sier Andersen som mener denne saken viser at H\u00f8iby p\u00e5 mange m\u00e5ter har v\u00e6rt \u00abhevet over loven\u00bb.<\/p>\n<p class=\"_paragraph_o9xde_4 _paragraph_xtcu6_10 layout-component text-serif-m layout-normal text-serif-m layout-padded\">\u2013 Det er oppsiktsvekkende at alle tror det er likhet for loven i Norge, men boken er med p\u00e5 \u00e5 stille sp\u00f8rsm\u00e5l ved dette. Jeg h\u00e5per den kan v\u00e6re med p\u00e5 \u00e5 sette det p\u00e5 dagsorden, sier Andersen til VG.<\/p>\n<p> \u2013 Syltynt<\/p>\n<p class=\"_paragraph_o9xde_4 _paragraph_xtcu6_10 layout-component text-serif-m layout-normal text-serif-m layout-padded\">H\u00f8ibys advokat, Elias Christensen, skriver i en e-post til VG at forskjellsbehandlingen er \u00absyltynt belagt\u00bb: <\/p>\n<p class=\"_paragraph_o9xde_4 _paragraph_xtcu6_10 layout-component text-serif-m layout-normal text-serif-m layout-padded\">\u2013 Den p\u00e5st\u00e5tte forskjellsbehandling er konstruert og syltynt belagt. Som vi tidligere har sagt, s\u00e5 fremst\u00e5r p\u00e5standen etter v\u00e5r oppfatning mest som et p\u00e5skudd for p\u00e5berope seg et utvidet ytringsfrihetsvern, og som en plattform for sensasjonsoppslag som det ikke er grunnlag for, skriver han videre.<\/p>\n<p><img decoding=\"async\" alt=\"Bilde av Elias Christensen\" class=\"_image_ygndg_42\" height=\"27\" itemprop=\"image\" loading=\"lazy\"  src=\"https:\/\/www.europesays.com\/no\/wp-content\/uploads\/2025\/11\/c1fe4e03-6385-483b-a156-6e5f42a3ce91\"  width=\"40\"\/><strong class=\"_name_ygndg_51 title-serif-xs\">Elias Christensen<\/strong><\/p>\n<p class=\"_paragraph_o9xde_4 text-sans-m _description_ygndg_56\">Advokat<\/p>\n<p class=\"_paragraph_o9xde_4 _paragraph_xtcu6_10 layout-component text-serif-m layout-normal text-serif-m layout-padded\">I boken g\u00e5r de ogs\u00e5 ut mot kronprinsesse Mette-Marit.<\/p>\n<p class=\"_paragraph_o9xde_4 _paragraph_xtcu6_10 layout-component text-serif-m layout-normal text-serif-m layout-padded\">\u2013 Vi stiller i alle fall sp\u00f8rsm\u00e5l om hennes rolle i dette. Hva har hun v\u00e6rt med p\u00e5? Vi mener jo at hun har hatt en sentral rolle, for eksempel er det oppsiktsvekkende <a href=\"https:\/\/www.vg.no\/rampelys\/i\/8qOn3Q\/det-kongelig-hoff-varslet-mette-marit-om-mulig-paagripelse\" data-track-element-type=\"Link\" data-track-id=\"link:8qOn3Q\" class=\"_link_o9xde_39\" rel=\"nofollow noopener\" target=\"_blank\">det som VG har skrevet om at hun skal ha varslet s\u00f8nnen om p\u00e5gripelsen og ha ryddet i huset hans. <\/a><\/p>\n<p class=\"_paragraph_o9xde_4 _paragraph_xtcu6_10 layout-component text-serif-m layout-normal text-serif-m layout-padded\">Slottet sier i en kommentar til VG at de forel\u00f8pig ikke har lest boken, og at de derfor ikke kan kommentere innholdet.<\/p>\n<p>Dette er H\u00f8iby tiltalt for:<\/p>\n<ul class=\"_list_o9xde_3 _list_xtcu6_9 _list_16v91_9 _unordered_o9xde_106 layout-component text-serif-m layout-normal text-sans-m layout-padded\">\n<li class=\"_item_o9xde_30\">Fire tilfeller av voldtekt, ett med samleie.<\/li>\n<li class=\"_item_o9xde_30\">Ett tilfelle av mishandling i n\u00e6re relasjoner.<\/li>\n<li class=\"_item_o9xde_30\">Ett tilfelle av grov kroppskrenkelse.<\/li>\n<li class=\"_item_o9xde_30\">Ett tilfelle av kroppskrenkelse.<\/li>\n<li class=\"_item_o9xde_30\">Et tilfelle av trusler.<\/li>\n<li class=\"_item_o9xde_30\">Fem tilfeller av hensynsl\u00f8s adferd.<\/li>\n<li class=\"_item_o9xde_30\">To tilfeller av skadeverk.<\/li>\n<li class=\"_item_o9xde_30\">Seks tilfeller av seksuelt krenkende adferd.<\/li>\n<li class=\"_item_o9xde_30\">Fire tilfeller av brudd p\u00e5 bes\u00f8ksforbud.<\/li>\n<li class=\"_item_o9xde_30\">Et tilfelle av forulempelse av en offentlig tjenesteperson.<\/li>\n<li class=\"_item_o9xde_30\">Et tilfelle der han unnlot \u00e5 oppgi personalia.<\/li>\n<li class=\"_item_o9xde_30\">Ett tilfelle av \u00e5 ikke ha ferdes hensynsfullt med bil.<\/li>\n<li class=\"_item_o9xde_30\">To tilfeller av \u00e5 ha kj\u00f8rt for fort.<\/li>\n<li class=\"_item_o9xde_30\">To tilfeller av \u00e5 ha kj\u00f8rt uten gyldig f\u00f8rerkort.<\/li>\n<\/ul>\n<p>Vis mer<\/p>\n<p class=\"_paragraph_o9xde_4 _paragraph_xtcu6_10 layout-component text-serif-m layout-normal text-serif-m layout-padded\">Bonnier-sjef Alexander Even Henriksen har uttalt til VG at de forventer minst like mye br\u00e5k rundt Se og H\u00f8r-journalistenes bok, men Ulf Andre Andersen og Niklas Kokkin-Thoresen sier til VG at det f\u00e5r st\u00e5 p\u00e5 hans regning.<\/p>\n<p class=\"_paragraph_o9xde_4 _paragraph_xtcu6_10 layout-component text-serif-m layout-normal text-serif-m layout-padded\">\u2013 Vi er vant til br\u00e5k, vi er vant til \u00e5 v\u00e6re uglesett. Motivasjonen v\u00e5r for \u00e5 fortelle v\u00e5r historie handler delvis om at vi har sett at forsvarerne bygger opp en strategi der de angriper pressen \u2013 og at vi \u00f8nsker \u00e5 fortelle v\u00e5r historie, sier de. <\/p>\n<p class=\"_paragraph_o9xde_4 _paragraph_xtcu6_10 layout-component text-serif-m layout-normal text-serif-m layout-padded\">\u2013 Hvordan forsvarer man \u00e5 gi ut en bok f\u00f8r en rettssak i det hele tatt er i gang med tanke p\u00e5 forh\u00e5ndsd\u00f8mming og partsinnlegg? <\/p>\n<p class=\"_paragraph_o9xde_4 _paragraph_xtcu6_10 layout-component text-serif-m layout-normal text-serif-m layout-padded\">\u2013 N\u00e5r vi ser p\u00e5 rettsm\u00f8tet i forrige uke og fors\u00f8kene p\u00e5 \u00e5 kneble forlag og presse, s\u00e5 gj\u00f8r det motivasjonen v\u00e5r bare st\u00f8rre for \u00e5 gi ut v\u00e5r bok. Det er viktig \u00e5 f\u00e5 frem v\u00e5r historie p\u00e5 en helhetlig m\u00e5te, v\u00e6re s\u00e5 \u00e5pne som vi kan \u2013 og vise hvordan vi har jobbet. Jeg tror det er vanskelig \u00e5 angripe, sier Andersen.<\/p>\n<p class=\"_paragraph_o9xde_4 _paragraph_xtcu6_10 layout-component text-serif-m layout-normal text-serif-m layout-padded\">\u2013 Forsvarerne mener dere vil sko dere p\u00e5 Marius \u2013 og at det er et trist skue?<\/p>\n<p class=\"_paragraph_o9xde_4 _paragraph_xtcu6_10 layout-component text-serif-m layout-normal text-serif-m layout-padded\">\u2013 Ja, lenge leve dobbeltmoralen. For vi har jo ogs\u00e5 kunnet lese at de tar seg godt betalt for det som var bare en dag i retten. Hele <a href=\"https:\/\/www.vg.no\/rampelys\/i\/Mnxn1R\/dette-krever-de-etter-krangelen-om-hoeiby-boka\" data-track-element-type=\"Link\" data-track-id=\"link:Mnxn1R\" class=\"_link_o9xde_39\" rel=\"nofollow noopener\" target=\"_blank\">825.000<\/a> kroner var det vel. Selv dommeren p\u00e5pekte at det var i overkant mye, sier Kokkin-Thoresen. <\/p>\n<p><img alt=\"Foto: Hallgeir V\u00e5genes \/ VG\" class=\"_image_qp4xg_65 layout-component layout-normal\" data-fullscreen- data-track-element-type=\"Article image fullscreen\" data-track-name=\"ImageFullscreen\" decoding=\"async\" loading=\"lazy\" height=\"4000\" itemprop=\"image\"  src=\"https:\/\/www.europesays.com\/no\/wp-content\/uploads\/2025\/11\/95dc43c1-1d22-409b-a24e-abb7ac5aa5e0\"  style=\"object-position:0% 0%\" width=\"5686\"\/>Foto: Hallgeir V\u00e5genes \/ VG<\/p>\n<p class=\"_paragraph_o9xde_4 _paragraph_xtcu6_10 layout-component text-serif-m layout-normal text-serif-m layout-padded\"><strong class=\"_strong_o9xde_25\">Se og H\u00f8rs sjefredakt\u00f8r er tydelig p\u00e5 at han mener b\u00e5de Se og H\u00f8r og resten av media har v\u00e6rt \u00abfor snille\u00bb i \u00e5rene forut for p\u00e5gripelsen av H\u00f8iby 4. august 2024. <\/strong><\/p>\n<p class=\"_paragraph_o9xde_4 _paragraph_xtcu6_10 layout-component text-serif-m layout-normal text-serif-m layout-padded\">\u2013 Det er en blanding: Sett i retroperspektiv, for \u00e5 bruke et ord som ikke ville kommet p\u00e5 trykk i Se og H\u00f8r, s\u00e5 kunne vi nok med fordel droppet en del av sakene fra den tidlige party-tiden hans. Det var ikke greit at vi var med \u00e5 bygge opp under den livsstilen. <\/p>\n<p class=\"_paragraph_o9xde_4 _paragraph_xtcu6_10 layout-component text-serif-m layout-normal text-serif-m layout-padded\">\u2013 Men etter hvert var det flere ting vi ikke skrev om, som jeg i ettertid mener vi burde gjort. Hvem vet, kanskje kunne det v\u00e6rt med p\u00e5 \u00e5 forebygge situasjonen han st\u00e5r i n\u00e5, sier Andersen. <\/p>\n<p class=\"_paragraph_o9xde_4 _paragraph_xtcu6_10 layout-component text-serif-m layout-normal text-serif-m layout-padded\">Han har tenkt mye p\u00e5 det massive trykket som er mot H\u00f8iby. <\/p>\n<p class=\"_paragraph_o9xde_4 _paragraph_xtcu6_10 layout-component text-serif-m layout-normal text-serif-m layout-padded\">\u2013 Mange husker kanskje at H\u00f8ibys f\u00f8rste advokat uttalte at dette var den enkleste saken han har v\u00e6rt borte i. Heller ikke vi trodde at saken skulle bli s\u00e5 stor som den er blitt, men den massive dekningen handler jo om at det hele tiden har v\u00e6rt en utvikling. Det blir et stort trykk mot hovedpersonen, men pressen kunne ikke la v\u00e6re \u00e5 skrive om utviklingen i saken, sier Andersen. <\/p>\n","protected":false},"excerpt":{"rendered":"I en ny bok kommer det frem at Se og H\u00f8r-journalister mener de ble truet med bes\u00f8ksforbud mot&hellip;\n","protected":false},"author":2,"featured_media":85054,"comment_status":"","ping_status":"","sticky":false,"template":"","format":"standard","meta":{"footnotes":""},"categories":[5],"tags":[150,20,21,24,25,15,19,22,23,17,18,400,13,30,28,29,14,16,3423,401,26,27,4283],"class_list":{"0":"post-85053","1":"post","2":"type-post","3":"status-publish","4":"format-standard","5":"has-post-thumbnail","7":"category-overskrifter","8":"tag-bok","9":"tag-breaking-news","10":"tag-breakingnews","11":"tag-featured-news","12":"tag-featurednews","13":"tag-headlines","14":"tag-hovedoppslag","15":"tag-latest-news","16":"tag-latestnews","17":"tag-main-news","18":"tag-mainnews","19":"tag-marius-borg-hoiby","20":"tag-news","21":"tag-no","22":"tag-norge","23":"tag-norway","24":"tag-nyheter","25":"tag-overskrifter","26":"tag-sakprosa","27":"tag-se-og-hor","28":"tag-top-stories","29":"tag-topstories","30":"tag-ulf-andre-andersen"},"share_on_mastodon":{"url":"https:\/\/pubeurope.com\/@no\/115536274731902224","error":""},"_links":{"self":[{"href":"https:\/\/www.europesays.com\/no\/wp-json\/wp\/v2\/posts\/85053","targetHints":{"allow":["GET"]}}],"collection":[{"href":"https:\/\/www.europesays.com\/no\/wp-json\/wp\/v2\/posts"}],"about":[{"href":"https:\/\/www.europesays.com\/no\/wp-json\/wp\/v2\/types\/post"}],"author":[{"embeddable":true,"href":"https:\/\/www.europesays.com\/no\/wp-json\/wp\/v2\/users\/2"}],"replies":[{"embeddable":true,"href":"https:\/\/www.europesays.com\/no\/wp-json\/wp\/v2\/comments?post=85053"}],"version-history":[{"count":0,"href":"https:\/\/www.europesays.com\/no\/wp-json\/wp\/v2\/posts\/85053\/revisions"}],"wp:featuredmedia":[{"embeddable":true,"href":"https:\/\/www.europesays.com\/no\/wp-json\/wp\/v2\/media\/85054"}],"wp:attachment":[{"href":"https:\/\/www.europesays.com\/no\/wp-json\/wp\/v2\/media?parent=85053"}],"wp:term":[{"taxonomy":"category","embeddable":true,"href":"https:\/\/www.europesays.com\/no\/wp-json\/wp\/v2\/categories?post=85053"},{"taxonomy":"post_tag","embeddable":true,"href":"https:\/\/www.europesays.com\/no\/wp-json\/wp\/v2\/tags?post=85053"}],"curies":[{"name":"wp","href":"https:\/\/api.w.org\/{rel}","templated":true}]}}