{"id":85057,"date":"2025-11-12T10:37:09","date_gmt":"2025-11-12T10:37:09","guid":{"rendered":"https:\/\/www.europesays.com\/no\/85057\/"},"modified":"2025-11-12T10:37:09","modified_gmt":"2025-11-12T10:37:09","slug":"sydney-sweeney-gikk-ned-15-kilo-pa-syv-uker","status":"publish","type":"post","link":"https:\/\/www.europesays.com\/no\/85057\/","title":{"rendered":"Sydney Sweeney gikk ned 15 kilo p\u00e5 syv uker"},"content":{"rendered":"\n<p class=\"_lead_o9xde_2 _lead_xtcu6_50 layout-component text-serif-m layout-normal text-serif-l layout-component layout-wide layout-padded _wide_17hqh_1 layout-padded\">Skuespilleren (28) fr\u00e5tset i mat for \u00e5 legge p\u00e5 seg f\u00f8r innspillingen av \u00abChristy\u00bb. Etterp\u00e5 m\u00e5tte kiloene raskt av igjen.<\/p>\n<p><img alt=\"FILMAKTUELL: Sydney Sweeney p\u00e5 premieren til \u00abChristy\u00bb i Los Angeles i oktober. Foto: Jordan Strauss \/ AP \/ NTB\" class=\"_image_qp4xg_65 layout-component layout-wide\" data-fullscreen- data-track-element-type=\"Article image fullscreen\" data-track-name=\"ImageFullscreen\" fetchpriority=\"high\" decoding=\"sync\" loading=\"eager\" height=\"2624\" itemprop=\"image\"  src=\"https:\/\/www.europesays.com\/no\/wp-content\/uploads\/2025\/11\/cfcd9ee4-3bb4-490d-acdd-03e0c3fdb00b\"  style=\"object-position:0% 0%\" width=\"3936\"\/>FILMAKTUELL: Sydney Sweeney p\u00e5 premieren til \u00abChristy\u00bb i Los Angeles i oktober. Foto: Jordan Strauss \/ AP \/ NTB<\/p>\n<ul aria-hidden=\"true\" class=\"_images_18f0k_111\">\n<li><a class=\"_link_18f0k_116\" href=\"https:\/\/www.vg.no\/forfatter\/catherine-gonsholt-ighanian\" style=\"z-index:1\" title=\"Catherine Gonsholt Ighanian\" rel=\"nofollow noopener\" target=\"_blank\"><img alt=\"Bilde av Catherine Gonsholt Ighanian\" class=\"_image_18f0k_93\" fetchpriority=\"low\" loading=\"lazy\" decoding=\"async\" itemprop=\"image\"  src=\"https:\/\/www.europesays.com\/no\/wp-content\/uploads\/2025\/11\/1762943828_249_72dca32d-ee6f-474c-a50e-72a9bb49f38a\"  width=\"480\"\/><\/a><\/li>\n<\/ul>\n<p> Oppdatert onsdag 12. november kl. 10:47    <\/p>\n<ul class=\"_list_o9xde_3 _list_64s2r_85 _unordered_o9xde_106 text-sans-m\">\n<li class=\"_item_o9xde_30\">Sydney Sweeney la p\u00e5 seg 15 kilo for rollen som bokseren Christy Martin, men m\u00e5tte raskt g\u00e5 ned i vekt igjen.<\/li>\n<li class=\"_item_o9xde_30\">Hun forteller at prosessen var krevende og innebar intens boksetrening, fr\u00e5tsing og proteinshaker.<\/li>\n<\/ul>\n<p>Vis mer <\/p>\n<p class=\"_paragraph_o9xde_4 _paragraph_xtcu6_10 layout-component text-serif-m layout-normal text-serif-m layout-padded\"><a href=\"https:\/\/www.vg.no\/tag\/sydney-sweeney?utm_source=vg-article&amp;utm_medium=auto-tagger&amp;utm_campaign=25Mloq\" class=\"_link_o9xde_39\" rel=\"nofollow noopener\" target=\"_blank\">Sydney Sweeney<\/a> spiller hovedrollen som den amerikanske bokselegenden Christy Martin i filmen om idrettsstjernens liv.<\/p>\n<p class=\"_paragraph_o9xde_4 _paragraph_xtcu6_10 layout-component text-serif-m layout-normal text-serif-m layout-padded\">Det krevde en ganske kraftig fysisk forvandling.<\/p>\n<p class=\"_paragraph_o9xde_4 _paragraph_xtcu6_10 layout-component text-serif-m layout-normal text-serif-m layout-padded\">Samtidig som hun skulle gjennomf\u00f8re tung boksetrening, m\u00e5tte hun legge p\u00e5 seg 15 kilo \u2013 noe som var en utfordrende kombo.<\/p>\n<p class=\"_paragraph_o9xde_4 _paragraph_xtcu6_10 layout-component text-serif-m layout-normal text-serif-m layout-padded\">\u2013 Det var kjempevanskelig, betror hun til <a href=\"https:\/\/people.com\/sydney-sweeney-reveals-strict-diet-to-lose-weight-after-christy-exclusive-11846881\" class=\"_link_o9xde_39\" rel=\"nofollow noopener\" target=\"_blank\">People<\/a>.<\/p>\n<p class=\"_paragraph_o9xde_4 _paragraph_xtcu6_10 layout-component text-serif-m layout-normal text-serif-m layout-padded\">\u2013 Jeg spiste s\u00e5 mye mat. Alt du kan tenke deg. Og s\u00e5 drakk jeg proteinshake etter proteinshake og tok mye kreatinkreatinKreatin er et treningstilskudd, som brukes s\u00e6rlig ved styrketrening. Kreatintilskudd benyttes for \u00e5 \u00f8ke kapasiteten. Vi har kreatin naturlig i kroppen, og du f\u00e5r det ogs\u00e5 gjennom fisk og r\u00f8dt kj\u00f8tt., som bare f\u00e5r en til \u00e5 hovne opp.<\/p>\n<p><img alt=\"Sydney Sweeney i \u00abChristy\u00bb.  Foto: Skjermbilde fra traileren\/Elevation Pictures\" class=\"_image_qp4xg_65 layout-component layout-normal\" data-fullscreen- data-track-element-type=\"Article image fullscreen\" data-track-name=\"ImageFullscreen\" decoding=\"async\" loading=\"lazy\" height=\"627\" itemprop=\"image\"  src=\"https:\/\/www.europesays.com\/no\/wp-content\/uploads\/2025\/11\/5f74451f-c40f-4290-a968-89522de3bc91\"  style=\"object-position:0% 0%\" width=\"1112\"\/>Sydney Sweeney i \u00abChristy\u00bb.  Foto: Skjermbilde fra traileren\/Elevation Pictures<\/p>\n<p class=\"_paragraph_o9xde_4 _paragraph_xtcu6_10 layout-component text-serif-m layout-normal text-serif-m layout-padded\">Etter innspillingen i fjor h\u00f8st hadde Sweeney bare syv uker p\u00e5 \u00e5 bli sitt gamle jeg igjen. <\/p>\n<p class=\"_paragraph_o9xde_4 _paragraph_xtcu6_10 layout-component text-serif-m layout-normal text-serif-m layout-padded\">Da ventet nemlig innspilling av filmen \u00abThe Housemaid\u00bb og tredje sesong av TV-serien \u00abEuphoria\u00bb.<\/p>\n<p class=\"_paragraph_o9xde_4 _paragraph_xtcu6_10 layout-component text-serif-m layout-normal text-serif-m layout-padded\">\u2013 Jeg m\u00e5tte v\u00e6re veldig streng med meg selv, forteller Sweeney.<\/p>\n<p class=\"_paragraph_o9xde_4 _paragraph_xtcu6_10 layout-component text-serif-m layout-normal text-serif-m layout-padded\">Dermed ble det br\u00e5tt slutt p\u00e5 fr\u00e5tsingen.<\/p>\n<p class=\"_paragraph_o9xde_4 _paragraph_xtcu6_10 layout-component text-serif-m layout-normal text-serif-m layout-padded\">\u2013 N\u00e5r du slutter \u00e5 trene og ta alle proteinshakene, mister du muskler superfort. Det er det f\u00f8rste som forsvinner \u2013 f\u00f8r fettet. S\u00e5 musklene mistet jeg i l\u00f8pet av to uker.<\/p>\n<p><img alt=\"ORIGINALEN: Den ekte Christy Martin (57) og Sydney Sweeney p\u00e5 premieren i L.A. i forrige m\u00e5ned.  Foto: Jordan Strauss \/ AP \/ NTB\" class=\"_image_qp4xg_65 layout-component layout-normal\" data-fullscreen- data-track-element-type=\"Article image fullscreen\" data-track-name=\"ImageFullscreen\" decoding=\"async\" loading=\"lazy\" height=\"2485\" itemprop=\"image\"  src=\"https:\/\/www.europesays.com\/no\/wp-content\/uploads\/2025\/11\/7dd35e0d-084c-43d5-b6c1-598f0d931fb0\"  style=\"object-position:0% 0%\" width=\"3601\"\/>ORIGINALEN: Den ekte Christy Martin (57) og Sydney Sweeney p\u00e5 premieren i L.A. i forrige m\u00e5ned.  Foto: Jordan Strauss \/ AP \/ NTB<\/p>\n<p class=\"_paragraph_o9xde_4 _paragraph_xtcu6_10 layout-component text-serif-m layout-normal text-serif-m layout-padded\">I tillegg m\u00e5tte stjernen p\u00e5 diett \u2013 og hun startet med ganske heftig kondisjonstrening.<\/p>\n<p class=\"_paragraph_o9xde_4 _paragraph_xtcu6_10 layout-component text-serif-m layout-normal text-serif-m layout-padded\">Syv uker skal hun alts\u00e5 ha brukt p\u00e5 \u00e5 kvitte seg med samtlige kilo. <\/p>\n<p class=\"_paragraph_o9xde_4 _paragraph_xtcu6_10 layout-component text-serif-m layout-normal text-serif-m layout-padded\">28-\u00e5ringen gir sin \u00abgode forbrenning\u00bb en del av \u00e6ren for at prosessen gikk s\u00e5pass greit.<\/p>\n<p class=\"_paragraph_o9xde_4 _paragraph_xtcu6_10 layout-component text-serif-m layout-normal text-serif-m layout-padded\">\u2013 Men jeg vil ikke si at det var lett.<\/p>\n<p class=\"_paragraph_o9xde_4 _paragraph_xtcu6_10 layout-component text-serif-m layout-normal text-serif-m layout-padded\">Sweeney sier for \u00f8vrig at hun regner med at dette kanskje er eneste gangen i livet hun gjennomg\u00e5r s\u00e5 store kroppslige endringer for en rolle.<\/p>\n<p class=\"_paragraph_o9xde_4 _paragraph_xtcu6_10 layout-component text-serif-m layout-normal text-serif-m layout-padded\">\u00abChristy\u00bb, som har f\u00e5tt hard medfart av filmanmeldere i utlandet og blir omtalt som en flopp, har enn\u00e5 ikke f\u00e5tt premieredato i Norge.<\/p>\n<p class=\"_paragraph_o9xde_4 _paragraph_xtcu6_10 layout-component text-serif-m layout-normal text-serif-m layout-padded\">Thrilleren \u00abThe Housemaid\u00bb f\u00e5r norsk premiere i januar 2026. \u00abEuphoria\u00bb f\u00e5r premiere p\u00e5 HBO v\u00e5ren 2026.<\/p>\n<p>Svermer<\/p>\n<p class=\"_paragraph_o9xde_4 _paragraph_xtcu6_10 layout-component text-serif-m layout-normal text-serif-m layout-padded\">Sydney Sweeney skaper ogs\u00e5 overskrifter for privatlivet. I forrige uke ble hun fotografert <a href=\"https:\/\/www.vg.no\/rampelys\/i\/739R5w\/sydney-sweeney-og-scooter-braun-kysset-hverandre-i-central-park\" data-track-element-type=\"Link\" data-track-id=\"link:739R5w\" class=\"_link_o9xde_39\" rel=\"nofollow noopener\" target=\"_blank\">mens hun kysset<\/a> musikkprodusenten Scooter Braun (44) i full offentlighet. Hverken hun eller han har kommentert romansen.<\/p>\n<p class=\"_paragraph_o9xde_4 _paragraph_xtcu6_10 layout-component text-serif-m layout-normal text-serif-m layout-padded\"><strong class=\"_strong_o9xde_25\">Flere filmnyheter p\u00e5 \u00abBl\u00e5kkb\u00f8ster:<\/strong><\/p>\n<p>Les ogs\u00e5<\/p>\n","protected":false},"excerpt":{"rendered":"Skuespilleren (28) fr\u00e5tset i mat for \u00e5 legge p\u00e5 seg f\u00f8r innspillingen av \u00abChristy\u00bb. Etterp\u00e5 m\u00e5tte kiloene raskt&hellip;\n","protected":false},"author":2,"featured_media":85058,"comment_status":"","ping_status":"","sticky":false,"template":"","format":"standard","meta":{"footnotes":""},"categories":[58],"tags":[71,460,80,30,28,29,3049,72,46],"class_list":{"0":"post-85057","1":"post","2":"type-post","3":"status-publish","4":"format-standard","5":"has-post-thumbnail","7":"category-underholdning","8":"tag-entertainment","9":"tag-film","10":"tag-hollywood","11":"tag-no","12":"tag-norge","13":"tag-norway","14":"tag-sydney-sweeney","15":"tag-underholdning","16":"tag-vgai"},"share_on_mastodon":{"url":"https:\/\/pubeurope.com\/@no\/115536294458627159","error":""},"_links":{"self":[{"href":"https:\/\/www.europesays.com\/no\/wp-json\/wp\/v2\/posts\/85057","targetHints":{"allow":["GET"]}}],"collection":[{"href":"https:\/\/www.europesays.com\/no\/wp-json\/wp\/v2\/posts"}],"about":[{"href":"https:\/\/www.europesays.com\/no\/wp-json\/wp\/v2\/types\/post"}],"author":[{"embeddable":true,"href":"https:\/\/www.europesays.com\/no\/wp-json\/wp\/v2\/users\/2"}],"replies":[{"embeddable":true,"href":"https:\/\/www.europesays.com\/no\/wp-json\/wp\/v2\/comments?post=85057"}],"version-history":[{"count":0,"href":"https:\/\/www.europesays.com\/no\/wp-json\/wp\/v2\/posts\/85057\/revisions"}],"wp:featuredmedia":[{"embeddable":true,"href":"https:\/\/www.europesays.com\/no\/wp-json\/wp\/v2\/media\/85058"}],"wp:attachment":[{"href":"https:\/\/www.europesays.com\/no\/wp-json\/wp\/v2\/media?parent=85057"}],"wp:term":[{"taxonomy":"category","embeddable":true,"href":"https:\/\/www.europesays.com\/no\/wp-json\/wp\/v2\/categories?post=85057"},{"taxonomy":"post_tag","embeddable":true,"href":"https:\/\/www.europesays.com\/no\/wp-json\/wp\/v2\/tags?post=85057"}],"curies":[{"name":"wp","href":"https:\/\/api.w.org\/{rel}","templated":true}]}}