{"id":85059,"date":"2025-11-12T10:38:07","date_gmt":"2025-11-12T10:38:07","guid":{"rendered":"https:\/\/www.europesays.com\/no\/85059\/"},"modified":"2025-11-12T10:38:07","modified_gmt":"2025-11-12T10:38:07","slug":"carolina-royal-ravens-kunngjor-2026-call-of-duty-league-laget-call-of-duty-black-ops-6","status":"publish","type":"post","link":"https:\/\/www.europesays.com\/no\/85059\/","title":{"rendered":"Carolina Royal Ravens kunngj\u00f8r 2026 Call of Duty League-laget &#8211; Call of Duty: Black Ops 6"},"content":{"rendered":"<p>Etter hvert som vi kommer stadig n\u00e6rmere tilbake til Call of Duty League i desember 2025 (og lanseringen av Call of Duty: Black Ops 7 om bare to dager!), Ser vi flere og flere lag som bekrefter troppene sine for den kommende sesongen. I den forbindelse har Carolina Royal Ravens n\u00e5 avsl\u00f8rt hvem som kommer til \u00e5 b\u00e6re sin bl\u00e5 signaturfarge i neste sesong.<\/p>\n<p>Listen inkluderer en tilbakevendende stjerne da Austin &laquo;SlasheR&raquo; Liddicoat beholder sin plass p\u00e5 laget, men han vil v\u00e6re den eneste personen som gj\u00f8r det. Det har blitt avsl\u00f8rt at Dillon &laquo;Wrecks&raquo; Slotter har blitt l\u00f8slatt fra laget for \u00e5 skape plass til de tre nye stjernene Jay &laquo;Craze&raquo; Mallhi, Logan &laquo;Lurqxx&raquo; og Dylan &laquo;Nero&raquo; Koch.<\/p>\n<blockquote class=\"twitter-tweet\" data-theme=\"dark\"><p><a href=\"https:\/\/twitter.com\/RoyalRavens\/status\/1987981085507252613?ref_src=twsrc%5Etfw\" rel=\"nofollow noopener\" target=\"_blank\"><\/p><\/blockquote>\n<p> Royal Ravens blir et av de f\u00f8rste lagene som skal kjempe i 2026-sesongen, for mens OpTic Texas innleder sitt mesterskapsforsvar med \u00e5 m\u00f8te Riyadh Falcons f\u00f8rst, vil Royal Ravens i sesongens andre kamp m\u00f8te Boston Breach.<\/p>\n<p>Hvordan tror du denne utgaven av Royal Ravens vil klare seg?<\/p>\n<p><img loading=\"lazy\" decoding=\"async\" id=\"img-1912593-4529863\" data-fullsize=\"\/media\/98\/carolinaroyalravens_4529863b.png\" data-lazy=\"\" src=\"https:\/\/www.gamereactor.nohttps:\/\/www.gamereactor.no\/media\/98\/carolinaroyalravens_4529863_650x.png\" width=\"650\" onclick=\"if (!window.__cfRLUnblockHandlers) return false; gallery_openmodal('1912593','4529863',false,'396695e64b47b6de6069029adaa04f47');\" height=\"365\" alt=\"Call of Duty: Black Ops 6\" class=\"rwd_col_content lazy\" data-cf-modified-7ffdf615070aed583d44173a-=\"\"\/><script async src=\"https:\/\/platform.twitter.com\/widgets.js\" charset=\"utf-8\"><\/script><\/p>\n","protected":false},"excerpt":{"rendered":"Etter hvert som vi kommer stadig n\u00e6rmere tilbake til Call of Duty League i desember 2025 (og lanseringen&hellip;\n","protected":false},"author":2,"featured_media":85060,"comment_status":"","ping_status":"","sticky":false,"template":"","format":"standard","meta":{"footnotes":""},"categories":[57],"tags":[30,28,29,65,63,64,66,70,69,67,68],"class_list":{"0":"post-85059","1":"post","2":"type-post","3":"status-publish","4":"format-standard","5":"has-post-thumbnail","7":"category-vitenskap-og-teknologi","8":"tag-no","9":"tag-norge","10":"tag-norway","11":"tag-science","12":"tag-science-and-technology","13":"tag-scienceandtechnology","14":"tag-technology","15":"tag-teknologi","16":"tag-vitenskap","17":"tag-vitenskap-og-teknologi","18":"tag-vitenskapteknologi"},"share_on_mastodon":{"url":"https:\/\/pubeurope.com\/@no\/115536298234422374","error":""},"_links":{"self":[{"href":"https:\/\/www.europesays.com\/no\/wp-json\/wp\/v2\/posts\/85059","targetHints":{"allow":["GET"]}}],"collection":[{"href":"https:\/\/www.europesays.com\/no\/wp-json\/wp\/v2\/posts"}],"about":[{"href":"https:\/\/www.europesays.com\/no\/wp-json\/wp\/v2\/types\/post"}],"author":[{"embeddable":true,"href":"https:\/\/www.europesays.com\/no\/wp-json\/wp\/v2\/users\/2"}],"replies":[{"embeddable":true,"href":"https:\/\/www.europesays.com\/no\/wp-json\/wp\/v2\/comments?post=85059"}],"version-history":[{"count":0,"href":"https:\/\/www.europesays.com\/no\/wp-json\/wp\/v2\/posts\/85059\/revisions"}],"wp:featuredmedia":[{"embeddable":true,"href":"https:\/\/www.europesays.com\/no\/wp-json\/wp\/v2\/media\/85060"}],"wp:attachment":[{"href":"https:\/\/www.europesays.com\/no\/wp-json\/wp\/v2\/media?parent=85059"}],"wp:term":[{"taxonomy":"category","embeddable":true,"href":"https:\/\/www.europesays.com\/no\/wp-json\/wp\/v2\/categories?post=85059"},{"taxonomy":"post_tag","embeddable":true,"href":"https:\/\/www.europesays.com\/no\/wp-json\/wp\/v2\/tags?post=85059"}],"curies":[{"name":"wp","href":"https:\/\/api.w.org\/{rel}","templated":true}]}}