{"id":85067,"date":"2025-11-12T10:51:17","date_gmt":"2025-11-12T10:51:17","guid":{"rendered":"https:\/\/www.europesays.com\/no\/85067\/"},"modified":"2025-11-12T10:51:17","modified_gmt":"2025-11-12T10:51:17","slug":"eu-regler-tvinger-apple-til-endringer-iphone-og-apple-watch-mister-en-funksjon","status":"publish","type":"post","link":"https:\/\/www.europesays.com\/no\/85067\/","title":{"rendered":"EU-regler tvinger Apple til endringer: iPhone og Apple Watch mister en funksjon"},"content":{"rendered":"<p>Den automatiske synkroniseringen mellom de to enhetene blir fjernet som f\u00f8lge av nye EU-krav.<\/p>\n<p>Bakgrunnen for endringen<\/p>\n<p>EUs Digital Markets Act (DMA) krever at store teknologiselskaper \u00e5pner systemene sine for produkter fra andre produsenter. For Apple betyr dette at funksjoner som tr\u00e5dl\u00f8s synkronisering m\u00e5 kunne brukes av tredjepartsutstyr, for eksempel smartklokker eller briller fra andre merker.<\/p>\n<p>Apple \u00f8nsker ikke \u00e5 dele slike data. Selskapet mener at overf\u00f8ring av Wi-Fi-informasjon til andre produsenter kan v\u00e6re en sikkerhetsrisiko, siden dataene kan misbrukes til sporing eller m\u00e5lrettet reklame. For \u00e5 unng\u00e5 kravene har Apple if\u00f8lge den franske teknologisiden numerama.com valgt \u00e5 sl\u00e5 av funksjonen helt i Europa.<\/p>\n<p><strong>Les ogs\u00e5:<\/strong> <a href=\"https:\/\/teksiden.no\/mobil\/slik-far-du-batteriet-pa-mobilen-til-a-vare-mye-lengre\/\" rel=\"nofollow noopener\" target=\"_blank\">Slik f\u00e5r du batteriet p\u00e5 mobilen til \u00e5 vare mye lengre<\/a><\/p>\n<p>Hva som faktisk endres<\/p>\n<p>N\u00e5r iOS 26.4 og watchOS 26.4 blir lansert, vil Apple-enheter i Europa ikke lenger kunne synkronisere Wi-Fi-informasjon automatisk.<\/p>\n<p>Tidligere kunne Apple Watch koble seg til et kjent nettverk p\u00e5 egen h\u00e5nd dersom iPhonen ikke var i n\u00e6rheten. Etter oppdateringen m\u00e5 brukeren selv koble klokken til Wi-Fi og skrive inn passordet direkte p\u00e5 skjermen.<\/p>\n<p>Denne endringen gjelder bare n\u00e5r iPhone og Apple Watch ikke er koblet sammen. N\u00e5r de er innenfor rekkevidde, fungerer alt som f\u00f8r. Det skriver <a href=\"https:\/\/www.chip.de\/news\/apple\/eu-zwingt-apple-zum-umbau-iphone-und-apple-watch-verlieren-beliebte-funktion_241f5c18-a8ae-4b40-bd69-8deacf698760.html\" target=\"_blank\" rel=\"noopener nofollow\">chip.<\/a><\/p>\n<p>Hvordan Apple avgj\u00f8r hvem som omfattes<\/p>\n<p>For \u00e5 vite om funksjonen skal v\u00e6re aktiv eller ikke, bruker Apple to kriterier:<\/p>\n<ol class=\"wp-block-list\">\n<li><strong>Posisjon<\/strong> \u2013 funksjonen sl\u00e5s av dersom enheten befinner seg i et EU-land.<\/li>\n<li><strong>Konto<\/strong> \u2013 Apple sjekker ogs\u00e5 hvilket land App Store-kontoen din er registrert i.<\/li>\n<\/ol>\n<p>Dermed vil alle som bor i eller oppholder seg i Europa merke endringen automatisk.<\/p>\n<p>Hva det betyr i praksis<\/p>\n<p>For de fleste vil dette ikke utgj\u00f8re noen stor forskjell. De fleste bruker Apple Watch sammen med iPhonen sin til daglig. Likevel kan endringen merkes i enkelte situasjoner:<\/p>\n<ul class=\"wp-block-list\">\n<li>Hvis du trener eller g\u00e5r tur uten \u00e5 ta med telefonen.<\/li>\n<li>Hvis du ofte beveger deg mellom ulike tr\u00e5dl\u00f8se nettverk og m\u00e5 skrive inn passord hver gang.<\/li>\n<li>Hvis du har en Apple Watch uten mobiltilkobling, som er mer avhengig av Wi-Fi for \u00e5 fungere.<\/li>\n<\/ul>\n<p>Kort oppsummert: Endringen skyldes EUs nye regelverk, ikke en teknisk feil. Apple fjerner funksjonen for \u00e5 unng\u00e5 \u00e5 m\u00e5tte dele nettverksdata med andre produsenter, og dermed beskytte brukernes personvern \u2013 men p\u00e5 bekostning av litt brukervennlighet.<\/p>\n<p><strong>Les ogs\u00e5: <\/strong><a href=\"https:\/\/teksiden.no\/nyheter\/europas-ai-gigafabrikker-kontinentet-som-vil-bygge-sin-egen-hjerne\/\" rel=\"nofollow noopener\" target=\"_blank\">Europas AI-gigafabrikker: Kontinentet som vil bygge sin egen hjerne<\/a><\/p>\n","protected":false},"excerpt":{"rendered":"Den automatiske synkroniseringen mellom de to enhetene blir fjernet som f\u00f8lge av nye EU-krav. Bakgrunnen for endringen EUs&hellip;\n","protected":false},"author":2,"featured_media":85068,"comment_status":"","ping_status":"","sticky":false,"template":"","format":"standard","meta":{"footnotes":""},"categories":[57],"tags":[30,28,29,65,63,64,66,70,69,67,68],"class_list":{"0":"post-85067","1":"post","2":"type-post","3":"status-publish","4":"format-standard","5":"has-post-thumbnail","7":"category-vitenskap-og-teknologi","8":"tag-no","9":"tag-norge","10":"tag-norway","11":"tag-science","12":"tag-science-and-technology","13":"tag-scienceandtechnology","14":"tag-technology","15":"tag-teknologi","16":"tag-vitenskap","17":"tag-vitenskap-og-teknologi","18":"tag-vitenskapteknologi"},"share_on_mastodon":{"url":"https:\/\/pubeurope.com\/@no\/115536349299358274","error":""},"_links":{"self":[{"href":"https:\/\/www.europesays.com\/no\/wp-json\/wp\/v2\/posts\/85067","targetHints":{"allow":["GET"]}}],"collection":[{"href":"https:\/\/www.europesays.com\/no\/wp-json\/wp\/v2\/posts"}],"about":[{"href":"https:\/\/www.europesays.com\/no\/wp-json\/wp\/v2\/types\/post"}],"author":[{"embeddable":true,"href":"https:\/\/www.europesays.com\/no\/wp-json\/wp\/v2\/users\/2"}],"replies":[{"embeddable":true,"href":"https:\/\/www.europesays.com\/no\/wp-json\/wp\/v2\/comments?post=85067"}],"version-history":[{"count":0,"href":"https:\/\/www.europesays.com\/no\/wp-json\/wp\/v2\/posts\/85067\/revisions"}],"wp:featuredmedia":[{"embeddable":true,"href":"https:\/\/www.europesays.com\/no\/wp-json\/wp\/v2\/media\/85068"}],"wp:attachment":[{"href":"https:\/\/www.europesays.com\/no\/wp-json\/wp\/v2\/media?parent=85067"}],"wp:term":[{"taxonomy":"category","embeddable":true,"href":"https:\/\/www.europesays.com\/no\/wp-json\/wp\/v2\/categories?post=85067"},{"taxonomy":"post_tag","embeddable":true,"href":"https:\/\/www.europesays.com\/no\/wp-json\/wp\/v2\/tags?post=85067"}],"curies":[{"name":"wp","href":"https:\/\/api.w.org\/{rel}","templated":true}]}}