{"id":85081,"date":"2025-11-12T11:11:20","date_gmt":"2025-11-12T11:11:20","guid":{"rendered":"https:\/\/www.europesays.com\/no\/85081\/"},"modified":"2025-11-12T11:11:20","modified_gmt":"2025-11-12T11:11:20","slug":"matinfluenser-michael-duarte-dod-i-tragisk-hendelse","status":"publish","type":"post","link":"https:\/\/www.europesays.com\/no\/85081\/","title":{"rendered":"Matinfluenser Michael Duarte d\u00f8d i tragisk hendelse"},"content":{"rendered":"<p class=\"kicker \" style=\"\">Michael Duarte:<\/p>\n<p>  Matinfluenseren d\u00f8de etter det som omtales som en \u00abforferdelig hendelse\u00bb, bare dager etter bryllupsdagen.<\/p>\n<p>\n    INFLUENSER: Med millioner av f\u00f8lgere i sosiale medier delte Michael Duarte fristende oppskrifter under brukernavnet @foodwithbearhands.<br \/>\nFoto: Skjermbilde: @foodwithbearhands \/ Instagram\n  <\/p>\n<p>Den popul\u00e6re matinfluenseren Michael Duarte er d\u00f8d. Han gikk bort 8. november da han var p\u00e5 en reise gjennom Texas. Det melder <a href=\"https:\/\/people.com\/influencer-michael-duarte-dead-11847321\" rel=\"nofollow noopener\" target=\"_blank\">People<\/a>.\u00a0<\/p>\n<p class=\"font-weight-bold m-font-weight-bold\" data-lab-font_weight=\"font-weight-bold\">Michael gikk bort bare dager etter \u00e5 ha feiret bryllupsdag med kona Jessica.\u00a0<\/p>\n<p>    <a itemprop=\"url\" href=\"https:\/\/www.seher.no\/kjendis\/i-sorg-ikke-rettferdig\/83839791\" rel=\"nofollow noopener\" target=\"_blank\"><\/p>\n<p>      <img loading=\"lazy\" decoding=\"async\" src=\"https:\/\/www.europesays.com\/no\/wp-content\/uploads\/2025\/11\/83839744.webp\" width=\"980\" height=\"441\" title=\"I sorg: - Ikke rettferdig\" alt=\"\" class=\"lazyload\" style=\"--aspect-ratio-image: 2.22; \"\/><\/p>\n<p>        I sorg: &#8211; Ikke rettferdig<\/p>\n<p>    <\/a><\/p>\n<p>D\u00f8dsfallet til matprofilen, som var kjent under brukernavnet <a href=\"https:\/\/www.instagram.com\/foodwithbearhands\/\" rel=\"nofollow noopener\" target=\"_blank\">@foodwithbearhands<\/a> p\u00e5 <a href=\"https:\/\/www.instagram.com\/p\/DQ2q7Nvkr7k\/?img_index=1\" rel=\"nofollow noopener\" target=\"_blank\">Instagram<\/a>, bekreftes av talentby\u00e5ret hans Alooma Media Group.\u00a0<\/p>\n<p>        \u00c5PNER OPP: &#8211; Durek var min klippe gjennom hele hendelsen, sa M\u00e4rtha Louise om tiden etter Ari Behns d\u00f8dsfall i et intervju med SVTs Carina Bergfeldt. Video: SVT<\/p>\n<p>\u00abDet er med dyp sorg vi deler nyheten om bortgangen til v\u00e5r kj\u00e6re klient og venn, Michael Duarte. Han var en ekte og lojal samarbeidspartner, en p\u00e5litelig kollega og fremfor alt &#8211; et bemerkelsesverdig menneske. Hans lidenskap, profesjonalitet og kreativitet etterlater et varig inntrykk\u00a0 &#8211; ikke bare p\u00e5 oss, men p\u00e5 alle som fikk \u00e6ren av \u00e5 jobbe med ham\u00bb, skriver talentby\u00e5ret i et innlegg p\u00e5 Instagram.\u00a0<\/p>\n<p>Talentby\u00e5ret beskriver Michael som \u00aben hengiven ektemann til sin kone Jessica, en kj\u00e6rlig far til sin datter, en bror og en lojal venn for s\u00e5 mange over hele verden\u00bb. <\/p>\n<p>          <img loading=\"lazy\" decoding=\"async\" src=\"https:\/\/www.europesays.com\/no\/wp-content\/uploads\/2025\/11\/83840327.webp\" width=\"686\" height=\"686\" title=\"MATGLAD: Michael hadde en stor lidenskap for mat, og brukte store deler av livet sitt p\u00e5 \u00e5 utforske nye smaker p\u00e5 kj\u00f8kkenet. Foto: Skjermbilde: @foodwithbearhands \/ Instagram\" alt=\"\" class=\"\" style=\"--aspect-ratio-image: 1.00; \"\/><\/p>\n<p>\n          MATGLAD: Michael hadde en stor lidenskap for mat, og brukte store deler av livet sitt p\u00e5 \u00e5 utforske nye smaker p\u00e5 kj\u00f8kkenet. Foto: Skjermbilde: @foodwithbearhands \/ Instagram\n      <\/p>\n<p>I en <a href=\"https:\/\/www.gofundme.com\/f\/in-memory-of-michael-duarte\" rel=\"nofollow noopener\" target=\"_blank\">GoFundMe<\/a>-innsamling, som ble opprettet for \u00e5 st\u00f8tte familien etter d\u00f8dsfallet, st\u00e5r det at Duarte d\u00f8de i en forferdelig ulykke.\u00a0<\/p>\n<p class=\"font-weight-bold m-font-weight-bold\" data-lab-font_weight=\"font-weight-bold\">\u00abVi ber dere ha Michaels familie i tankene og b\u00f8nnene deres i denne ekstremt vanskelige tiden. Denne hjerteskj\u00e6rende tragedien kom uten forvarsel, og har etterlattJessica med store kostnader knyttet til \u00e5 f\u00e5 ham hjem til California og dekke utgiftene til begravelsen\u00bb, st\u00e5r det videre.\u00a0<\/p>\n<p>        REAKSJONER: Like f\u00f8r Liam Payne d\u00f8de i oktober i fjor, gjorde han opptak for den nye realityserien \u00abBuilding the Band\u00bb hos Netflix. Nye bilder av superstjerna f\u00e5r fans til \u00e5 reagere. Video: Thea Hope\/ R\u00f8d L\u00f8per<\/p>\n<p class=\"font-weight-normal m-font-weight-normal\" data-lab-font_weight=\"font-weight-normal\"> Da Michael var ung jobbet han p\u00e5 flere restauranter i San Diego-omr\u00e5det, if\u00f8lge <a href=\"https:\/\/people.com\/influencer-michael-duarte-dead-11847321\" rel=\"nofollow noopener\" target=\"_blank\">People<\/a>. Under coronapandemien sluttet han i jobben, og begynte \u00e5 legge ut matlagingsvideoer i sosiale medier. <\/p>\n<p class=\"font-weight-normal m-font-weight-normal\" data-lab-font_weight=\"font-weight-normal\"> Han opparbeidet seg over to millioner f\u00f8lgere p\u00e5 Instagram, TikTok og Facebook, og ble fort kjent for sine grilloppskrifter og sin sprudlende personlighet.\u00a0<\/p>\n<p>    <a itemprop=\"url\" href=\"https:\/\/www.seher.no\/kjendis\/det-odela-livet-mitt\/83836652\" rel=\"nofollow noopener\" target=\"_blank\"><\/p>\n<p>      <img loading=\"lazy\" decoding=\"async\" src=\"https:\/\/www.europesays.com\/no\/wp-content\/uploads\/2025\/11\/83835467.webp\" width=\"147\" height=\"98\" title=\"-Det \u00f8dela livet mitt\" alt=\"\" class=\"lazyload\" style=\"--aspect-ratio-image: 1.50; \"\/><\/p>\n<p>        -Det \u00f8dela livet mitt<\/p>\n<p>    <\/a><\/p>\n<p class=\"font-weight-normal m-font-weight-normal\" data-lab-font_weight=\"font-weight-normal\"> P\u00e5 Instagram-profilen hans st\u00e5r det at hans \u00abm\u00e5l er \u00e5 dele mat med dem som trenger det mest\u00bb. <\/p>\n<p>Michael etterlater seg sin kone Jessica, som han var gift med i ni \u00e5r, og deres seks \u00e5r gamle datter.<\/p>\n<p><script async src=\"\/\/www.instagram.com\/embed.js\"><\/script><\/p>\n","protected":false},"excerpt":{"rendered":"Michael Duarte: Matinfluenseren d\u00f8de etter det som omtales som en \u00abforferdelig hendelse\u00bb, bare dager etter bryllupsdagen. INFLUENSER: Med&hellip;\n","protected":false},"author":2,"featured_media":85082,"comment_status":"","ping_status":"","sticky":false,"template":"","format":"standard","meta":{"footnotes":""},"categories":[12],"tags":[20,21,24,25,15,479,2543,4916,22,23,11347,13,30,28,29,14,16,26,27,42,43,44,45],"class_list":{"0":"post-85081","1":"post","2":"type-post","3":"status-publish","4":"format-standard","5":"has-post-thumbnail","7":"category-verden","8":"tag-breaking-news","9":"tag-breakingnews","10":"tag-featured-news","11":"tag-featurednews","12":"tag-headlines","13":"tag-kjendis","14":"tag-kjendisdesken","15":"tag-kjendisdodsfall","16":"tag-latest-news","17":"tag-latestnews","18":"tag-michael-duarte","19":"tag-news","20":"tag-no","21":"tag-norge","22":"tag-norway","23":"tag-nyheter","24":"tag-overskrifter","25":"tag-top-stories","26":"tag-topstories","27":"tag-verden","28":"tag-world","29":"tag-world-news","30":"tag-worldnews"},"share_on_mastodon":{"url":"https:\/\/pubeurope.com\/@no\/115536427951427228","error":""},"_links":{"self":[{"href":"https:\/\/www.europesays.com\/no\/wp-json\/wp\/v2\/posts\/85081","targetHints":{"allow":["GET"]}}],"collection":[{"href":"https:\/\/www.europesays.com\/no\/wp-json\/wp\/v2\/posts"}],"about":[{"href":"https:\/\/www.europesays.com\/no\/wp-json\/wp\/v2\/types\/post"}],"author":[{"embeddable":true,"href":"https:\/\/www.europesays.com\/no\/wp-json\/wp\/v2\/users\/2"}],"replies":[{"embeddable":true,"href":"https:\/\/www.europesays.com\/no\/wp-json\/wp\/v2\/comments?post=85081"}],"version-history":[{"count":0,"href":"https:\/\/www.europesays.com\/no\/wp-json\/wp\/v2\/posts\/85081\/revisions"}],"wp:featuredmedia":[{"embeddable":true,"href":"https:\/\/www.europesays.com\/no\/wp-json\/wp\/v2\/media\/85082"}],"wp:attachment":[{"href":"https:\/\/www.europesays.com\/no\/wp-json\/wp\/v2\/media?parent=85081"}],"wp:term":[{"taxonomy":"category","embeddable":true,"href":"https:\/\/www.europesays.com\/no\/wp-json\/wp\/v2\/categories?post=85081"},{"taxonomy":"post_tag","embeddable":true,"href":"https:\/\/www.europesays.com\/no\/wp-json\/wp\/v2\/tags?post=85081"}],"curies":[{"name":"wp","href":"https:\/\/api.w.org\/{rel}","templated":true}]}}