{"id":85083,"date":"2025-11-12T11:14:18","date_gmt":"2025-11-12T11:14:18","guid":{"rendered":"https:\/\/www.europesays.com\/no\/85083\/"},"modified":"2025-11-12T11:14:18","modified_gmt":"2025-11-12T11:14:18","slug":"uvaer-polart-lavtrykk-polart-lavtrykk-pa-vei-full-storm-og-kraftige-snobyger","status":"publish","type":"post","link":"https:\/\/www.europesays.com\/no\/85083\/","title":{"rendered":"Uv\u00e6r, Polart lavtrykk | Polart lavtrykk p\u00e5 vei: \u2013 Full storm og kraftige sn\u00f8byger"},"content":{"rendered":"\n<p>Denne h\u00f8sten har vi s\u00e5 langt ikke hatt noen stormer, men n\u00e5 er en storm p\u00e5 vei.<\/p>\n<p>Sigrid Augan\u00e6r som er vakthavended ved Vervarslinge i Troms\u00f8 sier at et  er p\u00e5 vei. <\/p>\n<p>\u2013 Natt til torsdag vil det begynne \u00e5 bl\u00e5se fra nord-nordvest opp i stiv kuling. Det vil ogs\u00e5 g\u00e5 noen sn\u00f8byger. Det polare lavtrykket vil bevege seg i s\u00f8rlig retning og treffe Lofoten. Fra torsdag ettermiddag ventes vindstyrke liten til full storm i Lofoten og Vester\u00e5len. Det blir sterkest vind ytterst i Lofoten og p\u00e5 R\u00f8st. Det polare lavtrykket svekkes natt til fredag, sier Augan\u00e6s.<\/p>\n<p>Det blir ikke bare mye vind.<\/p>\n<p>&#8211; Det blir ogs\u00e5 noen kraftige sn\u00f8byger n\u00e5r det polare lavtrykket treffer Lofoten. Det vil da gi mye sn\u00f8fokk og redusert sikt, sier meterologen. <\/p>\n<p>Augan\u00e6s poengterer at de polare lavtrykkene er utforusigbare og skifter fort bane. <\/p>\n<p>Fredag vil det ogs\u00e5 bl\u00e5se opptil stiv til sterk kuling i Lofoten og det vil g\u00e5 noen sn\u00f8byger. .<\/p>\n<p>Meteorologisk institutt kommer med f\u00f8lgende r\u00e5d.<\/p>\n<p>&#8211; Vind og v\u00e6rforhold kan endre seg raskt. V\u00e6r forberedt p\u00e5 raskt redusert sikt.<\/p>\n<p>Det kan v\u00e6re lokalt vanskelige kj\u00f8reforhold p\u00e5 grunn av sn\u00f8fokk som f\u00f8lge av kraftig sn\u00f8fall og sterk vind. Noen reiser vil kunne f\u00e5 lengre reisetid. Veier kan bli stengt og kolonnekj\u00f8ring kan bli innf\u00f8rt p\u00e5 kort varsel. Sjekk veimeldinger p\u00e5 <a href=\"https:\/\/vegvesen.no\/trafikk\" rel=\"nofollow noopener\" target=\"_blank\">vegvesen.no\/trafikk<\/a>.<\/p>\n<p>Sn\u00f8, sn\u00f8fokk og redusert sikt kan f\u00f8re til vanskelig fremkommelighet. Ta med varme kl\u00e6r, og forvent stans eller redusert hastighet i trafikken. Vurder om reisen er n\u00f8dvendig.<\/p>\n<p>Det kan bli forsinkelser eller kansellerte flyruter som f\u00f8lge av kraftig vind og sn\u00f8fall. Forvent enkelte innstilte hurtigb\u00e5ter og fergeruter. F\u00f8lg r\u00e5d og sjekk status fra transportakt\u00f8rer.<\/p>\n","protected":false},"excerpt":{"rendered":"Denne h\u00f8sten har vi s\u00e5 langt ikke hatt noen stormer, men n\u00e5 er en storm p\u00e5 vei. Sigrid&hellip;\n","protected":false},"author":2,"featured_media":85084,"comment_status":"","ping_status":"","sticky":false,"template":"","format":"standard","meta":{"footnotes":""},"categories":[10],"tags":[36,20,21,24,25,1186,15,22,23,1461,13,30,28,29,14,16,11348,1463,1510,26,27,224,3230,1459,1462,1460],"class_list":{"0":"post-85083","1":"post","2":"type-post","3":"status-publish","4":"format-standard","5":"has-post-thumbnail","7":"category-norge","8":"tag-art","9":"tag-breaking-news","10":"tag-breakingnews","11":"tag-featured-news","12":"tag-featurednews","13":"tag-flakstad","14":"tag-headlines","15":"tag-latest-news","16":"tag-latestnews","17":"tag-moskenes","18":"tag-news","19":"tag-no","20":"tag-norge","21":"tag-norway","22":"tag-nyheter","23":"tag-overskrifter","24":"tag-polart-lavtrykk","25":"tag-rost","26":"tag-story","27":"tag-top-stories","28":"tag-topstories","29":"tag-trafikk","30":"tag-uvaer","31":"tag-vagan","32":"tag-vaeroy","33":"tag-vestvagoy"},"share_on_mastodon":{"url":"https:\/\/pubeurope.com\/@no\/115536439821412722","error":""},"_links":{"self":[{"href":"https:\/\/www.europesays.com\/no\/wp-json\/wp\/v2\/posts\/85083","targetHints":{"allow":["GET"]}}],"collection":[{"href":"https:\/\/www.europesays.com\/no\/wp-json\/wp\/v2\/posts"}],"about":[{"href":"https:\/\/www.europesays.com\/no\/wp-json\/wp\/v2\/types\/post"}],"author":[{"embeddable":true,"href":"https:\/\/www.europesays.com\/no\/wp-json\/wp\/v2\/users\/2"}],"replies":[{"embeddable":true,"href":"https:\/\/www.europesays.com\/no\/wp-json\/wp\/v2\/comments?post=85083"}],"version-history":[{"count":0,"href":"https:\/\/www.europesays.com\/no\/wp-json\/wp\/v2\/posts\/85083\/revisions"}],"wp:featuredmedia":[{"embeddable":true,"href":"https:\/\/www.europesays.com\/no\/wp-json\/wp\/v2\/media\/85084"}],"wp:attachment":[{"href":"https:\/\/www.europesays.com\/no\/wp-json\/wp\/v2\/media?parent=85083"}],"wp:term":[{"taxonomy":"category","embeddable":true,"href":"https:\/\/www.europesays.com\/no\/wp-json\/wp\/v2\/categories?post=85083"},{"taxonomy":"post_tag","embeddable":true,"href":"https:\/\/www.europesays.com\/no\/wp-json\/wp\/v2\/tags?post=85083"}],"curies":[{"name":"wp","href":"https:\/\/api.w.org\/{rel}","templated":true}]}}