{"id":85089,"date":"2025-11-12T11:17:13","date_gmt":"2025-11-12T11:17:13","guid":{"rendered":"https:\/\/www.europesays.com\/no\/85089\/"},"modified":"2025-11-12T11:17:13","modified_gmt":"2025-11-12T11:17:13","slug":"kristian-valen-bok-kristian-valen-forteller-om-politirazziaer-og-selvmordstanker-i-ny-bok","status":"publish","type":"post","link":"https:\/\/www.europesays.com\/no\/85089\/","title":{"rendered":"Kristian Valen, Bok | Kristian Valen forteller om politirazziaer og selvmordstanker i ny bok"},"content":{"rendered":"\n<p><b>BOK: <\/b>Tittelen er \u00abKristian Valen \u2013 fra sp\u00f8k til maskinpistol: Min historie\u00bb, if\u00f8lge pressemeldingen fra utgiver Bonnier, som skriver at dette er \u00abf\u00f8rste gang Valen forteller alt, ufiltrert\u00bb:<\/p>\n<p>\u00abFra en t\u00f8ff oppvekst i Stavanger til stjernestatus og luksusliv i Hollywood Hills. Fra sceneshow og TV-suksess til sammenbrudd, politirazziaer og selvmordstanker. Og kampen for \u00e5 holde masken \u2013 og reise seg igjen og igjen\u00bb, heter det i omtalen av boken til Rustad, som har fulgt Valen tett i flere \u00e5r.<\/p>\n<p>  <a href=\"https:\/\/www.h-avis.no\/5-62-1887237\" class=\"related-teaser has-image default-feature-teaser article--c-eRUmMG article--c-eRUmMG-jKCPdD-design-default\" rel=\"nofollow noopener\" target=\"_blank\"><\/p>\n<p>    <img decoding=\"async\" loading=\"lazy\"  src=\"https:\/\/www.europesays.com\/no\/wp-content\/uploads\/2025\/11\/IMG-4806.jpg\" alt=\"\" class=\"brick-c-cFOWSL\" style=\"\"\/><\/p>\n<p>\n            Les ogs\u00e5<\/p>\n<p>              \u2013 Det er et ordtak i underholdningsbransjen: Klarer du \u00e5 st\u00e5 p\u00e5 en scene i Haugesund, s\u00e5 klarer du alt\n        <\/p>\n<p>  <\/a><\/p>\n<p><b> \u2013 Endelig er den her i h\u00e5nden min. Boken alts\u00e5! skriver Kristian Valen p\u00e5 <a href=\"https:\/\/www.facebook.com\/photo?fbid=1405086357642265&amp;set=pcb.1405086464308921\" rel=\"nofollow noopener\" target=\"_blank\">Facebook<\/a> , der han ogs\u00e5 delte at han akkurat hadde feiret sin f\u00f8rste farsdag med forloveden Karen og s\u00f8nnen Leo Emil, som kom til verden i mai.<\/b><\/p>\n<p>Komikeren har i senere tid st\u00e5tt p\u00e5 scenen i \u00abFart\u00f8y Valen, siste seilas\u00bb \u2013 noe han ogs\u00e5 gj\u00f8r i Oslo b\u00e5de i desember og mai neste \u00e5r.<\/p>\n<p>Det er er if\u00f8lge Ticketmaster hans femte helaftens show siden starten, og tittelen et nikk til gjennombruddsshowet hans i 2002. Det bidro til \u00e5 etablere Valen som en av landets mest popul\u00e6re komikere og imitatorer.<\/p>\n<p>  <a href=\"https:\/\/www.h-avis.no\/5-62-1909107\" class=\"related-teaser has-image default-story-teaser article--c-eRUmMG article--c-eRUmMG-jKCPdD-design-default\" rel=\"nofollow noopener\" target=\"_blank\"><\/p>\n<p>    <img decoding=\"async\" loading=\"lazy\"  src=\"https:\/\/www.europesays.com\/no\/wp-content\/uploads\/2025\/11\/fa05281c-a917-4a16-a8bf-718ffb2c930f.heic\" alt=\"\" class=\"brick-c-cFOWSL\" style=\"\"\/><\/p>\n<p>\n            Les ogs\u00e5<\/p>\n<p>              Billettsystemet br\u00f8t sammen: \u2013 Hadde aldri forestilt oss dette\n        <\/p>\n<p>  <\/a><\/p>\n<p>  <a href=\"https:\/\/www.h-avis.no\/5-62-1864109\" class=\"related-teaser has-image default-story-teaser article--c-eRUmMG article--c-eRUmMG-jKCPdD-design-default\" rel=\"nofollow noopener\" target=\"_blank\"><\/p>\n<p>    <img decoding=\"async\" loading=\"lazy\"  src=\"https:\/\/www.europesays.com\/no\/wp-content\/uploads\/2025\/11\/78d38568-7a40-4283-a06e-350882dddab9.jpeg\" alt=\"\" class=\"brick-c-cFOWSL\" style=\"\"\/><\/p>\n<p>\n            Les ogs\u00e5<\/p>\n<p>              Karen og Kristian f\u00f8dte i Haugesund: \u2013 Tenk at du kan f\u00f8le dette for et lite nurk etter fem minutter\n        <\/p>\n<p>  <\/a><\/p>\n","protected":false},"excerpt":{"rendered":"BOK: Tittelen er \u00abKristian Valen \u2013 fra sp\u00f8k til maskinpistol: Min historie\u00bb, if\u00f8lge pressemeldingen fra utgiver Bonnier, som&hellip;\n","protected":false},"author":2,"featured_media":85090,"comment_status":"","ping_status":"","sticky":false,"template":"","format":"standard","meta":{"footnotes":""},"categories":[58],"tags":[36,150,71,669,479,11303,30,28,29,1510,72],"class_list":{"0":"post-85089","1":"post","2":"type-post","3":"status-publish","4":"format-standard","5":"has-post-thumbnail","7":"category-underholdning","8":"tag-art","9":"tag-bok","10":"tag-entertainment","11":"tag-humor","12":"tag-kjendis","13":"tag-kristian-valen","14":"tag-no","15":"tag-norge","16":"tag-norway","17":"tag-story","18":"tag-underholdning"},"share_on_mastodon":{"url":"https:\/\/pubeurope.com\/@no\/115536451889072926","error":""},"_links":{"self":[{"href":"https:\/\/www.europesays.com\/no\/wp-json\/wp\/v2\/posts\/85089","targetHints":{"allow":["GET"]}}],"collection":[{"href":"https:\/\/www.europesays.com\/no\/wp-json\/wp\/v2\/posts"}],"about":[{"href":"https:\/\/www.europesays.com\/no\/wp-json\/wp\/v2\/types\/post"}],"author":[{"embeddable":true,"href":"https:\/\/www.europesays.com\/no\/wp-json\/wp\/v2\/users\/2"}],"replies":[{"embeddable":true,"href":"https:\/\/www.europesays.com\/no\/wp-json\/wp\/v2\/comments?post=85089"}],"version-history":[{"count":0,"href":"https:\/\/www.europesays.com\/no\/wp-json\/wp\/v2\/posts\/85089\/revisions"}],"wp:featuredmedia":[{"embeddable":true,"href":"https:\/\/www.europesays.com\/no\/wp-json\/wp\/v2\/media\/85090"}],"wp:attachment":[{"href":"https:\/\/www.europesays.com\/no\/wp-json\/wp\/v2\/media?parent=85089"}],"wp:term":[{"taxonomy":"category","embeddable":true,"href":"https:\/\/www.europesays.com\/no\/wp-json\/wp\/v2\/categories?post=85089"},{"taxonomy":"post_tag","embeddable":true,"href":"https:\/\/www.europesays.com\/no\/wp-json\/wp\/v2\/tags?post=85089"}],"curies":[{"name":"wp","href":"https:\/\/api.w.org\/{rel}","templated":true}]}}