{"id":8509,"date":"2025-08-15T04:31:09","date_gmt":"2025-08-15T04:31:09","guid":{"rendered":"https:\/\/www.europesays.com\/no\/8509\/"},"modified":"2025-08-15T04:31:09","modified_gmt":"2025-08-15T04:31:09","slug":"kultur-musikk-50-ar-i-musikken-jeg-er-ikke-sa-nostalgisk-men-jeg-er-stolt-av-det-vi-gjorde","status":"publish","type":"post","link":"https:\/\/www.europesays.com\/no\/8509\/","title":{"rendered":"Kultur, Musikk | 50 \u00e5r i musikken: \u2013 Jeg er ikke s\u00e5 nostalgisk. Men jeg er stolt av det vi gjorde"},"content":{"rendered":"\n<p>\u2013 Jeg er ikke s\u00e5 nostalgisk av meg. Men n\u00e5 er jeg 65 \u00e5r og har jo tenkt en del tilbake p\u00e5 livet mitt, sier Morten Milde.<\/p>\n<p>Sentral figur<\/p>\n<p>Sola varmer godt denne augustdagen. P\u00e5 Brygg og Bakst er bordene godt fylt opp.<\/p>\n<p>Midt inne blant gjestene sitter mannen som i en alder av 65 \u00e5r klarer mesterstykket \u00e5 fortsatt se ut som en frontfigur i et rockeband.<\/p>\n<p>For en hel generasjon haldensere ble han mye mer enn bare en vokalist.<\/p>\n<p>Halden-rocken og Rockehuset hadde neppe v\u00e6rt det samme uten Morten Milde.<\/p>\n<p>Men faktum er at han var en sv\u00e6rt sentral figur da begge de to fenomenene vokste fram p\u00e5 70-tallet. To fenomen som ga h\u00e5p og tro til en generasjon unge haldensere som hadde vokst opp i tunge tider med nedleggelser og arbeidsledighetsboom i industribyen.<\/p>\n<p>\u2013 Akkurat det er det lov \u00e5 v\u00e6re stolt av. Jeg tenker at unge folk hadde behov for noe annet \u00e5 tenke p\u00e5, noe \u00e5 glede seg over. Hvis jeg hjalp til med det, s\u00e5 er det bare fint, sier Milde.<\/p>\n<p>Han tar seg en slurk av kaffen mens folk g\u00e5r forbi p\u00e5 gata rett ved siden av bordet v\u00e5rt.<\/p>\n<p>      Innflytterfamilien<\/p>\n<p>Huden er sommerbrun og bemerkelsesverdig velholdt, med s\u00f8lvfarget h\u00e5r og ansiktspryd som gir ham en \u00absilver fox\u00bb-aktig utstr\u00e5ling p\u00e5 den kule m\u00e5ten.<\/p>\n<p>Nesten i Glenn Hys\u00e9n-klassen.<\/p>\n<p>   <img decoding=\"async\" width=\"4611\" height=\"3406\" fetchpriority=\"low\"  loading=\"lazy\"  src=\"https:\/\/www.europesays.com\/no\/wp-content\/uploads\/2025\/08\/IMG_1813n.jpg\" alt=\"\" class=\"brick-c-cFOWSL\" style=\"--brick-image-ratio: 4611 \/ 3406;\"\/><\/p>\n<p>    Morten Milde holder seg godt. Fredag st\u00e5r han p\u00e5 scenen som frontfigur igjen.<br \/>\n    Foto: Kristian Bj\u00f8rneby\n  <\/p>\n<p>Det er bare noen dager til han feire 50 \u00e5r i musikken med konsert p\u00e5 Byparken.<\/p>\n<p>Men f\u00f8rst m\u00e5 vi skru klokka tilbake. Lenge f\u00f8r h\u00e5ret og skjegget ble gr\u00e5tt.<\/p>\n<p>Finne ut hvorfor 1975 ble et spesielt \u00e5r i livet hans.<\/p>\n<p>For Mildes historie sammenfaller med et helt spesielt stykke Halden-historie. Der musikk og kultur var viktige byggeklosser.<\/p>\n<p>Storebr\u00f8drene Asle og Eirik hadde allerede blitt f\u00f8dt i Bergen da ekteparet H\u00e5kon og Else Milde flyttet til Halden helt p\u00e5 tampen av 1950-tallet.<\/p>\n<p>Morten ble f\u00f8dt her i Halden, da hadde familien allerede sl\u00e5tt rot i Atombakken, i milj\u00f8et rundt IFE. Masse ulike nasjonaliteter gjorde at selv bergensere kunne passe inn.<\/p>\n<p>\u2013 Jeg har tenkt mye p\u00e5 det. Det \u00e5 v\u00e6re annerledes ble naturlig for oss, og jeg er glad for at jeg fikk den oppveksten.<\/p>\n<p>Pappa H\u00e5kon og de andre fedrene gjorde sitt til at ungene skulle ha nok \u00e5 gj\u00f8re. Bygde fotballbane, lagde til og med en egen fotballklubb med Atomen United, der storebror Asle var formann.<\/p>\n<p>Musikken tok over<\/p>\n<p>Men til tross for en aktiv oppvekst med fotball, h\u00e5ndball, friidrett og orientering ble det musikk som skulle ta mer og mer over i Mortens liv.<\/p>\n<p>65-\u00e5ringen forteller:<\/p>\n<p>\u2013 Pappa var glad i \u00e5 synge, det var alltid masse musikk hjemme. Og det var platene til Asle som virkelig fanget min oppmerksomhet. Led Zeppelin og Rolling Stones, rocken p\u00e5 den tiden formet meg som menneske.<\/p>\n<p>Det er f\u00f8rst og fremst l\u00e5ter fra denne epoken i musikkhistorien han skal spille i Byparken etter Torgkonserten fredag kveld.<\/p>\n<p>Men hva skjedde egentlig for 50 \u00e5r siden?<\/p>\n<p>Morten og noen kompiser startet bandet Smutz, oppkalt etter det svenske ordet for \u00abskitt\u00bb eller \u00ablort\u00bb. I 1975 skulle de ha sin aller f\u00f8rste konsert, selvf\u00f8lgelig i Studentersamfundet midt i byen.<\/p>\n<p>Samme kveld var det konsert med Marcus Hannestads band \u00abBack in the bush\u00bb. Det Morten og kompisene gjorde kan h\u00f8res dr\u00f8yt ut, men han forsikrer om at det gode vennskapet med Hannestad og co. i dag er intakt.<\/p>\n<p>Smutz fikk en gjeng kompiser til \u00e5 st\u00e5 p\u00e5 galleriet for \u00e5 bue ut \u00abBack in the bush\u00bb. For \u00e5 bygge opp debutbandets konsert.<\/p>\n<p>\u2013 Jeg m\u00e5 nesten le n\u00e5r jeg tenker p\u00e5 det. Men vi var vel ganske framp\u00e5, sier Milde med et smil.<\/p>\n<p>Halden-rocken<\/p>\n<p>I 1975 var det ikke mange rockeband i Halden. Henning Kvitnes hadde s\u00e5 sm\u00e5tt begynt p\u00e5 sine greier. P\u00e5l Asheim, Bj\u00f8rn Julle Juliusson og Milde tilh\u00f8rte den samme gjengen.<\/p>\n<p>De splittet seg delvis opp, og ikke mange \u00e5rene etterp\u00e5 ble Front Page til. Musikken hadde blitt mer punkete, og det fikk Milde erfare i rockebyen Halden.<\/p>\n<p>En kveld hadde Morten tatt med seg en jente p\u00e5 date. De skulle p\u00e5 Aladdin Kino.<\/p>\n<p>Utenfor kom en rocker bort og skulle jule ham opp. \u00abJ\u00e6vla punker\u00bb.<\/p>\n<p>\u2013 Vi passet nok ikke helt inn. Men det gikk fint det. Jeg var godt vant. Dessuten, det var ikke f\u00e5 som ble truet med juling i Halden p\u00e5 den tiden. Mange fikk juling ogs\u00e5, skratter Milde.<\/p>\n<p>Da Rockehuset p\u00e5 fabrikkomr\u00e5det ved Kaken ble til, spilte Front Page-gutta en viktig rolle. De fikset str\u00f8m til lokalene, og var rett og slett f\u00f8rst ut.<\/p>\n<p>I \u00e5rene som fulgte var det ikke f\u00e5 som fikk sin musikalske bane staket ut innenfor det husets fire vegger.<\/p>\n<p>Et inkluderende milj\u00f8, der folk hjalp hverandre fremover. Pion\u00e9rbandet Front Page ble etter hvert erstattet av Ghostriders. \u00c5rene 1978\u20131983 var banebrytende for b\u00e5de Morten og norsk rock.<\/p>\n<p>\u2013 Vi skulle egentlig bare ha det g\u00f8y vi. N\u00e5r jeg ser tilbake, gikk det veldig fort. Og jeg skal love deg at vi hadde det g\u00f8y.<\/p>\n<p>Bildet av Morten Milde og bandkompisene Stein Ramberg og Kalle Storm Andersen er for lengst legendarisk. Vokalist Morten holdt i en gigantisk lj\u00e5.<\/p>\n<p>   <img decoding=\"async\" width=\"3200\" height=\"2131\" fetchpriority=\"low\"  loading=\"lazy\"  src=\"https:\/\/www.europesays.com\/no\/wp-content\/uploads\/2025\/08\/16komsignert_fredag_01_01_g.jpg\" alt=\"\" class=\"brick-c-cFOWSL\" style=\"--brick-image-ratio: 3200 \/ 2131;\"\/><\/p>\n<p>    Et av Norges beste rockebilder gjennom tidene. Ghostriders, fra venstre: Stein Ramberg, Morten Milde Carl Storm Andersen.<br \/>\n    Foto: Raymond Mosken\n  <\/p>\n<p>\u2013 Vi f\u00f8lte oss akkurat s\u00e5 t\u00f8ffe som vi s\u00e5 ut. Nesten litt flaut, skratter han.<\/p>\n<p>Lj\u00e5en tok han med seg p\u00e5 scenen ogs\u00e5. En gang holdt han p\u00e5 \u00e5 treffe Kalle. Det ble rett og slett farlig, s\u00e5 gutta m\u00e5tte pensjonere den lj\u00e5en.<\/p>\n<p>Livet tok over<\/p>\n<p>Litt utp\u00e5 80-tallet skjedde det han ikke trodde skulle skje.<\/p>\n<p>\u00abJeg skulle i hvert fall ikke flytte inn p\u00e5 Stenr\u00f8d med barnevogn og stasjonsvogn\u00bb, hadde Milde sagt kort tid f\u00f8r.<\/p>\n<p>Gjett hva som skjedde.<\/p>\n<p>Livet tok over. Musikkarrieren fadet sakte, men sikkert ut.<\/p>\n<p>Selv om livet hans tok en ny retning, stoppet ikke Mildes kulturelle engasjement. Han ble for alvor introdusert for teaterscenen, og det er ikke f\u00e5 oppsetninger i Halden og nabobyene han har bidratt til.<\/p>\n<p>Enten som skuespiller eller regiss\u00f8r.<\/p>\n<p>De siste \u00e5rene har det v\u00e6rt flere konserter, comeback-konsert med Ghostriders for eksempel.<\/p>\n<p>      Angeren<\/p>\n<p>Fredag er det alts\u00e5 Byparken som er arena for en feiring av 50 \u00e5r i musikken. Med seg har han en gjeng rutinerte musikere fra hans nye hjemby Fredrikstad.<\/p>\n<p>Fra scenen p\u00e5 fredag kan han blant annet love en god, gammeldags protestl\u00e5t. Morten legger ingenting imellom n\u00e5r han mener om den urolige situasjonen i verden, og hvor lite protester det faktisk er. S\u00e5nn rent kulturelt.<\/p>\n<p>\u2013 Jeg blir helt skremt. Jeg tror kultur spiller en ekstremt viktig rolle n\u00e5r det er urolige tider. S\u00e5 selv om jeg ikke er ung og rebelsk lenger, skal jeg gj\u00f8re mitt eget lille bidrag, sier han alvorlig.<\/p>\n<p>Det skal ogs\u00e5 v\u00e6re konserter i Fredrikstad og Sarpsborg helgen etter.<\/p>\n<p>   <img decoding=\"async\" width=\"5193\" height=\"3876\" fetchpriority=\"low\"  loading=\"lazy\"  src=\"https:\/\/www.europesays.com\/no\/wp-content\/uploads\/2025\/08\/IMG_1810n.jpg\" alt=\"\" class=\"brick-c-cFOWSL\" style=\"--brick-image-ratio: 5193 \/ 3876;\"\/><\/p>\n<p>    \u2013 For meg er Halden f\u00f8rst og fremst trygghet, sier Milde.<br \/>\n    Foto: Kristian Bj\u00f8rneby\n  <\/p>\n<p>Men selv om han trives i plankebyen, tro ikke at haldenseren i Morten Milde er borte.<\/p>\n<p>\u2013 For meg er Halden f\u00f8rst og fremst trygghet. Det har v\u00e6rt en havn for meg i alle \u00e5r, og selv om det var en vill tid, s\u00e5 f\u00f8lte jeg meg aldri utrygg, sier s\u00f8lvreven.<\/p>\n<p>Kaffen er fort\u00e6rt, mens sola og forbipasserende beveger seg forbi ved Halden Torg.<\/p>\n<p>Det siste sp\u00f8rsm\u00e5let er naturlig:<\/p>\n<p>\u2013 Er det noe du angrer p\u00e5 i disse 50 \u00e5rene?<\/p>\n<p>Svaret kommer etter en kort tenkepause. \u00c6rlig og brutalt.<\/p>\n<p>\u2013 Jeg skulle nok \u00f8nske at jeg hadde litt mer ambisjoner den gangen.<\/p>\n","protected":false},"excerpt":{"rendered":"\u2013 Jeg er ikke s\u00e5 nostalgisk av meg. Men n\u00e5 er jeg 65 \u00e5r og har jo tenkt&hellip;\n","protected":false},"author":2,"featured_media":8510,"comment_status":"","ping_status":"","sticky":false,"template":"","format":"standard","meta":{"footnotes":""},"categories":[58],"tags":[36,71,1839,1837,410,1838,221,30,28,29,72],"class_list":{"0":"post-8509","1":"post","2":"type-post","3":"status-publish","4":"format-standard","5":"has-post-thumbnail","7":"category-underholdning","8":"tag-art","9":"tag-entertainment","10":"tag-feature","11":"tag-halden-rock","12":"tag-kultur","13":"tag-morten-milde","14":"tag-musikk","15":"tag-no","16":"tag-norge","17":"tag-norway","18":"tag-underholdning"},"share_on_mastodon":{"url":"","error":""},"_links":{"self":[{"href":"https:\/\/www.europesays.com\/no\/wp-json\/wp\/v2\/posts\/8509","targetHints":{"allow":["GET"]}}],"collection":[{"href":"https:\/\/www.europesays.com\/no\/wp-json\/wp\/v2\/posts"}],"about":[{"href":"https:\/\/www.europesays.com\/no\/wp-json\/wp\/v2\/types\/post"}],"author":[{"embeddable":true,"href":"https:\/\/www.europesays.com\/no\/wp-json\/wp\/v2\/users\/2"}],"replies":[{"embeddable":true,"href":"https:\/\/www.europesays.com\/no\/wp-json\/wp\/v2\/comments?post=8509"}],"version-history":[{"count":0,"href":"https:\/\/www.europesays.com\/no\/wp-json\/wp\/v2\/posts\/8509\/revisions"}],"wp:featuredmedia":[{"embeddable":true,"href":"https:\/\/www.europesays.com\/no\/wp-json\/wp\/v2\/media\/8510"}],"wp:attachment":[{"href":"https:\/\/www.europesays.com\/no\/wp-json\/wp\/v2\/media?parent=8509"}],"wp:term":[{"taxonomy":"category","embeddable":true,"href":"https:\/\/www.europesays.com\/no\/wp-json\/wp\/v2\/categories?post=8509"},{"taxonomy":"post_tag","embeddable":true,"href":"https:\/\/www.europesays.com\/no\/wp-json\/wp\/v2\/tags?post=8509"}],"curies":[{"name":"wp","href":"https:\/\/api.w.org\/{rel}","templated":true}]}}