{"id":85099,"date":"2025-11-12T11:28:19","date_gmt":"2025-11-12T11:28:19","guid":{"rendered":"https:\/\/www.europesays.com\/no\/85099\/"},"modified":"2025-11-12T11:28:19","modified_gmt":"2025-11-12T11:28:19","slug":"jeg-var-16-ar-og-trodde-de-voksne-skulle-hjelpe-meg","status":"publish","type":"post","link":"https:\/\/www.europesays.com\/no\/85099\/","title":{"rendered":"Jeg var 16 \u00e5r og trodde de voksne skulle hjelpe meg."},"content":{"rendered":"<p class=\"kicker \" style=\"\">\u00abSmalgoritmen\u00bb<\/p>\n<p>  Da Sandra Lyng var ten\u00e5ring sa voksne til henne at de skulle fokusere litt mer p\u00e5 puppene hennes.\u00a0<\/p>\n<p>\n    Sandra Lyng ble kjent over natten da hun var med i TV 2-programmet Idol som 16-\u00e5ring. Men tiden som ung popstjerne har ogs\u00e5 en bakside, forteller hun. Foto: Christina Caspersen\n  <\/p>\n<p> 35 sekunder tar det f\u00f8r en 13 \u00e5r gammel jente i Norge, som oppretter en konto p\u00e5 TikTok, begynner \u00e5 bli bombardert med kroppsfiksert innhold.\u00a035 sekunder! <a href=\"https:\/\/www.kk.no\/meninger\/det-tar-bare-35-sekunder-2\/83819999\" rel=\"nofollow noopener\" target=\"_blank\">KK har i disse dager en kampanje<\/a> p\u00e5 tvers av de nordiske landene som g\u00e5r p\u00e5 forebygging av kroppshat mot kvinner og jenter.\u00a0<\/p>\n<p>Men selv om problemet i h\u00f8y grad har flyttet seg fra \u00abgata til data\u00bb, er det ikke nytt.<\/p>\n<p>    <a itemprop=\"url\" href=\"https:\/\/www.kk.no\/helse\/sofia-var-22-ar-da-hun-la-inn-silikon-sa-reagerte-kroppen-pa-en-uventet-mate\/83707446\" rel=\"nofollow noopener\" target=\"_blank\"><\/p>\n<p>      <img loading=\"lazy\" decoding=\"async\" src=\"https:\/\/www.europesays.com\/no\/wp-content\/uploads\/2025\/11\/83789639.webp\" width=\"980\" height=\"441\" title=\"Sofia var 22 \u00e5r da hun la inn silikon. S\u00e5 reagerte kroppen p\u00e5 en uventet m\u00e5te\" alt=\"\" class=\"lazyload\" style=\"--aspect-ratio-image: 2.22; \"\/><\/p>\n<p>        Sofia var 22 \u00e5r da hun la inn silikon. S\u00e5 reagerte kroppen p\u00e5 en uventet m\u00e5te<\/p>\n<p>    <\/a><\/p>\n<p>\u00abTrodde de skulle hjelpe\u00a0\u00bb\t<\/p>\n<p>Artist <a href=\"https:\/\/www.kk.no\/livet\/slik-sluttet-sandra-lyng-a-bli-sint-pa-seg-selv\/80214832\" rel=\"nofollow noopener\" target=\"_blank\">Sandra Lyng<\/a> slo gjennom da hun som ten\u00e5ring var med i TV 2-programmet Idol. Det var i 2004, lenge f\u00f8r smarttelefoner. Det de fleste 16-\u00e5ringer drev med p\u00e5 nettet tilbake i den tiden var \u00e5 henge p\u00e5 MSN eller Nettby, og reklamene for hvordan man burde se ut var \u00e5 finne i magasiner eller p\u00e5 TV- og i musikkbransjen.\u00a0<\/p>\n<p>Sandra Lyng Haugen hadde kommet p\u00e5 en fjerdeplass i den popul\u00e6re sangkonkurransen og gikk n\u00e5 en lovende karriere i m\u00f8te. Bare hun kunne tilpasse seg. For det ble satt krav til en 16-\u00e5ring, og det forteller hun om i et innlegg p\u00e5 sin Instagram n\u00e5 nylig.\u00a0<\/p>\n<p class=\"font-weight-bold m-font-weight-bold\" data-lab-font_weight=\"font-weight-bold\">&#8211; Jeg var 16 \u00e5r og trodde de voksne skulle hjelpe meg. \u2063\u2063\u2063\u2063Jeg lyttet n\u00e5r de sa jeg m\u00e5tte slanke meg. At ingen ville h\u00f8re p\u00e5 stemmen min &#8211; om de ikke likte kroppen.\u2063 \u2063\u2063\u2063Og jeg trodde p\u00e5 dem.\u2063 \u2063Fordi de var voksne. Fordi jeg s\u00e5 gjerne ville f\u00e5 det til.<\/p>\n<p>        I den nordiske reportasjeserien Smalgoritmen st\u00e5r Femina Sveriges sjefredakt\u00f8r Malin Roos, KK sin sjefredakt\u00f8r Ingeborg Heldal og Femina Danmarks sjefredakt\u00f8r Tine Br\u00f8degaard Hansen opp mot teknologigigantene og deres m\u00e5te \u00e5 jobbe med algoritmer p\u00e5. Video: Anna Larsson\/Oskar Brus\u00e9n<\/p>\n<p>\u00abLitt mer pupper\u00bb\t<\/p>\n<p>Det skriver hun i innlegget. Hun har ogs\u00e5 lagt ut en serie bilder og avslutter disse med et bilde av sitt 16 \u00e5r gamle selv.\u00a0 P\u00e5 bildene har hun lagt til tekst:\u00a0<\/p>\n<p class=\"italic m-italic\" data-lab-italic=\"italic\">Setninger jeg aldri glemmer i musikkbransjen:\u00a0<\/p>\n<p class=\"italic m-italic\" data-lab-italic=\"italic\">\u00abFantastisk kjole, men la oss finne en som skjuler magen mer\u00bb.\u00a0<\/p>\n<p class=\"italic m-italic\" data-lab-italic=\"italic\">\u00abDu m\u00e5 skj\u00f8nne at folk ikke bare h\u00f8rer p\u00e5 deg, de bryr seg om hvordan du ser ut.\u00bb<\/p>\n<p class=\"italic m-italic\" data-lab-italic=\"italic\">\u00abLa oss ta nye bilder som fokuserer litt mer p\u00e5 puppene dine.\u00bb<\/p>\n<p>          <img loading=\"lazy\" decoding=\"async\" src=\"https:\/\/www.europesays.com\/no\/wp-content\/uploads\/2025\/11\/83835913.webp\" width=\"686\" height=\"577\" title=\"Sandra Lyng Haugen som 16-\u00e5ring da hun var med p\u00e5 Idol i 2004. Foto: NTB\" alt=\"\" class=\"\" style=\"--aspect-ratio-image: 1.19; \"\/><\/p>\n<p>\n          Sandra Lyng Haugen som 16-\u00e5ring da hun var med p\u00e5 Idol i 2004. Foto: NTB\n      <\/p>\n<p>Sandra sier til KK at hun skulle \u00f8nske at man allerede p\u00e5 barneskolen l\u00e6rte om kropp, f\u00f8lelser, selvf\u00f8lelse og selvtillit.\u00a0<\/p>\n<p class=\"font-weight-bold m-font-weight-bold\" data-lab-font_weight=\"font-weight-bold\">&#8211; Rett og slett mer kunnskap om mental helse, s\u00e5 hadde vi kanskje v\u00e6rt bedre rustet til \u00e5 st\u00e5 i\u00a0 s\u00e5nt. Mental helse- og trening burde v\u00e6rt pensum.\u00a0<\/p>\n<p>    \u00abSmalgoritmen\u00bb<\/p>\n<p class=\"font-weight-bold m-font-weight-bold\" data-lab-font_weight=\"font-weight-bold\">Hvorfor har vi laget kampanjen \u00abSmalgoritmen\u00bb?<\/p>\n<p>Bakgrunnen for v\u00e5r felles unders\u00f8kelse og kampanje, \u00abSmalgoritme, er Aller Medias innsiktsrapport \u00abThe Nordic Women Report 2025\u00bb, som blant annet avdekket f\u00f8lgende tall:<\/p>\n<ul>\n<li class=\"lab-bodytext-line\">Mer enn fire av ti kvinner i Norden er kritiske til egen kropp.<\/li>\n<li class=\"lab-bodytext-line\">\u00c5tte av ti kvinner mellom 18 og 45 \u00e5r oppgir at de p\u00e5virkes negativt av dagens skj\u00f8nnhetsidealer.<\/li>\n<li class=\"lab-bodytext-line\">Det er s\u00e6rlig unge kvinner som f\u00f8ler at de ikke er gode nok som de er.\u00a0<\/li>\n<p class=\"lab-bodytext-line\">Kampen mot kvinnekroppen er p\u00e5 ingen m\u00e5te ny, men det som er nytt n\u00e5, er at vi, og spesielt unge jenter, har f\u00e5tt en motstander som er fullstendig hensynsl\u00f8s. I sosiale medier er algoritmene designet for \u00e5 servere innhold brukeren \u00ab\u00f8nsker seg\u00bb.\u00a0<\/p>\n<p class=\"lab-bodytext-line bg-pink color_mobile_bg-pink\" data-lab-text_background_color=\"bg-pink\">Vi blir jaktet p\u00e5 av algoritmer som forer p\u00e5 v\u00e5r usikkerhet og leter etter d\u00e5rlig selvbilde. Dette vil vi ikke lenger sitte stille \u00e5 se p\u00e5. Kvinnemagasinene har m\u00e5ttet endre seg mye de siste \u00e5rene, men n\u00e5 m\u00e5 ogs\u00e5 tech-gigantene stilles til ansvar.<\/p>\n<\/ul>\n<p>      Vis mer<br \/>\n      Vis mindre<\/p>\n<p>Det er derfor hun n\u00e5 underviser andre i mentaltrening og er klar p\u00e5 hva hun ville sagt til Sandra p\u00e5 16:<\/p>\n<p>&#8211; Jeg ville bare sagt at hun ikke trenger \u00e5 endre p\u00e5 noe for \u00e5 v\u00e6re nok, og trenger ikke prestere for \u00e5 v\u00e6re verdt noe. Jeg skulle \u00f8nske jeg hadde den selvtilliten jeg har n\u00e5 den gang.\u00a0<\/p>\n<p>    <a itemprop=\"url\" href=\"https:\/\/www.kk.no\/livet\/advarer-mot-konsekvensene-1\/83821332\" rel=\"nofollow noopener\" target=\"_blank\"><\/p>\n<p>      <img loading=\"lazy\" decoding=\"async\" src=\"https:\/\/www.europesays.com\/no\/wp-content\/uploads\/2025\/11\/83822121.webp\" width=\"980\" height=\"441\" title=\"Advarer mot konsekvensene\" alt=\"\" class=\"lazyload\" style=\"--aspect-ratio-image: 2.22; \"\/><\/p>\n<p>        Advarer mot konsekvensene<\/p>\n<p>    <\/a><\/p>\n<p>Sjokkert over innholdet\t<\/p>\n<p>Mina Knudsen er journalist i KK og har den siste tiden fordypet seg i kampanjen Smalgorytmer. Hun forteller at hun var sjokkert da hun under en scrolle-test p\u00e5 det sosiale mediet TikTok ga seg ut for \u00e5 v\u00e6re en 13 \u00e5r gammel jente. Videoen kan du se lenger ned i saken.<\/p>\n<p>&#8211; Jeg trodde helt \u00e6rlig at vi kom til \u00e5 f\u00e5 opp humor, nyheter og test av godteri-videoer, men etter et par minutter var feeden helt oversv\u00f8mt av seksualisert innhold og kroppsfikserte videoer, forteller hun etter testen.\u00a0<\/p>\n<p>Mina, som var 13 \u00e5r i 2002, hadde en barndom og ungdomstid hvor de var mest opptatt over hvilke tennissokker de hadde i Adidas-slippersen i h\u00e5ndballhallen.\u00a0<\/p>\n<p>        Hvor lang tid tar det f\u00f8r en 13-\u00e5ring blir eksponert for trening og kroppspress i Tiktok-feeden? KK har opprettet en konto til en fiktiv 13-\u00e5ring for \u00e5 finne det ut. Video: Anna Larsson\/Oskar Brus\u00e9n<\/p>\n<p>Det var en tid da det ikke var smarttelefon, men Nokia 3310 \u2013 kongen av mobilverdenen med Snake II. P\u00e5 Internett chattet hun med venner via MSN Messenger &#8211; og p\u00e5 MTV s\u00e5 de musikkvideoer av Lene Malin og\u00a0Avril Lavignes \u00abSk8er Boi\u00bb.<\/p>\n<p>&#8211; Jeg t\u00f8r ikke tenke p\u00e5 hvilket selvbilde og hvilken selvtillit jeg ville hatt om dette var innholdet jeg fikk servert midt i puberteten. Jeg tror jeg ville hatt et usunt forhold til kropp og utseendet, det er helt sikkert, sier hun.\u00a0<\/p>\n<p>    <a itemprop=\"url\" href=\"https:\/\/www.kk.no\/livet\/elisabeth-dromte-om-en-vennegjeng-sa-innsa-hun-hvorfor-det-var-sa-vanskelig-a-fa-venner-som-voksen\/83789765\" rel=\"nofollow noopener\" target=\"_blank\"><\/p>\n<p>      <img loading=\"lazy\" decoding=\"async\" src=\"https:\/\/www.europesays.com\/no\/wp-content\/uploads\/2025\/11\/83789810.webp\" width=\"980\" height=\"441\" title=\"Elisabeth dr\u00f8mte om en vennegjeng. S\u00e5 inns\u00e5 hun hvorfor det var s\u00e5 vanskelig \u00e5 f\u00e5 venner som voksen\" alt=\"\" class=\"lazyload\" style=\"--aspect-ratio-image: 2.22; \"\/><\/p>\n<p>        Elisabeth dr\u00f8mte om en vennegjeng. S\u00e5 inns\u00e5 hun hvorfor det var s\u00e5 vanskelig \u00e5 f\u00e5 venner som voksen<\/p>\n<p>    <\/a><\/p>\n<p>    <a itemprop=\"url\" href=\"https:\/\/www.kk.no\/livet\/da-skjonte-jeg-at-jeg-hadde-gjort-noe-virkelig-ille-1\/83822889\" rel=\"nofollow noopener\" target=\"_blank\"><\/p>\n<p>      <img loading=\"lazy\" decoding=\"async\" src=\"https:\/\/www.europesays.com\/no\/wp-content\/uploads\/2025\/11\/83822944.webp\" width=\"980\" height=\"441\" title=\"\u2013 Da skj\u00f8nte jeg at jeg hadde gjort noe virkelig ille\" alt=\"\" class=\"lazyload\" style=\"--aspect-ratio-image: 2.22; \"\/><\/p>\n<p>        \u2013 Da skj\u00f8nte jeg at jeg hadde gjort noe virkelig ille<\/p>\n<p>    <\/a><\/p>\n<p>    <a itemprop=\"url\" href=\"https:\/\/www.kk.no\/livet\/foreldre-er-livredde-barna-sine-2\/83803885\" rel=\"nofollow noopener\" target=\"_blank\"><\/p>\n<p>      <img loading=\"lazy\" decoding=\"async\" src=\"https:\/\/www.europesays.com\/no\/wp-content\/uploads\/2025\/11\/1762946899_355_83803904.webp\" width=\"980\" height=\"441\" title=\"- Foreldre er livredde barna sine\" alt=\"\" class=\"lazyload\" style=\"--aspect-ratio-image: 2.22; \"\/><\/p>\n<p>        &#8211; Foreldre er livredde barna sine<\/p>\n<p>    <\/a><\/p>\n","protected":false},"excerpt":{"rendered":"\u00abSmalgoritmen\u00bb Da Sandra Lyng var ten\u00e5ring sa voksne til henne at de skulle fokusere litt mer p\u00e5 puppene&hellip;\n","protected":false},"author":2,"featured_media":85100,"comment_status":"","ping_status":"","sticky":false,"template":"","format":"standard","meta":{"footnotes":""},"categories":[58],"tags":[71,8596,4016,30,28,29,852,11350,11349,2046,72],"class_list":{"0":"post-85099","1":"post","2":"type-post","3":"status-publish","4":"format-standard","5":"has-post-thumbnail","7":"category-underholdning","8":"tag-entertainment","9":"tag-kroppspress","10":"tag-livet","11":"tag-no","12":"tag-norge","13":"tag-norway","14":"tag-sandra-lyng","15":"tag-seksualisering","16":"tag-tenaring","17":"tag-tiktok","18":"tag-underholdning"},"share_on_mastodon":{"url":"https:\/\/pubeurope.com\/@no\/115536495078661684","error":""},"_links":{"self":[{"href":"https:\/\/www.europesays.com\/no\/wp-json\/wp\/v2\/posts\/85099","targetHints":{"allow":["GET"]}}],"collection":[{"href":"https:\/\/www.europesays.com\/no\/wp-json\/wp\/v2\/posts"}],"about":[{"href":"https:\/\/www.europesays.com\/no\/wp-json\/wp\/v2\/types\/post"}],"author":[{"embeddable":true,"href":"https:\/\/www.europesays.com\/no\/wp-json\/wp\/v2\/users\/2"}],"replies":[{"embeddable":true,"href":"https:\/\/www.europesays.com\/no\/wp-json\/wp\/v2\/comments?post=85099"}],"version-history":[{"count":0,"href":"https:\/\/www.europesays.com\/no\/wp-json\/wp\/v2\/posts\/85099\/revisions"}],"wp:featuredmedia":[{"embeddable":true,"href":"https:\/\/www.europesays.com\/no\/wp-json\/wp\/v2\/media\/85100"}],"wp:attachment":[{"href":"https:\/\/www.europesays.com\/no\/wp-json\/wp\/v2\/media?parent=85099"}],"wp:term":[{"taxonomy":"category","embeddable":true,"href":"https:\/\/www.europesays.com\/no\/wp-json\/wp\/v2\/categories?post=85099"},{"taxonomy":"post_tag","embeddable":true,"href":"https:\/\/www.europesays.com\/no\/wp-json\/wp\/v2\/tags?post=85099"}],"curies":[{"name":"wp","href":"https:\/\/api.w.org\/{rel}","templated":true}]}}