{"id":85163,"date":"2025-11-12T12:39:23","date_gmt":"2025-11-12T12:39:23","guid":{"rendered":"https:\/\/www.europesays.com\/no\/85163\/"},"modified":"2025-11-12T12:39:23","modified_gmt":"2025-11-12T12:39:23","slug":"v-for-vendetta-kan-bli-tv-serie-pa-hbo","status":"publish","type":"post","link":"https:\/\/www.europesays.com\/no\/85163\/","title":{"rendered":"V for Vendetta kan bli TV-serie p\u00e5 HBO"},"content":{"rendered":"<p>                    <img width=\"732\" height=\"479\" src=\"https:\/\/www.europesays.com\/no\/wp-content\/uploads\/2025\/11\/tv-serie-v-for-vendetta-hbo-dc-studios-732x479.jpg\" class=\"attachment-featured-full size-featured-full wp-post-image\" alt=\"tv-serie v for vendetta hbo dc studios\" decoding=\"async\" fetchpriority=\"high\"  \/>                    V for Vendetta anno 2005 (Warner Bros. Pictures)                <\/p>\n<p>                Av <a href=\"http:\/\/730.no\/cdn-cgi\/l\/email-protection#6e1e011d1a2e595d5e400001\" rel=\"nofollow noopener\" target=\"_blank\">Nina Marl\u00e9n Halvorsen<\/a><\/p>\n<p>11. nov 2025 kl. 16:43<\/p>\n<p>Pete Jackson teamer opp med James Gunn og Peter Safran for \u00e5 gi oss serieversjonen av V for Vendetta.<\/p>\n<p>Det som startet som en tegneserie skrevet av Alan Moore og illustrert av David Lloyd i 1982, og som ble gjort ekstra kjent for massene via James McTeigue sin dystopiske thriller i 2005, er n\u00e5 klar for \u00e5 gj\u00f8res om til TV-skjermen.<\/p>\n<p>If\u00f8lge <a href=\"https:\/\/variety.com\/2025\/tv\/news\/v-for-vendetta-tv-series-hbo-1236572917\/\" rel=\"nofollow noopener\" target=\"_blank\">Variety<\/a> er nemlig en TV-serie under utvikling via HBO.<\/p>\n<p>Bransjebladet skriver at Pete Jackson er tilknyttet prosjektet som manusforfatter. James Gunn og Peter Safran fra DC Studios fungerer som executive produsenter.<\/p>\n<p>Handlingen til V for Vendetta foreg\u00e5r i en ikke altfor fj\u00e6rn dystopisk fremtid i Storbritannia.<\/p>\n<p><img loading=\"lazy\" decoding=\"async\" width=\"1000\" height=\"656\" src=\"https:\/\/www.europesays.com\/no\/wp-content\/uploads\/2025\/11\/v-for-vendetta-natalie-portman.jpg\" alt=\"v for vendetta natalie portman\" class=\"wp-image-308638\"  \/>Natalie Portman og Hugo Weaving som Evey og V (Warner Bros.)<\/p>\n<p>Her kontrolleres landet at av det fascistiske Norsefire-partiet. <\/p>\n<p>Samtidig fors\u00f8ker en anarkist ved navn V, kjent for sin gjenkjennelige Guy Fawkes-maske, \u00e5 styrte regjeringen med hjelp fra Evey Hammond \u2013 en ung kvinne V reddet fra landets hemmelige politi.<\/p>\n<p>Tegneserien ble som nevnt utgitt i 1982, og seks \u00e5r senere tok DC over utgivelsesrettighetene.<\/p>\n<p>I 2005 serverte James McTeigue filmversjonen til verden med Natalie Portman i rollen som Evey Hammond, og Hugo Weaving i rollen som V.<\/p>\n<p>Ta en titt p\u00e5 traileren til V for Vendetta nedenfor.<\/p>\n<p>Dersom serien f\u00e5r gr\u00f8nt lys blir det i s\u00e5 fall den seneste live action-serien DC Studios som f\u00e5r et hjem hos HBO.<\/p>\n<p>Fra f\u00f8r har vi ogs\u00e5 f\u00e5tt filmen The Batman med Robert Pattinson i hovedrollen som Bruce Wayne.<\/p>\n<p>I fjor kunne vi ogs\u00e5 gosse oss med The Penguin, med blant andre Colin Farrell og Cristin Milioti. <\/p>\n<p>Sistnevnte vant sin f\u00f8rste Emmy for sin rolle som Sofia Falcone.<\/p>\n<p><img loading=\"lazy\" decoding=\"async\" width=\"1222\" height=\"984\" src=\"https:\/\/www.europesays.com\/no\/wp-content\/uploads\/2025\/11\/Cristin-Milioti-the-penguin-colin-farrell-Sofia-Falcone-CentAnni-S1E4.jpg\" alt=\"The Penguin season 2 n\u00e5 skje. Sofia Falcone alias The Hangman og Oswald \u00abOz\u00bb Cobb alias The Penguin (HBO)\" class=\"wp-image-294841\"  \/>Sofia Falcone alias The Hangman og Oswald \u00abOz\u00bb Cobb alias The Penguin (HBO)<\/p>\n","protected":false},"excerpt":{"rendered":"V for Vendetta anno 2005 (Warner Bros. Pictures) Av Nina Marl\u00e9n Halvorsen 11. nov 2025 kl. 16:43 Pete&hellip;\n","protected":false},"author":2,"featured_media":85164,"comment_status":"","ping_status":"","sticky":false,"template":"","format":"standard","meta":{"footnotes":""},"categories":[58],"tags":[11360,71,460,3843,11361,11362,30,28,29,11363,11364,7515,792,72,11365],"class_list":{"0":"post-85163","1":"post","2":"type-post","3":"status-publish","4":"format-standard","5":"has-post-thumbnail","7":"category-underholdning","8":"tag-dc-studios","9":"tag-entertainment","10":"tag-film","11":"tag-hbo","12":"tag-hugo-weaving","13":"tag-natalie-portman","14":"tag-no","15":"tag-norge","16":"tag-norway","17":"tag-pete-jackson","18":"tag-peter-safran","19":"tag-trailer","20":"tag-tv-serie","21":"tag-underholdning","22":"tag-v-for-vendetta"},"share_on_mastodon":{"url":"https:\/\/pubeurope.com\/@no\/115536774076165899","error":""},"_links":{"self":[{"href":"https:\/\/www.europesays.com\/no\/wp-json\/wp\/v2\/posts\/85163","targetHints":{"allow":["GET"]}}],"collection":[{"href":"https:\/\/www.europesays.com\/no\/wp-json\/wp\/v2\/posts"}],"about":[{"href":"https:\/\/www.europesays.com\/no\/wp-json\/wp\/v2\/types\/post"}],"author":[{"embeddable":true,"href":"https:\/\/www.europesays.com\/no\/wp-json\/wp\/v2\/users\/2"}],"replies":[{"embeddable":true,"href":"https:\/\/www.europesays.com\/no\/wp-json\/wp\/v2\/comments?post=85163"}],"version-history":[{"count":0,"href":"https:\/\/www.europesays.com\/no\/wp-json\/wp\/v2\/posts\/85163\/revisions"}],"wp:featuredmedia":[{"embeddable":true,"href":"https:\/\/www.europesays.com\/no\/wp-json\/wp\/v2\/media\/85164"}],"wp:attachment":[{"href":"https:\/\/www.europesays.com\/no\/wp-json\/wp\/v2\/media?parent=85163"}],"wp:term":[{"taxonomy":"category","embeddable":true,"href":"https:\/\/www.europesays.com\/no\/wp-json\/wp\/v2\/categories?post=85163"},{"taxonomy":"post_tag","embeddable":true,"href":"https:\/\/www.europesays.com\/no\/wp-json\/wp\/v2\/tags?post=85163"}],"curies":[{"name":"wp","href":"https:\/\/api.w.org\/{rel}","templated":true}]}}