{"id":85194,"date":"2025-11-12T13:19:11","date_gmt":"2025-11-12T13:19:11","guid":{"rendered":"https:\/\/www.europesays.com\/no\/85194\/"},"modified":"2025-11-12T13:19:11","modified_gmt":"2025-11-12T13:19:11","slug":"fotball-sport-selvik-ute-av-landslagstroppen-med-skade-vil-hente-inn-rbk-keeper","status":"publish","type":"post","link":"https:\/\/www.europesays.com\/no\/85194\/","title":{"rendered":"Fotball, Sport | Selvik ute av landslagstroppen med skade \u2013 vil hente inn RBK-keeper"},"content":{"rendered":"\n<p><b>SPORT: <\/b>\u2013 Egil Selvik ble skadet og m\u00e5 reise hjem, sa Solbakken mot slutten av pressekonferansen onsdag.<\/p>\n<p>Beskjeden fikk Selvik, som til daglig spiller for Watford, tidlig onsdag morgen etter en r\u00f8ntgenunders\u00f8kelse.<\/p>\n<p>Det er ikke kjent hva slags skade keeperen har p\u00e5dratt seg.<\/p>\n<p>N\u00e5 jobbes det med \u00e5 hente inn en erstatter.<\/p>\n<p><b>\u2013 Vi pr\u00f8ver \u00e5 f\u00e5 tak i Sander Tangvik, men det er ingen i Rosenborg som tar telefonen, sa en smilende Solbakken p\u00e5 en pressekonferanse onsdag.<\/b><\/p>\n<p>Norge m\u00f8ter Estland torsdag. Selvik var uansett ikke tiltenkt \u00e5 starte den kampen. \u00d8rjan Nyland er f\u00f8rstevalg mellom stengene.<\/p>\n<p>Ellers melder Solbakken om at Kristoffer Ajer (27), som ikke var med i Brentford-troppen som slo Newcastle i helgen, er i god form.<\/p>\n<p><b>\u2013 Han er veldig, veldig fin, og han har ikke hatt noen problemer, sa landslagssjefen.<\/b><\/p>\n","protected":false},"excerpt":{"rendered":"SPORT: \u2013 Egil Selvik ble skadet og m\u00e5 reise hjem, sa Solbakken mot slutten av pressekonferansen onsdag. Beskjeden&hellip;\n","protected":false},"author":2,"featured_media":85195,"comment_status":"","ping_status":"","sticky":false,"template":"","format":"standard","meta":{"footnotes":""},"categories":[59],"tags":[36,92,4428,30,28,29,83,82,1510],"class_list":{"0":"post-85194","1":"post","2":"type-post","3":"status-publish","4":"format-standard","5":"has-post-thumbnail","7":"category-sport","8":"tag-art","9":"tag-fotball","10":"tag-landslaget","11":"tag-no","12":"tag-norge","13":"tag-norway","14":"tag-sport","15":"tag-sports","16":"tag-story"},"share_on_mastodon":{"url":"https:\/\/pubeurope.com\/@no\/115536931415927142","error":""},"_links":{"self":[{"href":"https:\/\/www.europesays.com\/no\/wp-json\/wp\/v2\/posts\/85194","targetHints":{"allow":["GET"]}}],"collection":[{"href":"https:\/\/www.europesays.com\/no\/wp-json\/wp\/v2\/posts"}],"about":[{"href":"https:\/\/www.europesays.com\/no\/wp-json\/wp\/v2\/types\/post"}],"author":[{"embeddable":true,"href":"https:\/\/www.europesays.com\/no\/wp-json\/wp\/v2\/users\/2"}],"replies":[{"embeddable":true,"href":"https:\/\/www.europesays.com\/no\/wp-json\/wp\/v2\/comments?post=85194"}],"version-history":[{"count":0,"href":"https:\/\/www.europesays.com\/no\/wp-json\/wp\/v2\/posts\/85194\/revisions"}],"wp:featuredmedia":[{"embeddable":true,"href":"https:\/\/www.europesays.com\/no\/wp-json\/wp\/v2\/media\/85195"}],"wp:attachment":[{"href":"https:\/\/www.europesays.com\/no\/wp-json\/wp\/v2\/media?parent=85194"}],"wp:term":[{"taxonomy":"category","embeddable":true,"href":"https:\/\/www.europesays.com\/no\/wp-json\/wp\/v2\/categories?post=85194"},{"taxonomy":"post_tag","embeddable":true,"href":"https:\/\/www.europesays.com\/no\/wp-json\/wp\/v2\/tags?post=85194"}],"curies":[{"name":"wp","href":"https:\/\/api.w.org\/{rel}","templated":true}]}}