{"id":85213,"date":"2025-11-12T13:43:11","date_gmt":"2025-11-12T13:43:11","guid":{"rendered":"https:\/\/www.europesays.com\/no\/85213\/"},"modified":"2025-11-12T13:43:11","modified_gmt":"2025-11-12T13:43:11","slug":"politiet-helgeland-to-personer-pagrepet-pa-fiskemottak-etter-politiaksjon-rana-blad","status":"publish","type":"post","link":"https:\/\/www.europesays.com\/no\/85213\/","title":{"rendered":"Politiet, Helgeland | To personer p\u00e5grepet p\u00e5 fiskemottak etter politiaksjon &#8211; Rana Blad"},"content":{"rendered":"<ol>\n<li><a href=\"https:\/\/news.google.com\/rss\/articles\/CBMimAFBVV95cUxQMENpOVV4TVVFUjl4OEhCNWRnUmFUbWRGTTNhQjNyZmp6bFZmcUhVVDg4c1JUM3VyNTZjN1daUGl0V2VORnQ3aUR3VXJqcWZEcmZoMVhSZDVpODI3cU9rREt4bXN3cGVDeDNCTU9fUjk0TldidkVhVnI5cDdoOFF2NUJGRFJuMkUwb1pxZXl2UjhDTFNVY1ZYSw?oc=5\" target=\"_blank\" rel=\"nofollow noopener\">Politiet, Helgeland | To personer p\u00e5grepet p\u00e5 fiskemottak etter politiaksjon<\/a>&nbsp;&nbsp;Rana Blad<\/li>\n<li><a href=\"https:\/\/news.google.com\/rss\/articles\/CBMie0FVX3lxTFBBTVlQSEFiZ19WcUlkT3BrRUhkWTFQajlQOF92eENSOVlndkd2aEZqanpGTE1sbF9jdWNpbDk4TTZuUE00eFF2RExBS0NlbTY0a1lkOFMwMGY1ekpCMjZocGc5blZnMk9wZk5rWnN4ZExpTzBjVW9OUVFUMA?oc=5\" target=\"_blank\" rel=\"nofollow noopener\">Politiet slo til mot fiskemottak<\/a>&nbsp;&nbsp;NRK<\/li>\n<li><a href=\"https:\/\/news.google.com\/rss\/articles\/CBMikgFBVV95cUxQOFBGNGtiR2Z1elZOVVFqeTktSUREUW5QV2dhRGI4czFGX3FOSFJqckNtcm1NWnpvcnpqTkQ5ZXNrY2Y2Rk9OWlZiSVBXZDBtR2lERVNvT3hOY05FX01IMlUxcmpYX1dFUlFTcWpGaG9zM0ViSTlRa1pzUkFXUnBxbUhyZ05zTDgzU21Nd3dNV0EwUQ?oc=5\" target=\"_blank\" rel=\"nofollow noopener\">Politi p\u00e5grep to personer p\u00e5 fiskemottak p\u00e5 Helgeland<\/a>&nbsp;&nbsp;Helgelands Blad<\/li>\n<li><a href=\"https:\/\/news.google.com\/rss\/articles\/CBMi1gFBVV95cUxOR1ZzS0M5aHRyMHBsMjF1UVQ2a2ZiMF9QLXM3aTZRY05pZFRQMHdCbURpMzZrbmVqb0pzeFdWYlB6cWFiOExjaDlJV2lFY21DZGtTbEhuOUExOEM5MDJTSUZId0REcmZ5MFZXREtxN2JqTTFPZjAwZmthUHA5blRFMW1wWURGd05zYzkwSWl0MUhUTy1jYUJwcUVicm52cTJQeFV4Z0JNYnhIcHJManZEZ1p6aWYtTHljX0VGQUh4c05ydjBUb29tc1JhTG81cW5aa1B4clNn?oc=5\" target=\"_blank\" rel=\"nofollow noopener\">Politiet aksjonerte mot fiskemottak p\u00e5 Helgeland \u2013 to personer siktet for lovbrudd etter havressursloven<\/a>&nbsp;&nbsp;Rana No<\/li>\n<\/ol>\n","protected":false},"excerpt":{"rendered":"Politiet, Helgeland | To personer p\u00e5grepet p\u00e5 fiskemottak etter politiaksjon&nbsp;&nbsp;Rana Blad Politiet slo til mot fiskemottak&nbsp;&nbsp;NRK Politi p\u00e5grep&hellip;\n","protected":false},"author":2,"featured_media":5826,"comment_status":"","ping_status":"","sticky":false,"template":"","format":"standard","meta":{"footnotes":""},"categories":[5],"tags":[20,21,24,25,15,19,22,23,17,18,13,30,28,29,14,16,26,27],"class_list":{"0":"post-85213","1":"post","2":"type-post","3":"status-publish","4":"format-standard","5":"has-post-thumbnail","7":"category-overskrifter","8":"tag-breaking-news","9":"tag-breakingnews","10":"tag-featured-news","11":"tag-featurednews","12":"tag-headlines","13":"tag-hovedoppslag","14":"tag-latest-news","15":"tag-latestnews","16":"tag-main-news","17":"tag-mainnews","18":"tag-news","19":"tag-no","20":"tag-norge","21":"tag-norway","22":"tag-nyheter","23":"tag-overskrifter","24":"tag-top-stories","25":"tag-topstories"},"share_on_mastodon":{"url":"https:\/\/pubeurope.com\/@no\/115537025565887563","error":""},"_links":{"self":[{"href":"https:\/\/www.europesays.com\/no\/wp-json\/wp\/v2\/posts\/85213","targetHints":{"allow":["GET"]}}],"collection":[{"href":"https:\/\/www.europesays.com\/no\/wp-json\/wp\/v2\/posts"}],"about":[{"href":"https:\/\/www.europesays.com\/no\/wp-json\/wp\/v2\/types\/post"}],"author":[{"embeddable":true,"href":"https:\/\/www.europesays.com\/no\/wp-json\/wp\/v2\/users\/2"}],"replies":[{"embeddable":true,"href":"https:\/\/www.europesays.com\/no\/wp-json\/wp\/v2\/comments?post=85213"}],"version-history":[{"count":0,"href":"https:\/\/www.europesays.com\/no\/wp-json\/wp\/v2\/posts\/85213\/revisions"}],"wp:featuredmedia":[{"embeddable":true,"href":"https:\/\/www.europesays.com\/no\/wp-json\/wp\/v2\/media\/5826"}],"wp:attachment":[{"href":"https:\/\/www.europesays.com\/no\/wp-json\/wp\/v2\/media?parent=85213"}],"wp:term":[{"taxonomy":"category","embeddable":true,"href":"https:\/\/www.europesays.com\/no\/wp-json\/wp\/v2\/categories?post=85213"},{"taxonomy":"post_tag","embeddable":true,"href":"https:\/\/www.europesays.com\/no\/wp-json\/wp\/v2\/tags?post=85213"}],"curies":[{"name":"wp","href":"https:\/\/api.w.org\/{rel}","templated":true}]}}