{"id":85216,"date":"2025-11-12T13:47:16","date_gmt":"2025-11-12T13:47:16","guid":{"rendered":"https:\/\/www.europesays.com\/no\/85216\/"},"modified":"2025-11-12T13:47:16","modified_gmt":"2025-11-12T13:47:16","slug":"alexandra-joner-avslorer-graviditet-og-leilighetskjop-planlegger-totalrenovering-2","status":"publish","type":"post","link":"https:\/\/www.europesays.com\/no\/85216\/","title":{"rendered":"Alexandra Joner avsl\u00f8rer graviditet og leilighetskj\u00f8p: Planlegger totalrenovering"},"content":{"rendered":"<p class=\"kicker \" style=\"\">Alexandra Joner:<\/p>\n<p>  Influenseren har p\u00e5 kort tid delt b\u00e5de leilighetskj\u00f8p og graviditet.<\/p>\n<p>\n    TRAVEL: Alexandra Joner har mye \u00e5 holde fingrene i for tida. Foto: Andreas Fadum \/ Se og H\u00f8r\n  <\/p>\n<p>L\u00f8rdag kunne <a href=\"https:\/\/www.dagbladet.no\/kjendis\/roper-gladnyhet\/83666774\" rel=\"nofollow noopener\" target=\"_blank\">Alexandra Joner (35)<\/a> avsl\u00f8re at hun og samboeren\u00a0Joachim Lindbo (38) har tatt forholdet et steg videre, og at de skal bli foreldre. Babynyheten delte hun i en video p\u00e5 Instagram, like f\u00f8r hun dukket opp med et shownummer under\u00a0\u00abSkal vi danse\u00bbs jubileumssending.\u00a0<\/p>\n<p>    <a itemprop=\"url\" href=\"https:\/\/www.dagbladet.no\/kjendis\/roper-gladnyhet\/83666774\" rel=\"nofollow noopener\" target=\"_blank\"><\/p>\n<p>      <img loading=\"lazy\" decoding=\"async\" src=\"https:\/\/www.europesays.com\/no\/wp-content\/uploads\/2025\/11\/1762955234_773_83666987.webp\" width=\"980\" height=\"441\" title=\"R\u00f8per gladnyhet\" alt=\"\" class=\"lazyload\" style=\"--aspect-ratio-image: 2.22; \"\/><\/p>\n<p>        R\u00f8per gladnyhet<\/p>\n<p>    <\/a><\/p>\n<p>I en Barbie-rosa kjole viste hun fram den voksende magen, som hun p\u00e5 Snapchat lo godt av at hun hadde trodd hun skulle klare \u00e5 skjule.<\/p>\n<p>        R\u00d8RT: Det ble emosjelt for Stian \u00abStaysman\u00bb Thorbj\u00f8rnsen da Carina Dahl danset til l\u00e5ta hans. Video: TV 2\/ Nora Skavhaug\/ Thea Hope\/ R\u00f8d L\u00f8per<\/p>\n<p>Det er imidlertid ikke bare familiefor\u00f8kelse som st\u00e5r p\u00e5 planen for Joner og kj\u00e6resten. I sommer solgte 35-\u00e5ringen leiligheten sin, og <a href=\"https:\/\/www.dagbladet.no\/kjendis\/det-skjer-ikke\/83728768\" rel=\"nofollow noopener\" target=\"_blank\">paret har derfor v\u00e6rt p\u00e5 jakt etter en felles leilighet<\/a>. Tidligere denne m\u00e5neden kunne de r\u00f8pe at jakten var over.<\/p>\n<p>          <img loading=\"lazy\" decoding=\"async\" src=\"https:\/\/www.europesays.com\/no\/wp-content\/uploads\/2025\/11\/1762955235_38_83832203.webp\" width=\"686\" height=\"1016\" title=\"SKJULTE MAGEN: Alexandra Joner og Joachim Lindbo under f\u00f8rstnevntes halloweenfest. Her var graviditeten enn\u00e5 ikke kjent. Foto: Andreas Fadum \/ Se\" alt=\"\" class=\"\" style=\"--aspect-ratio-image: 0.68; \"\/><\/p>\n<p>\n          SKJULTE MAGEN: Alexandra Joner og Joachim Lindbo under f\u00f8rstnevntes halloweenfest. Her var graviditeten enn\u00e5 ikke kjent. Foto: Andreas Fadum \/ Se\n      <\/p>\n<p>&#8211; Vi har kj\u00f8pt oss leilighet. Fy faen, endelig. Vi har sett p\u00e5 leiligheter s\u00e5 lenge, og har sett p\u00e5 s\u00e5 mye rart, sa Joner p\u00e5 Snapchat.<\/p>\n<p>    <a itemprop=\"url\" href=\"https:\/\/www.dagbladet.no\/kjendis\/planla-frieri-etter-ett-ar\/83804623\" rel=\"nofollow noopener\" target=\"_blank\"><\/p>\n<p>      <img loading=\"lazy\" decoding=\"async\" src=\"https:\/\/www.europesays.com\/no\/wp-content\/uploads\/2025\/11\/1762955236_790_83805313.webp\" width=\"980\" height=\"441\" title=\"Planla frieri etter ett \u00e5r\" alt=\"\" class=\"lazyload\" style=\"--aspect-ratio-image: 2.22; \"\/><\/p>\n<p>        Planla frieri etter ett \u00e5r<\/p>\n<p>    <\/a><\/p>\n<p>Leiligheten duoen har kj\u00f8pt seg er egentlig innflytningsklar, men paret har andre planer.<\/p>\n<p class=\"font-weight-bold m-font-weight-bold\" data-lab-font_weight=\"font-weight-bold\">&#8211; Vi skal pusse opp hele shiten, forteller Joner overfor Dagbladet.<\/p>\n<p>Det blir alts\u00e5 ikke innflytting helt enn\u00e5. Totalrenoveringen har de nemlig satt av to m\u00e5neder til.<\/p>\n<p>&#8211; Jeg synes det g\u00e5r j\u00e6vlig tregt. Jeg spurte typen min om han trodde vi var ferdig til jul, og da sa han at det kanskje var litt tidsoptimistisk. S\u00e5 sa jeg bare\u00a0\u00abOK, to m\u00e5neder, da\u00bb. Det burde g\u00e5, mente han. Jeg har ikke pusset opp s\u00e5 mye, s\u00e5 jeg vet ikke hva jeg snakker om egentlig, innr\u00f8mmer Joner.<\/p>\n<p>        SJOKKERT: Tale Torjussen og Trygve Bennetsen ble tatt p\u00e5 senga av sjokkbeskjeden. Reporter: Nora Skavhaug. Video: Thea Hope. <\/p>\n<p class=\"font-weight-bold m-font-weight-bold\" data-lab-font_weight=\"font-weight-bold\">&#8211; Men jeg h\u00e5per at det blir dritfint, da. Jeg vil ha litt marmor, litt vakre ting, og s\u00e5 vil jeg ha noe crazy shit. S\u00e5nn at det blir en blanding av klassisk og crazy. Jeg har ikke funnet noe enn\u00e5, men jeg er p\u00e5 utkikk etter litt crazy bord eller noen fancy lamper.<\/p>\n<p>          <img loading=\"lazy\" decoding=\"async\" src=\"https:\/\/www.europesays.com\/no\/wp-content\/uploads\/2025\/11\/1762955236_462_83832202.webp\" width=\"686\" height=\"460\" title=\"DUKKET OPP: Aleaxandra Joner viste fram babymagen under \u00abSkal vi danse\u00bbs jubileumssending. Foto: Thomas Andersen \/ TV 2\" alt=\"\" class=\"\" style=\"--aspect-ratio-image: 1.49; \"\/><\/p>\n<p>\n          DUKKET OPP: Aleaxandra Joner viste fram babymagen under \u00abSkal vi danse\u00bbs jubileumssending. Foto: Thomas Andersen \/ TV 2\n      <\/p>\n<p>Hvor lang tid det vil ta, gjenst\u00e5r \u00e5 se. En ting hun derimot er klar p\u00e5, er at de ikke skal bo i oppussingskaos.<\/p>\n<p>&#8211; Nei, det orker vi ikke. Vi skal bo et annet sted i mellomtida.<\/p>\n","protected":false},"excerpt":{"rendered":"Alexandra Joner: Influenseren har p\u00e5 kort tid delt b\u00e5de leilighetskj\u00f8p og graviditet. TRAVEL: Alexandra Joner har mye \u00e5&hellip;\n","protected":false},"author":2,"featured_media":83696,"comment_status":"","ping_status":"","sticky":false,"template":"","format":"standard","meta":{"footnotes":""},"categories":[58],"tags":[2427,71,479,30,28,29,72],"class_list":{"0":"post-85216","1":"post","2":"type-post","3":"status-publish","4":"format-standard","5":"has-post-thumbnail","7":"category-underholdning","8":"tag-alexandra-joner","9":"tag-entertainment","10":"tag-kjendis","11":"tag-no","12":"tag-norge","13":"tag-norway","14":"tag-underholdning"},"share_on_mastodon":{"url":"https:\/\/pubeurope.com\/@no\/115537041525908125","error":""},"_links":{"self":[{"href":"https:\/\/www.europesays.com\/no\/wp-json\/wp\/v2\/posts\/85216","targetHints":{"allow":["GET"]}}],"collection":[{"href":"https:\/\/www.europesays.com\/no\/wp-json\/wp\/v2\/posts"}],"about":[{"href":"https:\/\/www.europesays.com\/no\/wp-json\/wp\/v2\/types\/post"}],"author":[{"embeddable":true,"href":"https:\/\/www.europesays.com\/no\/wp-json\/wp\/v2\/users\/2"}],"replies":[{"embeddable":true,"href":"https:\/\/www.europesays.com\/no\/wp-json\/wp\/v2\/comments?post=85216"}],"version-history":[{"count":0,"href":"https:\/\/www.europesays.com\/no\/wp-json\/wp\/v2\/posts\/85216\/revisions"}],"wp:featuredmedia":[{"embeddable":true,"href":"https:\/\/www.europesays.com\/no\/wp-json\/wp\/v2\/media\/83696"}],"wp:attachment":[{"href":"https:\/\/www.europesays.com\/no\/wp-json\/wp\/v2\/media?parent=85216"}],"wp:term":[{"taxonomy":"category","embeddable":true,"href":"https:\/\/www.europesays.com\/no\/wp-json\/wp\/v2\/categories?post=85216"},{"taxonomy":"post_tag","embeddable":true,"href":"https:\/\/www.europesays.com\/no\/wp-json\/wp\/v2\/tags?post=85216"}],"curies":[{"name":"wp","href":"https:\/\/api.w.org\/{rel}","templated":true}]}}