{"id":85219,"date":"2025-11-12T13:51:08","date_gmt":"2025-11-12T13:51:08","guid":{"rendered":"https:\/\/www.europesays.com\/no\/85219\/"},"modified":"2025-11-12T13:51:08","modified_gmt":"2025-11-12T13:51:08","slug":"37-aring-sokte-pa-saltsyre-lim-og-kokende-vaeske-fvn-no","status":"publish","type":"post","link":"https:\/\/www.europesays.com\/no\/85219\/","title":{"rendered":"37-\u00e5ring s\u00f8kte p\u00e5 salt\u00adsyre, lim og kokende v\u00e6ske &#8211; fvn.no"},"content":{"rendered":"<ol>\n<li><a href=\"https:\/\/news.google.com\/rss\/articles\/CBMimgFBVV95cUxORHBMMXBrSE1DdFhoNnRub0pkR19UQm1OVWZBTHBpVHNkcXEyWkVEZndiOVZUSU9WZl9lRFVtYm1HZ1RsOG43U2VManBaWExjRGh5cFI1cjBLUnRSWld4elZWczlhZnBDSTdKMmtGaWt4MXAwNlBxcFVST3hNWmFlUFZ0ZlZuQ183NW9Tb050VGtPRW11WFZyV3N3?oc=5\" target=\"_blank\" rel=\"nofollow noopener\">37-\u00e5ring s\u00f8kte p\u00e5 salt\u00adsyre, lim og kokende v\u00e6ske<\/a>&nbsp;&nbsp;fvn.no<\/li>\n<li><a href=\"https:\/\/news.google.com\/rss\/articles\/CBMipgFBVV95cUxOZ3FIWWJjSWxEMXRUa1d3Z0ppMk9yMlJsZkFmQ1hTUnBtSlFHZTJtc1dRb2JabDRfY3Y0dmRPN2RSUFVMQ1Y0MVJqeGpQd2pGRXBJTk9XLWlETTFkTVRJcE5lbng4ZEVFU01nNFVDLTd5WmkwVUxIWTdTRTR0WTNudUxpTHppbHREWEVpeUNsaXNWQnM2NzBJbmZOOXQyZEhaOU1SQVZn?oc=5\" target=\"_blank\" rel=\"nofollow noopener\">Morens ekskj\u00e6reste tiltalt for \u00e5 ha helt lim over sovende barn<\/a>&nbsp;&nbsp;NRK<\/li>\n<li><a href=\"https:\/\/news.google.com\/rss\/articles\/CBMiywFBVV95cUxQX3JVWjZxUFRWRkJLOG5UUFdjNGRUZ1dnUkpaTVYtck1nTkZPVXpoWk5nN05LVlZDem45NUVuOXBlY09OV3M1cFpObmprbnBrOWY5eVdUN2hoMGVYeFNWNU10Rjh6WC01UGxnN1M4N1p6TDlrNEpsUm1yMzg0aDJ3UjBuTEpoeGpDcE8yVFBic2Z0NlVBMEhaMkFpUzFNLTdSSUtVX0pjLVllaWxVRngwTGZzaEtwNGJ3OWpiMEVybzNfbV96NXJ0ODBpSQ?oc=5\" target=\"_blank\" rel=\"nofollow noopener\">Fant emballasje \u00abGorilla-lim\u00bb hos tiltalte. Hevder dette ble p\u00e5f\u00f8rt barnets kropp og \u00f8yne.<\/a>&nbsp;&nbsp;agderposten.no<\/li>\n<li><a href=\"https:\/\/news.google.com\/rss\/articles\/CBMipwFBVV95cUxPZEF4YW5KbU9MM19iWVd3Vnk4TGZfZkVnT3p0NjZXaHZSOWFMcHcyTjZKNmZ2ZnNmSWNXOHNMOXc0VnpMZ01YUkdDd3hMSElxbFVxOHhwWHoyLXljZTQ4UlVjVmdkOUs4cF8yMGRvYV9ydzNmbUtPSmhjNWxlcl8yU2htckxCbVZwRW0tYlJ5RF9SQ1llTUxrWHVDQmU3N19oeDdEYmhOSQ?oc=5\" target=\"_blank\" rel=\"nofollow noopener\">Politiet: S\u00f8kte p\u00e5 \u00ablim\u00bb samme dag som han skal ha skadet barnet<\/a>&nbsp;&nbsp;NRK<\/li>\n<li><a href=\"https:\/\/news.google.com\/rss\/articles\/CBMidEFVX3lxTE9DSnJ6R045N3dUVHI4Z3lmdE1qcWJoSXZpSW9EUW5oZkNZZlU4dFZaM0tZcjZhWmd3bWxSNzdVSXFwYmRxdWthNjRuS0tPUGxER1NxWmhueWJWc0Q1OVJiemRUYmx6Q2loaTZZamRSTjJBU1gw?oc=5\" target=\"_blank\" rel=\"nofollow noopener\">Tiltale, Tingretten | Nekter for \u00e5 ha limt sammen \u00f8yne<\/a>&nbsp;&nbsp;KRS &#8211; Avisen Kristiansand<\/li>\n<\/ol>\n","protected":false},"excerpt":{"rendered":"37-\u00e5ring s\u00f8kte p\u00e5 salt\u00adsyre, lim og kokende v\u00e6ske&nbsp;&nbsp;fvn.no Morens ekskj\u00e6reste tiltalt for \u00e5 ha helt lim over sovende&hellip;\n","protected":false},"author":2,"featured_media":85220,"comment_status":"","ping_status":"","sticky":false,"template":"","format":"standard","meta":{"footnotes":""},"categories":[10],"tags":[1309,4686,5832,20,21,24,25,15,331,22,23,11370,13,30,28,29,14,16,254,945,26,27],"class_list":{"0":"post-85219","1":"post","2":"type-post","3":"status-publish","4":"format-standard","5":"has-post-thumbnail","7":"category-norge","8":"tag-agder","9":"tag-agder-politidistrikt","10":"tag-agder-tingrett","11":"tag-breaking-news","12":"tag-breakingnews","13":"tag-featured-news","14":"tag-featurednews","15":"tag-headlines","16":"tag-kristiansand","17":"tag-latest-news","18":"tag-latestnews","19":"tag-mobiltelefoner","20":"tag-news","21":"tag-no","22":"tag-norge","23":"tag-norway","24":"tag-nyheter","25":"tag-overskrifter","26":"tag-politi","27":"tag-tiltale","28":"tag-top-stories","29":"tag-topstories"},"share_on_mastodon":{"url":"https:\/\/pubeurope.com\/@no\/115537057084310863","error":""},"_links":{"self":[{"href":"https:\/\/www.europesays.com\/no\/wp-json\/wp\/v2\/posts\/85219","targetHints":{"allow":["GET"]}}],"collection":[{"href":"https:\/\/www.europesays.com\/no\/wp-json\/wp\/v2\/posts"}],"about":[{"href":"https:\/\/www.europesays.com\/no\/wp-json\/wp\/v2\/types\/post"}],"author":[{"embeddable":true,"href":"https:\/\/www.europesays.com\/no\/wp-json\/wp\/v2\/users\/2"}],"replies":[{"embeddable":true,"href":"https:\/\/www.europesays.com\/no\/wp-json\/wp\/v2\/comments?post=85219"}],"version-history":[{"count":0,"href":"https:\/\/www.europesays.com\/no\/wp-json\/wp\/v2\/posts\/85219\/revisions"}],"wp:featuredmedia":[{"embeddable":true,"href":"https:\/\/www.europesays.com\/no\/wp-json\/wp\/v2\/media\/85220"}],"wp:attachment":[{"href":"https:\/\/www.europesays.com\/no\/wp-json\/wp\/v2\/media?parent=85219"}],"wp:term":[{"taxonomy":"category","embeddable":true,"href":"https:\/\/www.europesays.com\/no\/wp-json\/wp\/v2\/categories?post=85219"},{"taxonomy":"post_tag","embeddable":true,"href":"https:\/\/www.europesays.com\/no\/wp-json\/wp\/v2\/tags?post=85219"}],"curies":[{"name":"wp","href":"https:\/\/api.w.org\/{rel}","templated":true}]}}