{"id":85260,"date":"2025-11-12T14:56:07","date_gmt":"2025-11-12T14:56:07","guid":{"rendered":"https:\/\/www.europesays.com\/no\/85260\/"},"modified":"2025-11-12T14:56:07","modified_gmt":"2025-11-12T14:56:07","slug":"epstein-hevdar-i-e-postar-at-trump-visste-om-jentene-nrk-norge-oversikt-over-nyheter-fra-ulike-deler-av-landet","status":"publish","type":"post","link":"https:\/\/www.europesays.com\/no\/85260\/","title":{"rendered":"Epstein hevdar i e-postar at Trump visste om jentene \u2013 NRK Norge \u2013 Oversikt over nyheter fra ulike deler av landet"},"content":{"rendered":"<p><strong>Mars 2005:<\/strong> Politiet i Florida innleder etterforskning av Jeffrey Epstein etter at moren til en 14 \u00e5r gammel jente anmelder ham for voldtekt av datteren.<\/p>\n<p><strong>2006: <\/strong>Politiet sikter Epstein for flere tilfeller av ulovlig seksuell omgang med mindre\u00e5rige.<\/p>\n<p><strong>Juli 2009:<\/strong> Epstein l\u00f8slates etter \u00e5 ha sonet 13 m\u00e5neder i fengsel i forbindelse med et forlik inng\u00e5tt \u00e5ret f\u00f8r.<\/p>\n<p><strong> Mars 2011: <\/strong>Virginia Giuffre g\u00e5r ut offentlig med sin historie om hvordan hun som 17-\u00e5ring ble utsatt for seksuell menneskehandel. Hun m\u00f8tte Epsteins partner Ghislaine Maxwell f\u00f8rste gang mens hun jobbet p\u00e5 et spa eid av Donald Trump i Florida. Saken publiseres i Mail on Sunday og inkluderer et bilde av Giuffre sammen med prins Andrew.<\/p>\n<p><strong>Juli 2019: <\/strong>Jeffrey Epstein p\u00e5gripes i New Jersey. Han blir tiltalt for \u00e5 ha forgrepet seg seksuelt p\u00e5 flere titall mindre\u00e5rige jenter mellom 2002 og 2005. If\u00f8lge tiltalen skal Epstein ha rekruttert et stort nettverk av mindre\u00e5rige ofre, enkelte s\u00e5 unge som 14 \u00e5r.<\/p>\n<p><strong>August 2019: <\/strong>Epstein beg\u00e5r selvmord i fengselet.<\/p>\n<p><strong>November 2021: <\/strong>Rettssaken mot Ghislaine Maxwell starter i New York. Hun er tiltalt for \u00e5 ha hjulpet Epstein med \u00e5 rekruttere og misbruke unge jenter og kvinner.<\/p>\n<p><strong>Desember 2021:<\/strong> Maxwell blir kjent skyldig i fem av seks tiltalepunkter, blant annet for \u00e5 ha rekruttert unge jenter som s\u00e5 ble utsatt for overgrep. I juni 2022 blir hun d\u00f8mt til 20 \u00e5rs fengsel.<\/p>\n<p>Jeffrey Epstein og Donald Trump tilh\u00f8rte den samme omgangskretsen i Florida fra slutten av 1980-tallet til begynnelsen av 2000-tallet.<\/p>\n<p>Kilde: NTB<\/p>\n","protected":false},"excerpt":{"rendered":"Mars 2005: Politiet i Florida innleder etterforskning av Jeffrey Epstein etter at moren til en 14 \u00e5r gammel&hellip;\n","protected":false},"author":2,"featured_media":85261,"comment_status":"","ping_status":"","sticky":false,"template":"","format":"standard","meta":{"footnotes":""},"categories":[12],"tags":[20,21,24,25,15,22,23,13,30,28,29,14,16,26,27,42,43,44,45],"class_list":{"0":"post-85260","1":"post","2":"type-post","3":"status-publish","4":"format-standard","5":"has-post-thumbnail","7":"category-verden","8":"tag-breaking-news","9":"tag-breakingnews","10":"tag-featured-news","11":"tag-featurednews","12":"tag-headlines","13":"tag-latest-news","14":"tag-latestnews","15":"tag-news","16":"tag-no","17":"tag-norge","18":"tag-norway","19":"tag-nyheter","20":"tag-overskrifter","21":"tag-top-stories","22":"tag-topstories","23":"tag-verden","24":"tag-world","25":"tag-world-news","26":"tag-worldnews"},"share_on_mastodon":{"url":"https:\/\/pubeurope.com\/@no\/115537312893035205","error":""},"_links":{"self":[{"href":"https:\/\/www.europesays.com\/no\/wp-json\/wp\/v2\/posts\/85260","targetHints":{"allow":["GET"]}}],"collection":[{"href":"https:\/\/www.europesays.com\/no\/wp-json\/wp\/v2\/posts"}],"about":[{"href":"https:\/\/www.europesays.com\/no\/wp-json\/wp\/v2\/types\/post"}],"author":[{"embeddable":true,"href":"https:\/\/www.europesays.com\/no\/wp-json\/wp\/v2\/users\/2"}],"replies":[{"embeddable":true,"href":"https:\/\/www.europesays.com\/no\/wp-json\/wp\/v2\/comments?post=85260"}],"version-history":[{"count":0,"href":"https:\/\/www.europesays.com\/no\/wp-json\/wp\/v2\/posts\/85260\/revisions"}],"wp:featuredmedia":[{"embeddable":true,"href":"https:\/\/www.europesays.com\/no\/wp-json\/wp\/v2\/media\/85261"}],"wp:attachment":[{"href":"https:\/\/www.europesays.com\/no\/wp-json\/wp\/v2\/media?parent=85260"}],"wp:term":[{"taxonomy":"category","embeddable":true,"href":"https:\/\/www.europesays.com\/no\/wp-json\/wp\/v2\/categories?post=85260"},{"taxonomy":"post_tag","embeddable":true,"href":"https:\/\/www.europesays.com\/no\/wp-json\/wp\/v2\/tags?post=85260"}],"curies":[{"name":"wp","href":"https:\/\/api.w.org\/{rel}","templated":true}]}}