{"id":85399,"date":"2025-11-12T17:16:50","date_gmt":"2025-11-12T17:16:50","guid":{"rendered":"https:\/\/www.europesays.com\/no\/85399\/"},"modified":"2025-11-12T17:16:50","modified_gmt":"2025-11-12T17:16:50","slug":"norges-bank-avventer-kutt-etter-solid-prisvekst","status":"publish","type":"post","link":"https:\/\/www.europesays.com\/no\/85399\/","title":{"rendered":"Norges Bank avventer kutt etter solid prisvekst"},"content":{"rendered":"<p>Kjerneinflasjonen steg til 3,4 % \u00e5\/\u00e5 i oktober, over Norges Banks anslag p\u00e5 3,2 % og godt over det vi og markedet ventet. Bred oppgang i prisene l\u00f8ftet samlet inflasjon, der b\u00e5de vi og konsensus hadde sett for oss en nedgang til 3,0 % \u00e5\/\u00e5. Importerte varer bidro s\u00e6rlig, med en tydelig \u00f8kning i importerte matvarepriser.<\/p>\n<p>I tillegg kan \u00abBlack Friday\u00bb-effekten ha spilt inn. Varepriser har de siste \u00e5rene blitt presset ned med heftige rabatter i november, men ofte skrudd opp i forkant, noe vi kan ha sett i oktober. Normalt sesongjusteres dette, men effekten kan v\u00e6re sterkere i \u00e5r. Inflasjonen i november blir dermed viktig, og det slippes\u00a0f\u00f8r\u00a0rentem\u00f8tet i desember. Vi holder p\u00e5 v\u00e5rt anslag om f\u00f8rste rentekutt i juni neste \u00e5r. Se Kyrres kommentar\u00a0<a href=\"https:\/\/eur04.safelinks.protection.outlook.com\/?url=https%3A%2F%2Fwww.dnb.no%2Fseg-fundamental%2Ffundamentalweb%2Fgetreport.aspx%3Ffile%3DMRP_260221.pdf%26uid%3D552%26auth%3DfvCK5RMJbEV3ukUxiDaCQWMwx9A%253d&amp;data=05%7C02%7Cthomas.strzelecki%40dnb.no%7Cd27c7f5811e14ce3699108de20ef9c5d%7C4cbfea0ab87247f0b51c1c64953c3f0b%7C0%7C0%7C638984410678073764%7CUnknown%7CTWFpbGZsb3d8eyJFbXB0eU1hcGkiOnRydWUsIlYiOiIwLjAuMDAwMCIsIlAiOiJXaW4zMiIsIkFOIjoiTWFpbCIsIldUIjoyfQ%3D%3D%7C0%7C%7C%7C&amp;sdata=V3dhampz4iBzRkBRFzOoQS1I5LPXLmRY9pLJUNV7feg%3D&amp;reserved=0\" rel=\"nofollow noopener\" target=\"_blank\">her<\/a>.<\/p>\n<p><b>Risikoaktiva stiger n\u00e5 som historiens lengste amerikanske nedstengning n\u00e6rmer seg slutten.<\/b>\u00a0Demokratene og Republikanerne skal ha funnet et kompromiss som kan \u00e5pne staten allerede onsdag. Det inneb\u00e6rer delvis utfasing av Obamacare-dekning, men gir sentralbanken bedre sikt fremover. Det er uklart om n\u00f8kkeltallene kan publiseres f\u00e5 dager etter \u00e5pningen, men amerikansk KPI for oktober skal etter planen v\u00e6re ute denne uken.<\/p>\n<p>B\u00f8rsene i USA stiger med S&amp;P 500 opp 1,5 % og Dow Jones opp 0,8 %. I Europa stiger Stoxx600 1.4 %. I Asia har b\u00f8rsene snudd fra oppgang til fall. Krona som styrket seg med de sterke inflasjonstallene, fikk noe mer medvind. EURNOK er p\u00e5 11.71. Rentemarkedene er stengt i USA i dag p\u00e5 grunn av Veterans Day, den amerikanske ti\u00e5ringen er p\u00e5 4.116 %.<\/p>\n<p><b>Nederland signaliserer et gjennombrudd i Nexperia-konflikten med Kina.\u00a0<\/b>Nexperia selger modne halvlederbrikker til bilindustrien, og Honda m\u00e5tte nylig stanse en fabrikk da tilgangen sviktet.<b>\u00a0<\/b>Den nederlandske staten tok kontroll over dette privateide selskapet (med kinesiske eiere) etter at nye USA-regler ville svarteliste Nexperia. Kina strupte deretter eksporten til Nexperia. En Xi-Trump-avtale som setter p\u00e5 pause utvidelsen av svartelistingen, gj\u00f8r at den Nederlandske regjeringen ogs\u00e5 er klar til \u00e5 legge ministerordren om \u00e5 ta kontroll av Nexperia p\u00e5 is. Kina \u00e5pner n\u00e5 for eksport til Nexperia (n\u00e5r sluttbruker ikke er milit\u00e6ret). Dette er i tr\u00e5d med v\u00e5re forventninger etter Xi og Trump m\u00f8ttes i Seoul, se min kommentar\u00a0<a href=\"https:\/\/eur04.safelinks.protection.outlook.com\/?url=https%3A%2F%2Fwww.dnb.no%2Fseg-fundamental%2Ffundamentalweb%2Fgetreport.aspx%3Ffile%3DMRP_260030.pdf%26uid%3D552%26auth%3DfvCK5RMJbEV3ukUxiDaCQWMwx9A%253d&amp;data=05%7C02%7Cthomas.strzelecki%40dnb.no%7Cd27c7f5811e14ce3699108de20ef9c5d%7C4cbfea0ab87247f0b51c1c64953c3f0b%7C0%7C0%7C638984410678093745%7CUnknown%7CTWFpbGZsb3d8eyJFbXB0eU1hcGkiOnRydWUsIlYiOiIwLjAuMDAwMCIsIlAiOiJXaW4zMiIsIkFOIjoiTWFpbCIsIldUIjoyfQ%3D%3D%7C0%7C%7C%7C&amp;sdata=MAcxOJ4i1WEfsZRqi7JMgqC3RkYACq7tcY6ZY9p33hk%3D&amp;reserved=0\" rel=\"nofollow noopener\" target=\"_blank\">her<\/a>.<\/p>\n<p><b>Hendelsen minner om et mer anstrengt forhold mellom EU og Kina.<\/b>\u00a0EU kommisjonens\u00a0<a href=\"https:\/\/eur04.safelinks.protection.outlook.com\/?url=https%3A%2F%2Fwww.straitstimes.com%2Fworld%2Feurope%2Feu-eyes-huawei-ban-in-mobile-networks-of-member-countries&amp;data=05%7C02%7Cthomas.strzelecki%40dnb.no%7Cd27c7f5811e14ce3699108de20ef9c5d%7C4cbfea0ab87247f0b51c1c64953c3f0b%7C0%7C0%7C638984410678104399%7CUnknown%7CTWFpbGZsb3d8eyJFbXB0eU1hcGkiOnRydWUsIlYiOiIwLjAuMDAwMCIsIlAiOiJXaW4zMiIsIkFOIjoiTWFpbCIsIldUIjoyfQ%3D%3D%7C0%7C%7C%7C&amp;sdata=RgsXSuhXzXqH4l7HtIlRsLovElGMI%2BmhTxmMkhFs%2BMI%3D&amp;reserved=0\" title=\"Original URL: https:\/\/www.straitstimes.com\/world\/europe\/eu-eyes-huawei-ban-in-mobile-networks-of-member-countries. Click or tap if you trust this link.\" rel=\"nofollow noopener\" target=\"_blank\">nye forslag<\/a>\u00a0om \u00e5 tvinge medlemsland og mottakere av EU-st\u00f8tte (Global Gateway) til \u00e5 fase ut kinesiske leverand\u00f8rer Huawei og ZTE fra sin telekominfrastruktur, \u00f8ker spenningen videre.<\/p>\n<p><b>Dette skjer samtidig som COP30 \u00e5pner i Brasil, uten USA til stede.<\/b>\u00a0Siden Kyoto i 1993 er dette tredje gang amerikanerne trekker seg fra klimasamarbeidet. Det gj\u00f8r ogs\u00e5 diskusjonen om klimafinansiering og -kompensasjon krevende. Samtidig har teknologiene p\u00e5 sol, vind, batterier m.m. blitt modnet fram og er konkurransedyktige, mye levert av kinesiske leverand\u00f8rer.<\/p>\n<p>Sp\u00f8r du meg, har Europa og Kina har felles interesser i \u00e5 begrense klimaendringer \u2013 Kina av hensyn til sine kystn\u00e6re \u00f8konomiske motorer som kan rammes hardt, Europa fordi klimakonsekvensene rammer v\u00e5re naboer i Afrika og Midt\u00f8sten langt mer enn her. N\u00e5r befolkningen i disse omr\u00e5dene ventes \u00e5 \u00f8ke med nesten \u00e9n milliard innen 2050 (FN) kan klimamigrasjonen bli stor. Den regionale fordelingen av klimakonsekvensene er viktig.<\/p>\n<p><b>Om slitt slippes de britiske tallene for arbeidsmarkedet.<\/b>\u00a0Vi venter stabil ledighet p\u00e5 4,8 % og l\u00f8nnsvekst som avtar fra 5,0 % til 4,3 % \u00e5\/\u00e5. Sentralbanksjef Wolden Bache vil ogs\u00e5 tale i Amsterdam, mens referatet fra Riksbankens rentem\u00f8te slippes.<\/p>\n","protected":false},"excerpt":{"rendered":"Kjerneinflasjonen steg til 3,4 % \u00e5\/\u00e5 i oktober, over Norges Banks anslag p\u00e5 3,2 % og godt over&hellip;\n","protected":false},"author":2,"featured_media":85400,"comment_status":"","ping_status":"","sticky":false,"template":"","format":"standard","meta":{"footnotes":""},"categories":[5],"tags":[20,21,185,24,25,15,19,22,23,17,18,740,739,13,30,28,29,14,16,26,27],"class_list":{"0":"post-85399","1":"post","2":"type-post","3":"status-publish","4":"format-standard","5":"has-post-thumbnail","7":"category-overskrifter","8":"tag-breaking-news","9":"tag-breakingnews","10":"tag-dnb-carnegie","11":"tag-featured-news","12":"tag-featurednews","13":"tag-headlines","14":"tag-hovedoppslag","15":"tag-latest-news","16":"tag-latestnews","17":"tag-main-news","18":"tag-mainnews","19":"tag-makro","20":"tag-morgenrapport","21":"tag-news","22":"tag-no","23":"tag-norge","24":"tag-norway","25":"tag-nyheter","26":"tag-overskrifter","27":"tag-top-stories","28":"tag-topstories"},"share_on_mastodon":{"url":"https:\/\/pubeurope.com\/@no\/115537867143391874","error":""},"_links":{"self":[{"href":"https:\/\/www.europesays.com\/no\/wp-json\/wp\/v2\/posts\/85399","targetHints":{"allow":["GET"]}}],"collection":[{"href":"https:\/\/www.europesays.com\/no\/wp-json\/wp\/v2\/posts"}],"about":[{"href":"https:\/\/www.europesays.com\/no\/wp-json\/wp\/v2\/types\/post"}],"author":[{"embeddable":true,"href":"https:\/\/www.europesays.com\/no\/wp-json\/wp\/v2\/users\/2"}],"replies":[{"embeddable":true,"href":"https:\/\/www.europesays.com\/no\/wp-json\/wp\/v2\/comments?post=85399"}],"version-history":[{"count":0,"href":"https:\/\/www.europesays.com\/no\/wp-json\/wp\/v2\/posts\/85399\/revisions"}],"wp:featuredmedia":[{"embeddable":true,"href":"https:\/\/www.europesays.com\/no\/wp-json\/wp\/v2\/media\/85400"}],"wp:attachment":[{"href":"https:\/\/www.europesays.com\/no\/wp-json\/wp\/v2\/media?parent=85399"}],"wp:term":[{"taxonomy":"category","embeddable":true,"href":"https:\/\/www.europesays.com\/no\/wp-json\/wp\/v2\/categories?post=85399"},{"taxonomy":"post_tag","embeddable":true,"href":"https:\/\/www.europesays.com\/no\/wp-json\/wp\/v2\/tags?post=85399"}],"curies":[{"name":"wp","href":"https:\/\/api.w.org\/{rel}","templated":true}]}}