{"id":85417,"date":"2025-11-12T17:45:12","date_gmt":"2025-11-12T17:45:12","guid":{"rendered":"https:\/\/www.europesays.com\/no\/85417\/"},"modified":"2025-11-12T17:45:12","modified_gmt":"2025-11-12T17:45:12","slug":"arne-bye-trekker-deler-av-anken-far-kortere-straff","status":"publish","type":"post","link":"https:\/\/www.europesays.com\/no\/85417\/","title":{"rendered":"Arne Bye trekker deler av anken \u2013 f\u00e5r kortere straff"},"content":{"rendered":"\n<p class=\"_lead_o9xde_2 _lead_xtcu6_50 layout-component text-serif-m layout-normal text-serif-l layout-component layout-wide layout-padded _wide_17hqh_1 layout-padded\">Den tidligere kommuneoverlegen trekker anken over skyldsp\u00f8rsm\u00e5let, skriver NRK.<\/p>\n<p><img alt=\" Foto: Tore Kristiansen \/ VG\" class=\"_image_qp4xg_65 layout-component layout-wide\" data-fullscreen- data-track-element-type=\"Article image fullscreen\" data-track-name=\"ImageFullscreen\" fetchpriority=\"high\" decoding=\"sync\" loading=\"eager\" height=\"1458\" itemprop=\"image\"  src=\"https:\/\/www.europesays.com\/no\/wp-content\/uploads\/2025\/11\/c6dc28af-c1d3-4515-bee6-f9d0bb76aeee\"  style=\"object-position:0% 0%\" width=\"2128\"\/> Foto: Tore Kristiansen \/ VG<\/p>\n<ul aria-hidden=\"true\" class=\"_images_18f0k_111\">\n<li><a class=\"_link_18f0k_116\" href=\"https:\/\/www.vg.no\/forfatter\/amalie-nordboe-odiin\" style=\"z-index:2\" title=\"Amalie Nordb\u00f8 Odiin\" rel=\"nofollow noopener\" target=\"_blank\"><img alt=\"Bilde av Amalie Nordb\u00f8 Odiin\" class=\"_image_18f0k_93\" fetchpriority=\"low\" loading=\"lazy\" decoding=\"async\" itemprop=\"image\"  src=\"https:\/\/www.europesays.com\/no\/wp-content\/uploads\/2025\/11\/1762969511_711_3a48a883-d93f-48c4-8078-cc59876bbb5b\"  width=\"480\"\/><\/a><\/li>\n<li><a class=\"_link_18f0k_116\" href=\"https:\/\/www.vg.no\/forfatter\/ntb\" style=\"z-index:1\" title=\"NTB\" rel=\"nofollow noopener\" target=\"_blank\"><img alt=\"Bilde av NTB\" class=\"_image_18f0k_93\" fetchpriority=\"low\" loading=\"lazy\" decoding=\"async\" itemprop=\"image\"  src=\"https:\/\/www.europesays.com\/no\/wp-content\/uploads\/2025\/11\/1762969512_680_c33980b0-5d07-4027-84a1-813f90a7c8d6\"  width=\"480\"\/><\/a><\/li>\n<\/ul>\n<p> Oppdatert onsdag 12. november kl. 16:35     <\/p>\n<p class=\"_paragraph_o9xde_4 _paragraph_xtcu6_10 layout-component text-serif-m layout-normal text-serif-m layout-padded\">If\u00f8lge <a href=\"https:\/\/www.nrk.no\/trondelag\/arne-bye-trekker-delar-av-anken-_-far-kortare-straff-1.17631122\" class=\"_link_o9xde_39\" rel=\"nofollow noopener\" target=\"_blank\">NRK<\/a> vil en endring i lovverket bety at han dermed kun kan d\u00f8mmes til maksimalt 16 \u00e5r i fengsel.<\/p>\n<p class=\"_paragraph_o9xde_4 _paragraph_xtcu6_10 layout-component text-serif-m layout-normal text-serif-m layout-padded\">Bye ble i tingretten d\u00f8mt til 21 \u00e5rs fengsel, blant annet fordi en av paragrafene han ble d\u00f8mt for medf\u00f8rte ekstra soningstid ved flere brudd.<\/p>\n<p class=\"_paragraph_o9xde_4 _paragraph_xtcu6_10 layout-component text-serif-m layout-normal text-serif-m layout-padded\">En lovendring som tr\u00e5dde i kraft 1. juli, gj\u00f8r imidlertid at denne paragrafen ikke lenger eksisterer. N\u00e5r Bye n\u00e5 trekker deler av anken, blir strafferammen lavere for dommen som en helhet.<\/p>\n<p class=\"_paragraph_o9xde_4 _paragraph_xtcu6_10 layout-component text-serif-m layout-normal text-serif-m layout-padded\">Det mener hans forsvarer Frode Wisth vil bety at Bye maksimalt kan d\u00f8mmes til 16 \u00e5r.<\/p>\n<p class=\"_paragraph_o9xde_4 _paragraph_xtcu6_10 layout-component text-serif-m layout-normal text-serif-m layout-padded\">\u2013 Slik saken st\u00e5r n\u00e5, s\u00e5 har b\u00e5de tingrett, lagmannsrett og H\u00f8yesterett gitt et klart signal om hvordan de mener jussen skal forst\u00e5s, sier <a href=\"https:\/\/www.nrk.no\/trondelag\/arne-bye-trekker-delar-av-anken-_-far-kortare-straff-1.17631122\" class=\"_link_o9xde_39\" rel=\"nofollow noopener\" target=\"_blank\">han til kanalen.<\/a><\/p>\n<p class=\"_paragraph_o9xde_4 _paragraph_xtcu6_10 layout-component text-serif-m layout-normal text-serif-m layout-padded\">Det er n\u00e5 kun straffeutm\u00e5ling som skal behandles av ankedomstolen. P\u00e5talemyndigheten har i anketilsvaret varslet at de vil nedlegge p\u00e5stand om fengsel i 16 \u00e5r.<\/p>\n<p class=\"_paragraph_o9xde_4 _paragraph_xtcu6_10 layout-component text-serif-m layout-normal text-serif-m layout-padded\">Anken over straffutm\u00e5lingen og sivile krav opprettholdes.<\/p>\n<p class=\"_paragraph_o9xde_4 _paragraph_xtcu6_10 layout-component text-serif-m layout-normal text-serif-m layout-padded\">Den tidligere kommune\u00adoverlegen i Frosta ble av Tr\u00f8ndelag tingrett d\u00f8mt til 21 \u00e5rs fengsel for voldtekt av sine egne pasienter i juni i \u00e5r.<\/p>\n<p class=\"_paragraph_o9xde_4 _paragraph_xtcu6_10 layout-component text-serif-m layout-normal text-serif-m layout-padded\">55-\u00e5ringen ble d\u00f8mt for til sammen 70 voldtekter under\u00a0tre forskjellige paragrafer\u00a0i straffeloven. Han ble frad\u00f8mt retten til \u00e5 jobbe som lege.<\/p>\n<p class=\"_paragraph_o9xde_4 _paragraph_xtcu6_10 layout-component text-serif-m layout-normal text-serif-m layout-padded\">Han ble ogs\u00e5 d\u00f8mt for 82 tilfeller av misbruk av overmaktsforhold etter to forskjellige paragrafer. Han var\u00a0tiltalt\u00a0for 94 tilfeller.<\/p>\n<p class=\"_paragraph_o9xde_4 _paragraph_xtcu6_10 layout-component text-serif-m layout-normal layout-padded\"><strong class=\"_strong_o9xde_25\">Les ogs\u00e5:<\/strong> <a href=\"https:\/\/www.vg.no\/i\/93wrp9\" data-track-element-type=\"Link\" data-track-id=\"link:93wrp9\" class=\"_link_o9xde_39\" rel=\"nofollow noopener\" target=\"_blank\">21 \u00e5rs fengsel for Frosta-legen<\/a><\/p>\n<p class=\"_paragraph_o9xde_4 _paragraph_xtcu6_10 layout-component text-serif-m layout-normal text-serif-m layout-padded\">I alt ble Bye funnet skyldig i 152 punkter av den sv\u00e6rt omfattende tiltalen, men ble ogs\u00e5 frifunnet for en rekke anklager.<\/p>\n<p class=\"_paragraph_o9xde_4 _paragraph_xtcu6_10 layout-component text-serif-m layout-normal text-serif-m layout-padded\">Bye\u00a0anket dommen videre til Frostating lagmannsrett, som 6. oktober avgjorde at de opprettholder store deler av dommen mot ham og kun vil ankebehandle deler av den.<\/p>\n<p class=\"_paragraph_o9xde_4 _paragraph_xtcu6_10 layout-component text-serif-m layout-normal text-serif-m layout-padded\">Frostating lagmannsrett besluttet i oktober at kun 18 tiltaleposter som omhandler 13 kvinner, skal behandles i ankesaken fra Bye. <\/p>\n<p class=\"_paragraph_o9xde_4 _paragraph_xtcu6_10 layout-component text-serif-m layout-normal text-serif-m layout-padded\">Lagmannsretten nektet \u00e5 fremme anken for 80 andre tiltaleposter som omfatter 63 kvinner, og har alts\u00e5 f\u00e5tt medhold i dette.<\/p>\n<p class=\"_paragraph_o9xde_4 _paragraph_xtcu6_10 layout-component text-serif-m layout-normal text-serif-m layout-padded\">Ankesaken skal etter planen starte 26. november i Frostating lagmannsrett. Det er satt av 15 dager til rettsbehandlingen.<\/p>\n<p class=\"_paragraph_o9xde_4 _paragraph_xtcu6_10 layout-component text-serif-m layout-normal layout-padded\"><strong class=\"_strong_o9xde_25\">Les ogs\u00e5:<\/strong> <a href=\"https:\/\/www.vg.no\/i\/W0Gxwg\" data-track-element-type=\"Link\" data-track-id=\"link:W0Gxwg\" class=\"_link_o9xde_39\" rel=\"nofollow noopener\" target=\"_blank\">Adressa: Arne Bye anker dommen p\u00e5 21 \u00e5rs fengsel<\/a><\/p>\n","protected":false},"excerpt":{"rendered":"Den tidligere kommuneoverlegen trekker anken over skyldsp\u00f8rsm\u00e5let, skriver NRK. Foto: Tore Kristiansen \/ VG Oppdatert onsdag 12. november&hellip;\n","protected":false},"author":2,"featured_media":85418,"comment_status":"","ping_status":"","sticky":false,"template":"","format":"standard","meta":{"footnotes":""},"categories":[5],"tags":[20,21,24,25,15,19,148,22,23,3582,17,18,13,30,28,29,14,16,26,27],"class_list":{"0":"post-85417","1":"post","2":"type-post","3":"status-publish","4":"format-standard","5":"has-post-thumbnail","7":"category-overskrifter","8":"tag-breaking-news","9":"tag-breakingnews","10":"tag-featured-news","11":"tag-featurednews","12":"tag-headlines","13":"tag-hovedoppslag","14":"tag-kriminalitet","15":"tag-latest-news","16":"tag-latestnews","17":"tag-legesaken-pa-frosta","18":"tag-main-news","19":"tag-mainnews","20":"tag-news","21":"tag-no","22":"tag-norge","23":"tag-norway","24":"tag-nyheter","25":"tag-overskrifter","26":"tag-top-stories","27":"tag-topstories"},"share_on_mastodon":{"url":"https:\/\/pubeurope.com\/@no\/115537977349841264","error":""},"_links":{"self":[{"href":"https:\/\/www.europesays.com\/no\/wp-json\/wp\/v2\/posts\/85417","targetHints":{"allow":["GET"]}}],"collection":[{"href":"https:\/\/www.europesays.com\/no\/wp-json\/wp\/v2\/posts"}],"about":[{"href":"https:\/\/www.europesays.com\/no\/wp-json\/wp\/v2\/types\/post"}],"author":[{"embeddable":true,"href":"https:\/\/www.europesays.com\/no\/wp-json\/wp\/v2\/users\/2"}],"replies":[{"embeddable":true,"href":"https:\/\/www.europesays.com\/no\/wp-json\/wp\/v2\/comments?post=85417"}],"version-history":[{"count":0,"href":"https:\/\/www.europesays.com\/no\/wp-json\/wp\/v2\/posts\/85417\/revisions"}],"wp:featuredmedia":[{"embeddable":true,"href":"https:\/\/www.europesays.com\/no\/wp-json\/wp\/v2\/media\/85418"}],"wp:attachment":[{"href":"https:\/\/www.europesays.com\/no\/wp-json\/wp\/v2\/media?parent=85417"}],"wp:term":[{"taxonomy":"category","embeddable":true,"href":"https:\/\/www.europesays.com\/no\/wp-json\/wp\/v2\/categories?post=85417"},{"taxonomy":"post_tag","embeddable":true,"href":"https:\/\/www.europesays.com\/no\/wp-json\/wp\/v2\/tags?post=85417"}],"curies":[{"name":"wp","href":"https:\/\/api.w.org\/{rel}","templated":true}]}}