{"id":85419,"date":"2025-11-12T17:50:10","date_gmt":"2025-11-12T17:50:10","guid":{"rendered":"https:\/\/www.europesays.com\/no\/85419\/"},"modified":"2025-11-12T17:50:10","modified_gmt":"2025-11-12T17:50:10","slug":"apner-for-politisamarbeid-med-marokko","status":"publish","type":"post","link":"https:\/\/www.europesays.com\/no\/85419\/","title":{"rendered":"\u00c5pner for politi\u00adsamarbeid med Marokko"},"content":{"rendered":"\n<p class=\"_lead_o9xde_2 _lead_xtcu6_50 layout-component text-serif-m layout-normal text-serif-l layout-component layout-wide layout-padded _wide_17hqh_1 layout-padded\">Norge og Marokko n\u00e6rmer seg en avtale om samarbeid for \u00e5 bekjempe grenseoverskridende kriminalitet. Et utkast til avtale mellom norsk og marokkansk politi ligger klar. <\/p>\n<p><img alt=\"Justisminister Astri Aas-Hansen  Foto: G\u00f8ran Bohlin \/ VG\" class=\"_image_qp4xg_65 layout-component layout-wide\" data-fullscreen- data-track-element-type=\"Article image fullscreen\" data-track-name=\"ImageFullscreen\" fetchpriority=\"high\" decoding=\"sync\" loading=\"eager\" height=\"5504\" itemprop=\"image\"  src=\"https:\/\/www.europesays.com\/no\/wp-content\/uploads\/2025\/11\/e46464e5-3b3b-4271-8a78-cac562a1b680\"  style=\"object-position:0% 0%\" width=\"8256\"\/>Justisminister Astri Aas-Hansen  Foto: G\u00f8ran Bohlin \/ VG<\/p>\n<ul aria-hidden=\"true\" class=\"_images_18f0k_111\">\n<li><a class=\"_link_18f0k_116\" href=\"https:\/\/www.vg.no\/forfatter\/alf-bjarne-johnsen\" style=\"z-index:2\" title=\"Alf Bjarne Johnsen\" rel=\"nofollow noopener\" target=\"_blank\"><img alt=\"Bilde av Alf Bjarne Johnsen\" class=\"_image_18f0k_93\" fetchpriority=\"low\" loading=\"lazy\" decoding=\"async\" itemprop=\"image\"  src=\"https:\/\/www.europesays.com\/no\/wp-content\/uploads\/2025\/11\/1762969810_141_a8952b63-f4d3-424e-ab5c-93e67076c9b0\"  width=\"480\"\/><\/a><\/li>\n<li><a class=\"_link_18f0k_116\" href=\"https:\/\/www.vg.no\/forfatter\/morten-s-hopperstad\" style=\"z-index:1\" title=\"Morten S. Hopperstad\" rel=\"nofollow noopener\" target=\"_blank\"><img alt=\"Bilde av Morten S. Hopperstad\" class=\"_image_18f0k_93\" fetchpriority=\"low\" loading=\"lazy\" decoding=\"async\" itemprop=\"image\"  src=\"https:\/\/www.europesays.com\/no\/wp-content\/uploads\/2025\/11\/1762969810_335_93d60eb2-0dd9-4446-a8b8-c143528ca129\"  width=\"480\"\/><\/a><\/li>\n<\/ul>\n<p> Oppdatert onsdag 12. november kl. 17:37     <\/p>\n<p class=\"_paragraph_o9xde_4 _paragraph_xtcu6_10 layout-component text-serif-m layout-normal text-serif-m layout-padded\">Det bekrefter justisminister Astri Aas-Hansen (Ap) overfor VG. <\/p>\n<p class=\"_paragraph_o9xde_4 _paragraph_xtcu6_10 layout-component text-serif-m layout-normal text-serif-m layout-padded\">\u2013 Det er bra at politiet forhandler fram en avtale med marokkanske politimyndigheter om \u00e5 arbeide tettere og bedre sammen for \u00e5 bekjempe grensekryssende organisert kriminalitet. Det er gjort i god dialog med departementet. Jeg er glad for at avtalen n\u00e5 ser ut til \u00e5 bli inng\u00e5tt, skriver hun i en epost. <\/p>\n<p class=\"_paragraph_o9xde_4 _paragraph_xtcu6_10 layout-component text-serif-m layout-normal text-serif-m layout-padded\">If\u00f8lge <a href=\"https:\/\/www.aftenposten.no\/norge\/i\/OoRB73\/norske-narkobaroner-paa-roemmen-i-marokko-naermer-seg-politiavtale\" class=\"_link_o9xde_39\" rel=\"nofollow noopener\" target=\"_blank\">Aftenposten<\/a> har Kripos en liste med 18\u201319 nordmenn som de er i kontakt med marokkansk politi om. Flere av dem er d\u00f8mt eller mistenkt for alvorlig narkotikakriminalitet. <\/p>\n<p>Avtale med Sverige <\/p>\n<p class=\"_paragraph_o9xde_4 _paragraph_xtcu6_10 layout-component text-serif-m layout-normal text-serif-m layout-padded\">Sverige har denne uken f\u00e5tt en<a href=\"https:\/\/www.regeringen.se\/pressmeddelanden\/2025\/11\/fordjupat-samarbete-med-marocko-mot-organiserad-brottslighet\/\" class=\"_link_o9xde_39\" rel=\"nofollow noopener\" target=\"_blank\"> avtale med Marokko <\/a>p\u00e5 plass.<\/p>\n<p class=\"_paragraph_o9xde_4 _paragraph_xtcu6_10 layout-component text-serif-m layout-normal text-serif-m layout-padded\">Tirsdag var den svenske justisministeren Gunnar Str\u00f6mmer i <a href=\"https:\/\/www.vg.no\/tag\/marokko?utm_source=vg-article&amp;utm_medium=auto-tagger&amp;utm_campaign=o3JG67\" class=\"_link_o9xde_39\" rel=\"nofollow noopener\" target=\"_blank\">Marokko<\/a> og undertegnet en intensjonsavtale om \u00abfordypet samarbeid i rettslige sp\u00f8rsm\u00e5l\u00bb med sin marokkanske kollega, justisminister Abdellatif Ouahbi. <\/p>\n<p class=\"_paragraph_o9xde_4 _paragraph_xtcu6_10 layout-component text-serif-m layout-normal text-serif-m layout-padded\">Avtalen legger opp til et samarbeid mellom Sverige og Marokko i form av rettslig hjelp for \u00e5 innhente bevis, og om utlevering, if\u00f8lge en <a href=\"https:\/\/www.regeringen.se\/pressmeddelanden\/2025\/11\/fordjupat-samarbete-med-marocko-mot-organiserad-brottslighet\/\" class=\"_link_o9xde_39\" rel=\"nofollow noopener\" target=\"_blank\">pressemelding.<\/a><\/p>\n<p class=\"_paragraph_o9xde_4 _paragraph_xtcu6_10 layout-component text-serif-m layout-normal text-serif-m layout-padded\">VG er kjent med at et utkast til en intensjonsavtale om politisamarbeid med Marokko, er utarbeidet fra Politidirektoratet. Den ligger n\u00e5 i Justisdepartementet.<\/p>\n<p>Grensekryssende <\/p>\n<p class=\"_paragraph_o9xde_4 _paragraph_xtcu6_10 layout-component text-serif-m layout-normal text-serif-m layout-padded\">Aas-Hansen opplyser til VG at det allerede er etablert et samarbeid mellom Marokko og Norge om bekjempelse av kriminalitet over landegrensene. <\/p>\n<p class=\"_paragraph_o9xde_4 _paragraph_xtcu6_10 layout-component text-serif-m layout-normal text-serif-m layout-padded\">\u2013 Blant annet er begge land tilsluttet sentrale FN-konvensjoner om organisert kriminalitet, narkotika og korrupsjon, som inneholder bestemmelser om utlevering og rettslig samarbeid, skriver hun. <\/p>\n<p class=\"_paragraph_o9xde_4 _paragraph_xtcu6_10 layout-component text-serif-m layout-normal text-serif-m layout-padded\">Justisministeren skriver at norske myndigheter \u00abjobber aktivt og m\u00e5lrettet for \u00e5 bekjempe kriminalitet som rammer oss. N\u00e5r mye av den alvorlige kriminaliteten er grensekryssende, er det sv\u00e6rt viktig at norsk politi kan samarbeide godt med andre lands politimyndigheter.\u00bb<\/p>\n","protected":false},"excerpt":{"rendered":"Norge og Marokko n\u00e6rmer seg en avtale om samarbeid for \u00e5 bekjempe grenseoverskridende kriminalitet. Et utkast til avtale&hellip;\n","protected":false},"author":2,"featured_media":85420,"comment_status":"","ping_status":"","sticky":false,"template":"","format":"standard","meta":{"footnotes":""},"categories":[12],"tags":[2878,20,21,24,25,15,1957,22,23,5882,13,30,28,29,14,16,26,27,42,43,44,45],"class_list":{"0":"post-85419","1":"post","2":"type-post","3":"status-publish","4":"format-standard","5":"has-post-thumbnail","7":"category-verden","8":"tag-astri-aas-hansen-ap","9":"tag-breaking-news","10":"tag-breakingnews","11":"tag-featured-news","12":"tag-featurednews","13":"tag-headlines","14":"tag-kripos","15":"tag-latest-news","16":"tag-latestnews","17":"tag-marokko","18":"tag-news","19":"tag-no","20":"tag-norge","21":"tag-norway","22":"tag-nyheter","23":"tag-overskrifter","24":"tag-top-stories","25":"tag-topstories","26":"tag-verden","27":"tag-world","28":"tag-world-news","29":"tag-worldnews"},"share_on_mastodon":{"url":"https:\/\/pubeurope.com\/@no\/115537997182884785","error":""},"_links":{"self":[{"href":"https:\/\/www.europesays.com\/no\/wp-json\/wp\/v2\/posts\/85419","targetHints":{"allow":["GET"]}}],"collection":[{"href":"https:\/\/www.europesays.com\/no\/wp-json\/wp\/v2\/posts"}],"about":[{"href":"https:\/\/www.europesays.com\/no\/wp-json\/wp\/v2\/types\/post"}],"author":[{"embeddable":true,"href":"https:\/\/www.europesays.com\/no\/wp-json\/wp\/v2\/users\/2"}],"replies":[{"embeddable":true,"href":"https:\/\/www.europesays.com\/no\/wp-json\/wp\/v2\/comments?post=85419"}],"version-history":[{"count":0,"href":"https:\/\/www.europesays.com\/no\/wp-json\/wp\/v2\/posts\/85419\/revisions"}],"wp:featuredmedia":[{"embeddable":true,"href":"https:\/\/www.europesays.com\/no\/wp-json\/wp\/v2\/media\/85420"}],"wp:attachment":[{"href":"https:\/\/www.europesays.com\/no\/wp-json\/wp\/v2\/media?parent=85419"}],"wp:term":[{"taxonomy":"category","embeddable":true,"href":"https:\/\/www.europesays.com\/no\/wp-json\/wp\/v2\/categories?post=85419"},{"taxonomy":"post_tag","embeddable":true,"href":"https:\/\/www.europesays.com\/no\/wp-json\/wp\/v2\/tags?post=85419"}],"curies":[{"name":"wp","href":"https:\/\/api.w.org\/{rel}","templated":true}]}}