{"id":85439,"date":"2025-11-12T18:22:18","date_gmt":"2025-11-12T18:22:18","guid":{"rendered":"https:\/\/www.europesays.com\/no\/85439\/"},"modified":"2025-11-12T18:22:18","modified_gmt":"2025-11-12T18:22:18","slug":"amandaprisen-film-tre-millioner-til-amanda","status":"publish","type":"post","link":"https:\/\/www.europesays.com\/no\/85439\/","title":{"rendered":"Amandaprisen, Film | Tre millioner til Amanda"},"content":{"rendered":"\n<p><b>HAUGESUND: <\/b>Amandaprisen, Norges nasjonale filmpris, mottar et betydelig tilskudd p\u00e5 tre millioner kroner fra Norsk filminstitutt. St\u00f8tten skal sikre gjennomf\u00f8ringen og videreutviklingen av den prestisjetunge filmprisen, som i 2026 arrangeres for 42. gang.<\/p>\n<p>Leder av Amandakomiteen og direkt\u00f8r for Den norske filmfestivalen, Tonje Hardersen, uttrykker stor takknemlighet overfor Norsk filminstitutt og utvalget for den nasjonale filmprisordningen.<\/p>\n<p><b>\u2013 Vi er veldig takknemlig for at Norsk filminstitutt og utvalget for den nasjonale filmpris-ordningen har valgt \u00e5 satse p\u00e5 Amandaprisen<\/b><b>, uttaler Tonje Hardersen.<\/b><\/p>\n<p>Hun legger til at den nye finansieringen endelig gir prisen en skikkelig \u00f8konomisk ryggrad, og \u00e5pner for videreutvikling i samarbeid med filmbransjen.<\/p>\n<p>Nytt i \u00e5r var at prisen m\u00e5tte s\u00f8ke midlene. Amanda konkurrerte med Festivalkontoret (Oslo Pix), men trakk alts\u00e5 det lengste str\u00e5et.<\/p>\n<p>  <a href=\"https:\/\/www.h-avis.no\/5-62-1938156\" class=\"related-teaser has-image default-story-teaser article--c-eRUmMG article--c-eRUmMG-jKCPdD-design-default\" rel=\"nofollow noopener\" target=\"_blank\"><\/p>\n<p>    <img decoding=\"async\" loading=\"lazy\"  src=\"https:\/\/www.europesays.com\/no\/wp-content\/uploads\/2025\/11\/hardersen1.jpeg\" alt=\"\" class=\"brick-c-cFOWSL\" style=\"\"\/><\/p>\n<p>\n            Les ogs\u00e5<\/p>\n<p>              Oslo-festival posisjonerer seg: \u2013 Det er jo en skandale hvis Amanda skulle tape for et luftslott\n        <\/p>\n<p>  <\/a><\/p>\n<p>Dato og sted for 2026-utdelingen er allerede satt: L\u00f8rdag 22. august vil Amandaprisen 2026 bli delt ut i Festiviteten i Haugesund.<\/p>\n<p><b>\u2013 Vi skal ikke legge skjul p\u00e5 at det har v\u00e6rt krevende \u00e5 finansiere Amanda, og ikke minst en direktesendt prisutdeling p\u00e5 TV, de siste \u00e5rene, forklarer Hardersen. <\/b><\/p>\n<p>Hun retter en takk til alle samarbeidspartnere og st\u00f8ttespillere i Rogaland som har bidratt til \u00e5 holde prisen g\u00e5ende.<\/p>\n<p>Kjersti Mo, direkt\u00f8r i Norsk filminstitutt oppgir i en <a href=\"https:\/\/www.nfi.no\/nyheter\/tilskotet-til-nasjonal-filmpris-paa-3-millionar-kroner-gaar-til-den-norske-filmfestivalen-og-amandaprisen?utm_source=alert&amp;utm_medium=email\" rel=\"nofollow noopener\" target=\"_blank\">pressemelding fra NFI<\/a>:<\/p>\n<p><b>\u2013 NFI \u00f8nsker \u00e5 styrke en nasjonal filmpris i Norge. Vi ser at norsk film f\u00e5r priser og anerkjennelse internasjonalt. Samtidig er det god oppslutning om norske filmer p\u00e5 kino her hjemme, s\u00e5 det er viktig \u00e5 feire dem med en nasjonal filmpris som publikum opplever som relevant og som bidrar til \u00e5 l\u00f8fte norsk film, sier hun.<\/b><\/p>\n<p>Hvem som blir nominert og hvem som til slutt stikker av med prisene, avgj\u00f8res av en egen jury.<\/p>\n<p>            Disse sitter i \u00e5rets jury<\/p>\n<p>Jurymedlemmene oppnevnes av de ulike fagforbundene i Amandakomiteen og best\u00e5r av f\u00f8lgende personer: <\/p>\n<p><b>Nicolai Cleve Broch<\/b>, skuespiller <\/p>\n<p><b>Ane Dahl Torp<\/b>, skuespiller <\/p>\n<p><b>Emilie Beck<\/b>, regiss\u00f8r <\/p>\n<p><b>John Andreas Andersen<\/b>, regiss\u00f8r <\/p>\n<p><b>Tanya Badendyck<\/b>, produsent <\/p>\n<p><b>Tore Buvarp<\/b>, produsent <\/p>\n<p><b>Kamilla Krogsveen<\/b>, manusforfatter<\/p>\n<p><b>Tomtom J\u00f8rgensen<\/b>, SFX-artist <\/p>\n<p><b>Kristine Wilhelmsen<\/b>, produksjonsdesigner <\/p>\n<p><b>Martin J. Edelsteen<\/b>, fotograf <\/p>\n<p><b>Robert Steng\u00e5rd<\/b>, klipper <\/p>\n<p><b>Kjetil Bjerkestrand<\/b>, komponist <\/p>\n<p><b>Stig Magne Pedersen<\/b>, kinosjef <\/p>\n<p><b>Anna Nilsson<\/b>, lyddesigner <\/p>\n<p><b>Lene Cecilie J\u00f8rgensen<\/b>, kostyme\/sminke <\/p>\n<p>  <a href=\"https:\/\/www.h-avis.no\/5-62-1946631\" class=\"related-teaser has-image default-story-teaser article--c-eRUmMG article--c-eRUmMG-jKCPdD-design-default\" rel=\"nofollow noopener\" target=\"_blank\"><\/p>\n<p>    <img decoding=\"async\" loading=\"lazy\"  src=\"https:\/\/www.europesays.com\/no\/wp-content\/uploads\/2025\/11\/1762971738_920_cueres_scp-mangler_navn_RjL5U2Et4Ig.jpg\" alt=\"\" class=\"brick-c-cFOWSL\" style=\"\"\/><\/p>\n<p>\n            Les ogs\u00e5<\/p>\n<p>              Dette er Amanda-juryen\n        <\/p>\n<p>  <\/a><\/p>\n","protected":false},"excerpt":{"rendered":"HAUGESUND: Amandaprisen, Norges nasjonale filmpris, mottar et betydelig tilskudd p\u00e5 tre millioner kroner fra Norsk filminstitutt. St\u00f8tten skal&hellip;\n","protected":false},"author":2,"featured_media":85440,"comment_status":"","ping_status":"","sticky":false,"template":"","format":"standard","meta":{"footnotes":""},"categories":[58],"tags":[11382,36,2115,71,460,1337,30,28,29,253,1510,72],"class_list":{"0":"post-85439","1":"post","2":"type-post","3":"status-publish","4":"format-standard","5":"has-post-thumbnail","7":"category-underholdning","8":"tag-amandaprisen","9":"tag-art","10":"tag-den-norske-filmfestivalen","11":"tag-entertainment","12":"tag-film","13":"tag-haugesund","14":"tag-no","15":"tag-norge","16":"tag-norway","17":"tag-priser","18":"tag-story","19":"tag-underholdning"},"share_on_mastodon":{"url":"https:\/\/pubeurope.com\/@no\/115538122940302190","error":""},"_links":{"self":[{"href":"https:\/\/www.europesays.com\/no\/wp-json\/wp\/v2\/posts\/85439","targetHints":{"allow":["GET"]}}],"collection":[{"href":"https:\/\/www.europesays.com\/no\/wp-json\/wp\/v2\/posts"}],"about":[{"href":"https:\/\/www.europesays.com\/no\/wp-json\/wp\/v2\/types\/post"}],"author":[{"embeddable":true,"href":"https:\/\/www.europesays.com\/no\/wp-json\/wp\/v2\/users\/2"}],"replies":[{"embeddable":true,"href":"https:\/\/www.europesays.com\/no\/wp-json\/wp\/v2\/comments?post=85439"}],"version-history":[{"count":0,"href":"https:\/\/www.europesays.com\/no\/wp-json\/wp\/v2\/posts\/85439\/revisions"}],"wp:featuredmedia":[{"embeddable":true,"href":"https:\/\/www.europesays.com\/no\/wp-json\/wp\/v2\/media\/85440"}],"wp:attachment":[{"href":"https:\/\/www.europesays.com\/no\/wp-json\/wp\/v2\/media?parent=85439"}],"wp:term":[{"taxonomy":"category","embeddable":true,"href":"https:\/\/www.europesays.com\/no\/wp-json\/wp\/v2\/categories?post=85439"},{"taxonomy":"post_tag","embeddable":true,"href":"https:\/\/www.europesays.com\/no\/wp-json\/wp\/v2\/tags?post=85439"}],"curies":[{"name":"wp","href":"https:\/\/api.w.org\/{rel}","templated":true}]}}