{"id":85460,"date":"2025-11-12T18:44:07","date_gmt":"2025-11-12T18:44:07","guid":{"rendered":"https:\/\/www.europesays.com\/no\/85460\/"},"modified":"2025-11-12T18:44:07","modified_gmt":"2025-11-12T18:44:07","slug":"hva-er-egentlig-barnas-beste-nar-foreldrene-krangler-om-samvaer-buskerud","status":"publish","type":"post","link":"https:\/\/www.europesays.com\/no\/85460\/","title":{"rendered":"Hva er egentlig barnas beste n\u00e5r foreldrene krangler om samv\u00e6r \u2013 Buskerud"},"content":{"rendered":"<p>Drammen v\u00e5ren 2023:<\/p>\n<p>Leon som er i midten av 30-\u00e5rene, har nylig blitt pappa igjen.<\/p>\n<p>Han jobber mye. Er sjelden hjemme, eller kommer sent hjem.<\/p>\n<p>Men det er ikke i byggebransjen han tjener penger slik samboeren tror.<\/p>\n<p><strong>Han kj\u00f8per og selger narkotika. Hasj og kokain. <\/strong><\/p>\n<p><strong>Store mengder. Det er mye penger i oml\u00f8p. <\/strong><\/p>\n<p>Og han blir stadig mer gr\u00e5dig og tar st\u00f8rre risiko.<\/p>\n<p>Men vet ikke at politiet har drevet skjult etterforskning i lang tid.<\/p>\n<p>Flere han samarbeider med p\u00e5gripes og avh\u00f8res.<\/p>\n<p>Telefonene hans er avlyttet. Og politiet vet stort sett alt han driver med skjult bak fasaden som familiefar.<\/p>\n<p><strong>S\u00e5 blir han tatt. <\/strong><\/p>\n<p><img decoding=\"async\"   src=\"data:image\/gif;base64,R0lGODlhAQABAIAAAAAAAP\/\/\/yH5BAEAAAAALAAAAAABAAEAAAIBRAA7\" loading=\"eager\" alt=\"en mann som ser ut av et vindu\" title=\"Foto: Anders Haualand \/ NRK\"\/><\/p>\n<p class=\"\">Leon valgte \u00e5 legge nesten alle kort p\u00e5 bordet da han ble tatt av politiet og satt i varetekt. <\/p>\n<p>Foto: Anders Haualand \/ NRK<\/p>\n<p>Det verste er ikke at han er tatt med buksene ned.<\/p>\n<p>Eller kommer til \u00e5 sitte inne i mange \u00e5r.<\/p>\n<p><strong>Det verste er at han aldri skal f\u00e5 se barna vokse opp.<\/strong><\/p>\n<p>Eller enda verre. Kommer de til \u00e5 bes\u00f8ke pappa i fengsel mens han soner den lange straffen?<\/p>\n<p>For \u00e5 beskytte barna, har vi valgt \u00e5 anonymisere foreldrene. Og kaller mannen i 30-\u00e5rene for Leon.<\/p>\n<p>NRK har snakket med Leons ekssamboer. Hun \u00f8nsker ikke \u00e5 kommentere saken. Eller at advokaten som bist\u00e5r henne i saken om samv\u00e6r, skal uttale seg. <\/p>\n<p><img decoding=\"async\"   src=\"data:image\/gif;base64,R0lGODlhAQABAIAAAAAAAP\/\/\/yH5BAEAAAAALAAAAAABAAEAAAIBRAA7\" loading=\"eager\" alt=\"Et hvitt skilt med svart tekst\" title=\"\"\/><\/p>\n<p>Dobbeltlivet avsl\u00f8res<\/p>\n<p>Leon f\u00e5r bes\u00f8k av samboeren og barna et par ganger mens han sitter i varetekt i over et \u00e5r.<\/p>\n<p>Og han f\u00e5r se bilder og videoer av dem.<\/p>\n<p><strong>Men s\u00e5 er det br\u00e5tt slutt. <\/strong><\/p>\n<p>Dobbeltlivet og alle detaljer avsl\u00f8res <a href=\"https:\/\/www.nrk.no\/buskerud\/drammenser-innrommer-narkotikasalg-med-stor-fortjeneste_-_-jeg-er-tatt-med-buksa-nede-1.17091719\" ec-id=\"pp:article:1.17091719\" ec-name=\"da rettssaken starter h\u00f8sten 2024.\" rel=\"nofollow noopener\" target=\"_blank\">da rettssaken starter h\u00f8sten 2024.<\/a><\/p>\n<p>Han er tiltalt sammen med tre andre etter den s\u00e5kalte mafiaparagrafen i straffeloven.<\/p>\n<p>Organisert kriminalitet.<\/p>\n<p>Samboeren ombestemmer seg.<\/p>\n<p>Og Leon skj\u00f8nner at det kan bli vanskelig \u00e5 f\u00e5 treffe barna igjen.<\/p>\n<p>Han velger \u00e5 legge nesten alle kort p\u00e5 bordet under rettssaken.<\/p>\n<p>I h\u00e5p om kortest mulig fengselsstraff.<\/p>\n<p>Han vil ikke miste kontakten med barna.<\/p>\n<p>Men tingrettens dom er fengsel i 14 \u00e5r og 6 m\u00e5neder.<\/p>\n<p><img decoding=\"async\"   src=\"data:image\/gif;base64,R0lGODlhAQABAIAAAAAAAP\/\/\/yH5BAEAAAAALAAAAAABAAEAAAIBRAA7\" loading=\"eager\" alt=\"en mann som \u00e5pner en d\u00f8r i et fengsel\" title=\"Foto: Anders Haualand \/ NRK\"\/><\/p>\n<p class=\"\">Leon skj\u00f8nte han kom til \u00e5 f\u00e5 mange \u00e5r i fengsel da han ble tatt v\u00e5ren 2023.<\/p>\n<p>Foto: Anders Haualand \/ NRK<\/p>\n<p><img decoding=\"async\"   src=\"data:image\/gif;base64,R0lGODlhAQABAIAAAAAAAP\/\/\/yH5BAEAAAAALAAAAAABAAEAAAIBRAA7\" loading=\"eager\" alt=\"Et hvitt skilt med svart tekst\" title=\"\"\/><\/p>\n<p>Leon saks\u00f8ker eksen<\/p>\n<p>I varetekt m\u00f8ter han mange i samme situasjon.<\/p>\n<p>Som sjelden eller aldri ser barna sine.<\/p>\n<p>If\u00f8lge Leon kjenner de ikke sine rettigheter og muligheter.<\/p>\n<p><strong>Han sier det er en av grunnene til at han stiller opp i denne saken.<\/strong><\/p>\n<p>Barna bor hos moren sin. Som har blitt hans ekssamboer.<\/p>\n<p>Han mener derfor det haster \u00e5 bli enige om at han skal f\u00e5 se barna igjen.<\/p>\n<p><strong>Utgangspunktet etter barneloven er at den av foreldrene som ikke har den daglige omsorgen for barna, har rett til samv\u00e6r med dem.<\/strong><\/p>\n<p>Ogs\u00e5 n\u00e5r de sitter i varetekt eller soner en dom i fengsel.<\/p>\n<p><strong>Og siden eksen nekter, har Leon saks\u00f8kt henne.<\/strong><\/p>\n<p>N\u00e5 blir det opp til en dommer i tingretten \u00e5 bestemme om han skal f\u00e5 jevnlige samv\u00e6r med barna mens han soner dommen for grov narkotika kriminalitet.<\/p>\n<p><img decoding=\"async\"   src=\"data:image\/gif;base64,R0lGODlhAQABAIAAAAAAAP\/\/\/yH5BAEAAAAALAAAAAABAAEAAAIBRAA7\" loading=\"eager\" alt=\"gitter med barn bak\" title=\"\"\/><\/p>\n<p>\u2013 Det er mange som boikotter samv\u00e6r<\/p>\n<p>I 2007 ble det lovp\u00e5lagt med mekling ogs\u00e5 for samboere med felles barn, ikke bare for gifte.<\/p>\n<p>If\u00f8lge daglig leder Rune R\u00e6kken i Foreningen 2 Foreldre er det derfor flere som er bevisst p\u00e5 sine rettigheter og tar opp kampen om samv\u00e6r med barna sine.<\/p>\n<p><strong>\u2013 Men avtaler som er meklet fram, er ikke det samme som at en far eller mor f\u00e5r se barna like mye som er avtalt. <\/strong><\/p>\n<p>Foreningen merker \u00f8kt p\u00e5gang av foreldre som boikotter samv\u00e6r etter et samlivsbrudd.<\/p>\n<p>Uavhengig om den ene sitter i fengsel eller ikke, if\u00f8lge R\u00e6kken. Og det kan bli en dyr aff\u00e6re \u00e5 g\u00e5 til sak og kjempe om \u00e5 f\u00e5 samv\u00e6r om man ikke f\u00e5r innvilget fri rettshjelp.<\/p>\n<ul class=\"dhpg__gallery__list\">\n<li class=\"dhpg__gallery__listItem\"><img alt=\"Rune Harald R\u00e6kken, en mann i dress og slips\"  width=\"2400\" height=\"2400\" loading=\"lazy\"\/>\n<ul>\n<li>Rune Harald R\u00e6kken, leder Foreningen 2 Foreldre<\/li>\n<\/ul>\n<\/li>\n<\/ul>\n<p><strong>\u2013 Samv\u00e6rssabotasje eller hindring av samv\u00e6r, er et generelt problem som f\u00f8lges for d\u00e5rlig opp i Norge. Og som f\u00f8rer til at 46.000 barn og unge ikke f\u00e5r se den ene forelderen like mye eller ofte som de har krav p\u00e5, eller som er avtalt. <\/strong><\/p>\n<p>Foreningen \u00f8nsker derfor strengere regler som skal sikre barnets samv\u00e6r med den forelderen som ikke bor sammen med barna i det daglige.<\/p>\n<p><strong>\u2013 Fordi det i praksis ikke f\u00e5r konsekvenser \u00e5 boikotte samv\u00e6r selv om det b\u00e5de er en rettighet og avtalt.<\/strong><\/p>\n<p>Om samv\u00e6r med barn etter brudd<\/p>\n<p>Det er lovp\u00e5lagt mekling dersom man har barn under 16 \u00e5r sammen og g\u00e5r fra hverandre.<\/p>\n<p>Det ble if\u00f8lge Bufdir gjennomf\u00f8rt i overkant av 19.100 meklinger med oppm\u00f8te i 2023.<\/p>\n<p>Det er en \u00f8kning p\u00e5 3 prosent fra \u00e5ret f\u00f8r.<\/p>\n<p>Etter brudd mellom foreldre kan barnet\/barna enten bo fast hos en av dem og ha samv\u00e6r med den andre. Eller bo fast hos begge foreldrene.<\/p>\n<p>Dr\u00f8yt halvparten av sakene endte med at det ble inng\u00e5tt en avtale mellom foreldrene om barna.<\/p>\n<p>Konflikter med den andre forelderen blir sjeldnere rapportert av foreldre som har blitt enige om delt bosted for barna.<\/p>\n<p>Kilde : Bufdir<\/p>\n<p><img decoding=\"async\"   src=\"data:image\/gif;base64,R0lGODlhAQABAIAAAAAAAP\/\/\/yH5BAEAAAAALAAAAAABAAEAAAIBRAA7\" loading=\"eager\" alt=\"en familie i papir\" title=\"\"\/><\/p>\n<p>\u2013 Jeg er jo ikke d\u00f8d<\/p>\n<p>H\u00f8sten 2025: NRK bes\u00f8ker Leon i fengsel mens narkotika-ankesaken behandles i lagmannsretten. <\/p>\n<p><strong>\u2013 Jeg er jo ikke d\u00f8d, jeg eksisterer. Og tenker at det er best for barna \u00e5 ha kontakt med meg. Selv om jeg sitter i fengsel. Etter hvert f\u00e5r jeg jo permisjon flere ganger i \u00e5ret. <\/strong><\/p>\n<p>Han forteller at kampen for \u00e5 se barna holder motivasjonen oppe bak murene.<\/p>\n<p>Og at han har tatt tak i seg selv b\u00e5de fysisk og psykisk.<\/p>\n<p>At han trener og studerer.<\/p>\n<p><strong>\u2013 Jeg har drevet med kriminalitet hele livet, men n\u00e5 er det slutt. Mitt hovedfokus her inne er at jeg skal bli den beste pappaen for barna mine. N\u00e5r jeg kommer ut skal jeg betale gjelda og tjene penger p\u00e5 lovlig vis. <\/strong><\/p>\n<p>Har forteller at han allerede har tatt ett fagbrev og holder p\u00e5 med neste.<\/p>\n<p>    <img alt=\"et vindu med gardiner og en hylle med b\u00f8ker og et vindu\"  loading=\"lazy\"\/><img alt=\"en persons ben og hender\"  loading=\"lazy\"\/><\/p>\n<p>I fengselet har Leon truffet mange som sjelden eller aldri f\u00e5r bes\u00f8k av barna. <\/p>\n<p>Leon mener det er enklere \u00e5 skape en relasjon til barna n\u00e5 mens de er sm\u00e5. Og at det ikke er skadelig for barna \u00e5 komme p\u00e5 bes\u00f8k.<\/p>\n<p>\u2013 De forst\u00e5r jo ikke begrepet fengsel en gang, men for meg er det viktigste \u00e5 f\u00e5 se dem. Det kan gjerne v\u00e6re samv\u00e6r med tilsyn utenfor murene.<\/p>\n<p><strong>Men kommer ekssamboeren til \u00e5 gi seg?<\/strong><\/p>\n<p><img decoding=\"async\"   src=\"data:image\/gif;base64,R0lGODlhAQABAIAAAAAAAP\/\/\/yH5BAEAAAAALAAAAAABAAEAAAIBRAA7\" loading=\"eager\" alt=\"gitter\" title=\"\"\/><\/p>\n<p>\u00c5rlig har tusenvis av barn en forelder i fengsel<\/p>\n<p>\u00c5rlig opplever mellom 6000 og 9000 barn i Norge at mor eller far sitter i fengsel, if\u00f8lge Foreningen for Fangers P\u00e5r\u00f8rende.<\/p>\n<p>I Ringerike fengsel som er et stort fengsel for menn p\u00e5 \u00f8stlandet, soner b\u00e5de varetektsinnsatte og langtidsd\u00f8mte, forteller fengselsleder Eirik Bergstedt.<\/p>\n<ul class=\"dhpg__gallery__list\">\n<li class=\"dhpg__gallery__listItem\"><img alt=\"Eirik Bergstedt i uniform\"  width=\"2400\" height=\"2400\" loading=\"lazy\"\/>Eirik Bergstedt\n<ul>\n<li>Eirk Bergstedt, fengselsleder<\/li>\n<\/ul>\n<\/li>\n<\/ul>\n<p><strong>\u2013 Det finnes solid forskning som viser at en god relasjon til familien spiller en viktig rolle. B\u00e5de under soning og for en vellykket tilbakef\u00f8ring til samfunnet etterp\u00e5. <\/strong><\/p>\n<p>Selv om det er mange som ikke ser barna s\u00e5 ofte, er det lagt til rette for \u00e5 ha bes\u00f8k og kontakt med barn.<\/p>\n<p>B\u00e5de Ringerike og andre norske fengsler har egne hus eller lokaler hvor innsatte kan ha bes\u00f8k av barna sine under soning.<\/p>\n<p><img decoding=\"async\"   src=\"data:image\/gif;base64,R0lGODlhAQABAIAAAAAAAP\/\/\/yH5BAEAAAAALAAAAAABAAEAAAIBRAA7\" loading=\"eager\" alt=\"Et hvitt skilt med svart tekst\" title=\"\"\/><\/p>\n<p>Barnets rettigheter<\/p>\n<p><img decoding=\"async\"   src=\"data:image\/gif;base64,R0lGODlhAQABAIAAAAAAAP\/\/\/yH5BAEAAAAALAAAAAABAAEAAAIBRAA7\" loading=\"eager\" alt=\"skikkelse\" title=\"Illustrasjon: Karoline Busnes Forberg \/ NRK\"\/><\/p>\n<p>Illustrasjon: Karoline Busnes Forberg \/ NRK<\/p>\n<ul>\n<li><a href=\"https:\/\/lovdata.no\/dokument\/NL\/lov\/1981-04-08-7\" ec-id=\"https:\/\/lovdata.no\/dokument\/NL\/lov\/1981-04-08-7\" ec-name=\"Barneloven\" rel=\"nofollow noopener\" target=\"_blank\">Barneloven<\/a> gir barn rett til samv\u00e6r med begge foreldrene, ogs\u00e5 n\u00e5r foreldrene ikke bor sammen.<\/li>\n<li>Utgangspunktet er at samv\u00e6ret skal skje ut fra hva som vil v\u00e6re best for barnet.<\/li>\n<li><a href=\"https:\/\/www.regjeringen.no\/globalassets\/upload\/kilde\/bfd\/bro\/2004\/0004\/ddd\/pdfv\/178931-fns_barnekonvensjon.pdf\" ec-id=\"https:\/\/www.regjeringen.no\/globalassets\/upload\/kilde\/bfd\/bro\/2004\/0004\/ddd\/pdfv\/178931-fns_barnekonvensjon.pdf\" ec-name=\"FNs konvensjon om barnets rettigheter\" rel=\"nofollow noopener\" target=\"_blank\">FNs konvensjon om barnets rettigheter<\/a> (Barnekonvensjonen) er en internasjonal avtale om barns rettigheter.<\/li>\n<li>Fra 2003 gjelder barnekonvensjonen som norsk lov, og den har en spesiell status ved at den g\u00e5r foran andre norske lover dersom de st\u00e5r mot hverandre.<\/li>\n<li>Ved handlinger og i avgj\u00f8relser som gjelder barn, skal det som er det beste for barnet vurderes s\u00e6rskilt og v\u00e6re et grunnleggende hensyn.  Kilde: Lovdata<\/li>\n<\/ul>\n<p>Foreldrekrangling havner i retten<\/p>\n<p>Hvert \u00e5r opplever mer enn 20.000 barn at foreldrene g\u00e5r fra hverandre, if\u00f8lge Barneombudet.<\/p>\n<p>Dersom foreldrene ikke blir enige etter mekling p\u00e5 familievernkontoret, eller p\u00e5 egen h\u00e5nd, kan saken havne i retten.<\/p>\n<p>Uavhengig av hvor foreldrene bosetter seg etter bruddet.<\/p>\n<p>Eller om en sitter i fengsel. Som i Leons tilfelle.<\/p>\n<p>If\u00f8lge Norges Domstoler var det i fjor 2658 saker der foreldre kranglet om blant annet samv\u00e6r med barn etter brudd.<\/p>\n<p><strong>Det er en \u00f8kning p\u00e5 cirka 3 prosent fra \u00e5ret f\u00f8r. Og flere enn noen av de fire foreg\u00e5ende \u00e5rene. <\/strong><\/p>\n<p><img decoding=\"async\"   src=\"data:image\/gif;base64,R0lGODlhAQABAIAAAAAAAP\/\/\/yH5BAEAAAAALAAAAAABAAEAAAIBRAA7\" loading=\"eager\" alt=\"Buskerud tingrett \" title=\"Foto: Kate Barth-Nilsen \/ NRK\"\/><\/p>\n<p class=\"\">Dersom foreldrene ikke blir enige om bosted og samv\u00e6r blir det hovedforhandling i retten. <\/p>\n<p>Foto: Kate Barth-Nilsen \/ NRK<\/p>\n<p>Hva er best for barna?<\/p>\n<p>Psykolog Helga Brun har jobbet som sakkyndig i foreldretvistsaker i domstolen i over 15 \u00e5r.<\/p>\n<p>Hun kjenner ikke saken om Leon og hans ekssamboer og uttaler seg generelt.<\/p>\n<p>Men uavhengig av hvor foreldrene bosetter seg etter et brudd, eller en av foreldrene sitter i fengsel, forst\u00e5r hun at mor eller far kan g\u00e5 til det skritt \u00e5 boikotte samv\u00e6r.<\/p>\n<p><strong>\u2013 Ja, det er jo ofte sterke f\u00f8lelser i sving. Det er forst\u00e5elig. Men barn har rett til samv\u00e6r og relasjon til begge foreldrene. Og det er kjempeviktig i barns liv. Relasjon bygger man i barndommen. <\/strong><\/p>\n<ul class=\"dhpg__gallery__list\">\n<li class=\"dhpg__gallery__listItem\"><img alt=\"en person som sitter foran en datamaskin\"  width=\"2400\" height=\"2400\" loading=\"lazy\"\/>Helga Brun\n<ul>\n<li>Psykolog, sakkyndig i foreldretvissaker<\/li>\n<\/ul>\n<\/li>\n<\/ul>\n<p>Hun presiserer at det skal v\u00e6re en individuell vurdering i hver enkelt sak.<\/p>\n<p>Selv om konfliktene er store i mange saker, blir det enighet om en samv\u00e6rsavtale i 80 og 90 prosent av sakene som kommer til retten, if\u00f8lge Brun.<\/p>\n<p><strong>\u2013 Og det er veldig gledelig. At de s\u00f8ker hjelp og f\u00e5r hjelp til \u00e5 l\u00f8se problemene.<\/strong><\/p>\n<p><img decoding=\"async\"   src=\"data:image\/gif;base64,R0lGODlhAQABAIAAAAAAAP\/\/\/yH5BAEAAAAALAAAAAABAAEAAAIBRAA7\" loading=\"eager\" alt=\"en familie i papir\" title=\"\"\/><\/p>\n<p>\u2013 M\u00e5 ikke gj\u00f8re det skremmende<\/p>\n<p>\u2013 Barnas beste m\u00e5 gjelde uavhengig av om en av foreldrene sitter i fengsel eller ikke. Barna skal jo ikke straffes for det. <\/p>\n<p>Psykologen mener det ikke er mer skremmende enn man gj\u00f8r det til \u00e5 treffe en mamma eller pappa som sitter i fengsel.<\/p>\n<p><strong>\u2013 Jeg tenker det er lurt \u00e5 starte tidlig slik at barna ikke opplever det som noe angstfylt, men som noe naturlig de er vant med fra s\u00e5 lenge de husker. Og alt m\u00e5 tilrettelegges p\u00e5 en god m\u00e5te selvf\u00f8lgelig.<\/strong><\/p>\n<p><img decoding=\"async\"   src=\"data:image\/gif;base64,R0lGODlhAQABAIAAAAAAAP\/\/\/yH5BAEAAAAALAAAAAABAAEAAAIBRAA7\" loading=\"eager\" alt=\"Et hvitt skilt med svart tekst\" title=\"\"\/><\/p>\n<p><strong>Hva mener andre om barnas beste n\u00e5r foreldre krangler?<\/strong> <strong>Uavhengig av om en sitter i fengsel. Sveip til h\u00f8yre og les: <\/strong><\/p>\n<ul data-scroll-container=\"\" role=\"list\">\n<li><img alt=\"hender som strekker seg etter hverandre\"  width=\"3840\" height=\"2153\" loading=\"lazy\"\/>Foreningen for Fangers P\u00e5r\u00f8rende :\n<p>Foreningens generelle anbefaling er at dersom barnet har hatt god kontakt f\u00f8r soning, kan det v\u00e6re viktig \u00e5 opprettholde kontakten.<\/p>\n<p>Ja, vi kan godt forst\u00e5 mors perspektiv, men ogs\u00e5 far som \u00f8nsker kontakt med barna, skriver r\u00e5dgiver Marte Blakstad Lehn i en epost til NRK. <\/p>\n<p>Samtidig er det ikke alltid til barnets beste \u00e5 ha kontakt med den innsatte under soning. Det handler om en helhetsvurdering. <\/p>\n<\/li>\n<li><img alt=\"skygge av et barn\"  width=\"3840\" height=\"2153\" loading=\"lazy\"\/>Foreningen F2F  :\n<p>Foreldre-barn organisasjonen mener at b\u00e5de mor og far er viktig\u00a0 for barnet. <\/p>\n<p><strong>\u2013Hindring av samv\u00e6r tvinger den som \u00f8nsker \u00e5 se barna \u00e5 g\u00e5 til sak for \u00e5 forsvare barnets rettighet, skriver leder Rune Harald R\u00e6kken i en epost til NRK.<\/strong><\/p>\n<p>\u2013Rettsavgj\u00f8relser skal respekteres. Eller ankes.\u00a0 \u00c5 boikotte avgj\u00f8relsen, er uakseptabel selvtekt. En som er part i saken kan ikke opptre som en slags overdommer.\u00a0\u00a0 <\/p>\n<\/li>\n<li><img alt=\"Barn rosa\"  width=\"3840\" height=\"2159\" loading=\"lazy\"\/>Barneombudet :\n<p>Barneombudet kan ikke kommentere enkeltsaker f\u00e5r NRK opplyst n\u00e5r vi sp\u00f8r om hvorfor det er til barnas beste at Annas eks-mann som soner en lang dom, skal ha samv\u00e6r med barna. <\/p>\n<p>Men prinsippet om barnets beste er det grunnleggende i alt barnefaglig arbeid. <\/p>\n<p>P\u00e5 generelt grunnlag er det barnets grunnleggende behov for beskyttelse og omsorg skal vektlegges framfor foreldrenes rettigheter. <\/p>\n<\/li>\n<li><img alt=\"En gruppe sm\u00e5 hvite leker\"  width=\"3840\" height=\"2159\" loading=\"lazy\"\/>Helsestasjonen :\n<p>Helsestasjonen et gratis og lovp\u00e5lagt helsetilbud for barn og foreldre, fra f\u00f8dsel til skolestart.<\/p>\n<p>Men det ligger ikke i helsestasjonens mandat \u00e5 gi r\u00e5d i konflikter der foreldre krangler om for eksempel samv\u00e6r. <\/p>\n<p>\u2013 I saker hvor det er konflikter blir de bedt om \u00e5 ta kontakt med Familievernkontoret eller andre som har megling som sin rolle, sier virksomhetsleder Inger \u00d8verland i Drammen kommune. <\/p>\n<\/li>\n<\/ul>\n<p>Leon m\u00f8ter eksen i retten<\/p>\n<p>September 2025:<\/p>\n<p>Leon og ekssamboeren m\u00f8tes i tingretten.<\/p>\n<p>De skal pr\u00f8ve \u00e5 finne en l\u00f8sning om samv\u00e6r.<\/p>\n<p>Slik at det ikke ender med en hovedforhandling og dom.<\/p>\n<p>Leon \u00f8nsker \u00e5 se barna s\u00e5 snart som mulig og flere ganger i \u00e5ret.<\/p>\n<p>Selv om barna er sm\u00e5 og ikke har noe forhold til han per n\u00e5.<\/p>\n<p>\u2013 Kan du forst\u00e5 din ekssamboer?<\/p>\n<p>\u2013 Ja, jeg har meg selv \u00e5 takke. Jeg pr\u00f8vde jo \u00e5 skjule for alle hva jeg drev med for \u00e5 holde fasaden. Men vi har en lov i Norge som sier at b\u00e5de mor og far skal v\u00e6re i livet til barna. Og uansett om jeg sitter i fengsel vil jeg bruke den loven for alt den er verdt.<\/p>\n<p>NRK har snakket med Leons ekssamboer som ikke \u00f8nsker \u00e5 kommentere saken. <\/p>\n<p><img decoding=\"async\"   src=\"data:image\/gif;base64,R0lGODlhAQABAIAAAAAAAP\/\/\/yH5BAEAAAAALAAAAAABAAEAAAIBRAA7\" loading=\"eager\" alt=\"en familie i papir\" title=\"\"\/><\/p>\n<p>Er kampen over?<\/p>\n<p><strong>Etter noen uker kommer avgj\u00f8relsen.<\/strong><\/p>\n<p>\u00abRetten anser det som viktig at kontakten mellom far og barna reetableres og opprettholdes.\u00bb<\/p>\n<p>I den midlertidige avgj\u00f8relsen fra tingretten st\u00e5r det at Leon skal ha samv\u00e6r med barna 4\u20136 ganger i \u00e5ret.<\/p>\n<p>Men med st\u00f8ttet tilsyn frem til det foreligger en rettskraftig avgj\u00f8relse i saken.<\/p>\n<p><strong>\u2013 Men betyr det at Leons kamp for \u00e5 se barna er over?<\/strong><\/p>\n<p>If\u00f8lge Leons advokat er det dialog med barnas mor om \u00e5 avtale tid og sted for et m\u00f8te utenfor fengslet.<\/p>\n<p><img decoding=\"async\"   src=\"data:image\/gif;base64,R0lGODlhAQABAIAAAAAAAP\/\/\/yH5BAEAAAAALAAAAAABAAEAAAIBRAA7\" loading=\"eager\" alt=\"en lekebrannbil\" title=\"Foto: Anders Haualand \/ NRK\"\/><\/p>\n<p class=\"\">Leon h\u00e5per han f\u00e5r treffe barna utenfor fengselet snart. Kirkens Bymisjon har lokaler i flere byer og tilrettelegger slike samv\u00e6r.<\/p>\n<p>Foto: Anders Haualand \/ NRK<\/p>\n<p><strong>Leon h\u00e5per det kan bli et m\u00f8te med barna f\u00f8r jul.<\/strong><\/p>\n<p>Men dersom ekssamboeren boikotter den midlertidige avgj\u00f8relsen, kan det bli lenge til.<\/p>\n<p>For da blir det en rettssak.<\/p>\n<p>Da skal en eventuell avtale om samv\u00e6r bli fastsl\u00e5tt ved dom. Hvis ikke Leon og barnas mor blir enige f\u00f8r det.<\/p>\n<p>Dommen fra Borgarting lagmannsrett i straffesaken mot Leon er ventet i slutten av november.<\/p>\n<p>    Hei !<\/p>\n<p>Takk for at du leser.\u00a0<\/p>\n<p>Har du vokst opp mens en av\u00a0foreldrene dine satt i fengsel ? Har du erfaringer med \u00e5 bes\u00f8ke en forelder i fengsel ? Eller erfaring med at du ikke har f\u00e5tt sett den ene forelderen din jevnlig\u00a0fordi foreldrene sine har v\u00e6rt uvenner eller uenige om samv\u00e6r ? Eller er du en far eller mor som boikotter samv\u00e6r fordi du mener det ikke er til barnas beste ?\u00a0\u00a0Ta gjerne kontakt med meg. Alle henvendelser behandles\u00a0konfidensielt.<\/p>\n<p>Tidligere har jeg blant annet skrevet om <a href=\"https:\/\/www.nrk.no\/buskerud\/tabubelagt-a-snakke-om-kvinner-som-slar-menn-_-na-skal-det-forskes-pa-menn-som-blir-utsatt-for-vold-1.16751994\" rel=\"nofollow noopener\" target=\"_blank\">at det forskes p\u00e5 menn som sl\u00e5r kvinner<\/a>, at<a href=\"https:\/\/www.nrk.no\/buskerud\/anmelder-familievold_-men-fa-saker-havner-i-retten-1.16732608\" rel=\"nofollow noopener\" target=\"_blank\"> kun et f\u00e5tall familievoldssaker havner i retten<\/a>,\u00a0 om<a href=\"https:\/\/www.nrk.no\/buskerud\/dagtilbudet-ved-krisesenteret-kan-redde-flere-kvinner-1.16836429\" rel=\"nofollow noopener\" target=\"_blank\"> Dagtilbudet p\u00e5 krisesentrene<\/a>\u00a0og <a href=\"https:\/\/www.nrk.no\/buskerud\/xl\/fettet-forsvant-men-overflodig-hud-skaper-problemer-etter-slanking-1.17382857\" rel=\"nofollow noopener\" target=\"_blank\">Slankingens bakside.\u00a0\u00a0\u00a0<\/a><\/p>\n<p>Har du innspill eller tips om noe vi b\u00f8r skrive om ? Kontakt meg gjerne p\u00e5 epost.\u00a0<\/p>\n","protected":false},"excerpt":{"rendered":"Drammen v\u00e5ren 2023: Leon som er i midten av 30-\u00e5rene, har nylig blitt pappa igjen. Han jobber mye.&hellip;\n","protected":false},"author":2,"featured_media":85461,"comment_status":"","ping_status":"","sticky":false,"template":"","format":"standard","meta":{"footnotes":""},"categories":[10],"tags":[20,21,24,25,15,22,23,13,30,28,29,14,16,26,27],"class_list":{"0":"post-85460","1":"post","2":"type-post","3":"status-publish","4":"format-standard","5":"has-post-thumbnail","7":"category-norge","8":"tag-breaking-news","9":"tag-breakingnews","10":"tag-featured-news","11":"tag-featurednews","12":"tag-headlines","13":"tag-latest-news","14":"tag-latestnews","15":"tag-news","16":"tag-no","17":"tag-norge","18":"tag-norway","19":"tag-nyheter","20":"tag-overskrifter","21":"tag-top-stories","22":"tag-topstories"},"share_on_mastodon":{"url":"https:\/\/pubeurope.com\/@no\/115538209432031427","error":""},"_links":{"self":[{"href":"https:\/\/www.europesays.com\/no\/wp-json\/wp\/v2\/posts\/85460","targetHints":{"allow":["GET"]}}],"collection":[{"href":"https:\/\/www.europesays.com\/no\/wp-json\/wp\/v2\/posts"}],"about":[{"href":"https:\/\/www.europesays.com\/no\/wp-json\/wp\/v2\/types\/post"}],"author":[{"embeddable":true,"href":"https:\/\/www.europesays.com\/no\/wp-json\/wp\/v2\/users\/2"}],"replies":[{"embeddable":true,"href":"https:\/\/www.europesays.com\/no\/wp-json\/wp\/v2\/comments?post=85460"}],"version-history":[{"count":0,"href":"https:\/\/www.europesays.com\/no\/wp-json\/wp\/v2\/posts\/85460\/revisions"}],"wp:featuredmedia":[{"embeddable":true,"href":"https:\/\/www.europesays.com\/no\/wp-json\/wp\/v2\/media\/85461"}],"wp:attachment":[{"href":"https:\/\/www.europesays.com\/no\/wp-json\/wp\/v2\/media?parent=85460"}],"wp:term":[{"taxonomy":"category","embeddable":true,"href":"https:\/\/www.europesays.com\/no\/wp-json\/wp\/v2\/categories?post=85460"},{"taxonomy":"post_tag","embeddable":true,"href":"https:\/\/www.europesays.com\/no\/wp-json\/wp\/v2\/tags?post=85460"}],"curies":[{"name":"wp","href":"https:\/\/api.w.org\/{rel}","templated":true}]}}