{"id":85523,"date":"2025-11-12T19:53:10","date_gmt":"2025-11-12T19:53:10","guid":{"rendered":"https:\/\/www.europesays.com\/no\/85523\/"},"modified":"2025-11-12T19:53:10","modified_gmt":"2025-11-12T19:53:10","slug":"vaer-elverum-varsler-ekstrem-stralestorm-svaert-kraftige-utbrudd","status":"publish","type":"post","link":"https:\/\/www.europesays.com\/no\/85523\/","title":{"rendered":"V\u00e6r, Elverum | Varsler ekstrem str\u00e5lestorm: Sv\u00e6rt kraftige utbrudd"},"content":{"rendered":"\n<p>Det er varslet en geomagnetisk storm de neste dagene.\u00a0<\/p>\n<p>Stormen vil kunne forstyrre GPS og radiosignal.\u00a0<\/p>\n<p>Men det er ogs\u00e5 h\u00e5p om \u00e5 f\u00e5 et spektakul\u00e6rt show p\u00e5 himmelen.\u00a0<\/p>\n<p>Utbrudd p\u00e5 sola<\/p>\n<p>\u00c5rsaken er at det var to kraftige utbrudd p\u00e5 sola i g\u00e5r, det opplyser Meteorologene.\u00a0<\/p>\n<p>Derfor er det skyer med superhet gass p\u00e5 veg i retning Jorden.\u00a0<\/p>\n<p>et av utbruddene tirsdag var veldig kraftig.\u00a0<\/p>\n<p>Utbruddet for\u00e5rsaket ogs\u00e5 den kraftigste str\u00e5lestormen p\u00e5 19 \u00e5r.\u00a0<\/p>\n<p>Gasskyene fra eksplosjonene er ventet \u00e5 n\u00e5 oss onsdag og torsdag, men vil trolig innhente hverandre rett f\u00f8r de n\u00e5r frem og p\u00e5 den m\u00e5ten for\u00e5rsake enda kraftigere virkning<\/p>\n<p>Spektakul\u00e6rt<\/p>\n<p>Det kan gi spektakul\u00e6rt nordlys b\u00e5de onsdag og torsdag. Dette kan v\u00e6re synlig lenger s\u00f8r enn vi er vant til.\u00a0<\/p>\n<p>Men det m\u00e5 v\u00e6re klart nok for at lyset skal f\u00e5 spille p\u00e5 himmelen.\u00a0<\/p>\n<p>Onsdag er det overskyet flere steder, men torsdag ettermiddag og kveld ligger forholdene til rette for at vi skal f\u00e5 se litt i v\u00e5re omr\u00e5der ogs\u00e5.\u00a0<\/p>\n<p>I tillegg til spektakul\u00e6rt nordlys, kan det bli forstyrrelser i radiosamband, GPS-systemet og i de aller mest ekstreme tilfellene utfordringer for str\u00f8mforsyningen enkelte steder.\u00a0<\/p>\n<p>Det har skjedd tidligere, blant annet i 2003 da en rekke kraftige utbrudd for\u00e5rsaket skader p\u00e5 satellitter i rommet og str\u00f8mnettet p\u00e5 bakken.\u00a0<\/p>\n<p>   <img decoding=\"async\" width=\"3936\" height=\"2624\" fetchpriority=\"low\"  loading=\"lazy\"  src=\"https:\/\/www.europesays.com\/no\/wp-content\/uploads\/2025\/11\/1762977190_88_3.jpg\" alt=\"\" class=\"brick-c-cFOWSL\" style=\"--brick-image-ratio: 3936 \/ 2624;\"\/><\/p>\n<p>      Atna<br \/>\n      Foto: \u00d8istein Brennodden\n    <\/p>\n","protected":false},"excerpt":{"rendered":"Det er varslet en geomagnetisk storm de neste dagene.\u00a0 Stormen vil kunne forstyrre GPS og radiosignal.\u00a0 Men det&hellip;\n","protected":false},"author":2,"featured_media":85524,"comment_status":"","ping_status":"","sticky":false,"template":"","format":"standard","meta":{"footnotes":"","_share_on_mastodon":"0"},"categories":[10],"tags":[4178,7554,36,575,20,21,1070,8137,24,25,4179,8138,15,22,23,1272,8136,13,30,1745,28,29,14,2932,16,2256,478,7555,1510,4176,26,27,2040,7984,4177,1986,553],"class_list":["post-85523","post","type-post","status-publish","format-standard","has-post-thumbnail","category-norge","tag-alvdal","tag-amot","tag-art","tag-asnes","tag-breaking-news","tag-breakingnews","tag-elverum","tag-engerdal","tag-featured-news","tag-featurednews","tag-folldal","tag-grue","tag-headlines","tag-latest-news","tag-latestnews","tag-loten","tag-midt-osterdal","tag-news","tag-no","tag-nord-osterdal","tag-norge","tag-norway","tag-nyheter","tag-os","tag-overskrifter","tag-rendalen","tag-solor","tag-stor-elvdal","tag-story","tag-tolga","tag-top-stories","tag-topstories","tag-trysil","tag-trysil-og-engerdal","tag-tynset","tag-valer","tag-vaer"],"share_on_mastodon":{"url":"https:\/\/pubeurope.com\/@no\/115538480653330570","error":""},"_links":{"self":[{"href":"https:\/\/www.europesays.com\/no\/wp-json\/wp\/v2\/posts\/85523","targetHints":{"allow":["GET"]}}],"collection":[{"href":"https:\/\/www.europesays.com\/no\/wp-json\/wp\/v2\/posts"}],"about":[{"href":"https:\/\/www.europesays.com\/no\/wp-json\/wp\/v2\/types\/post"}],"author":[{"embeddable":true,"href":"https:\/\/www.europesays.com\/no\/wp-json\/wp\/v2\/users\/2"}],"replies":[{"embeddable":true,"href":"https:\/\/www.europesays.com\/no\/wp-json\/wp\/v2\/comments?post=85523"}],"version-history":[{"count":0,"href":"https:\/\/www.europesays.com\/no\/wp-json\/wp\/v2\/posts\/85523\/revisions"}],"wp:featuredmedia":[{"embeddable":true,"href":"https:\/\/www.europesays.com\/no\/wp-json\/wp\/v2\/media\/85524"}],"wp:attachment":[{"href":"https:\/\/www.europesays.com\/no\/wp-json\/wp\/v2\/media?parent=85523"}],"wp:term":[{"taxonomy":"category","embeddable":true,"href":"https:\/\/www.europesays.com\/no\/wp-json\/wp\/v2\/categories?post=85523"},{"taxonomy":"post_tag","embeddable":true,"href":"https:\/\/www.europesays.com\/no\/wp-json\/wp\/v2\/tags?post=85523"}],"curies":[{"name":"wp","href":"https:\/\/api.w.org\/{rel}","templated":true}]}}