{"id":85644,"date":"2025-11-12T22:40:12","date_gmt":"2025-11-12T22:40:12","guid":{"rendered":"https:\/\/www.europesays.com\/no\/85644\/"},"modified":"2025-11-12T22:40:12","modified_gmt":"2025-11-12T22:40:12","slug":"stormen-claudia-rammer-kanarioyene-advarer-norske-turister","status":"publish","type":"post","link":"https:\/\/www.europesays.com\/no\/85644\/","title":{"rendered":"Stormen Claudia rammer Kanari\u00f8yene \u2013 advarer norske turister"},"content":{"rendered":"\n<p class=\"_lead_o9xde_2 _lead_xtcu6_50 layout-component text-serif-m layout-normal text-serif-l layout-component layout-wide layout-padded _wide_17hqh_1 layout-padded\">Kraftig uv\u00e6r med styrtregn og oversv\u00f8mmelser ventes.<\/p>\n<ul aria-hidden=\"true\" class=\"_images_18f0k_111\">\n<li><a class=\"_link_18f0k_116\" href=\"https:\/\/www.vg.no\/forfatter\/isak-loeve-pilskog-loe\" style=\"z-index:1\" title=\"Isak L\u00f8ve Pilskog Loe\" rel=\"nofollow noopener\" target=\"_blank\"><img alt=\"Bilde av Isak L\u00f8ve Pilskog Loe\" class=\"_image_18f0k_93\" fetchpriority=\"low\" loading=\"lazy\" decoding=\"async\" itemprop=\"image\"  src=\"https:\/\/www.europesays.com\/no\/wp-content\/uploads\/2025\/11\/1762987212_453_8b0354e3-bf53-460c-9c1c-790321a0c923\"  width=\"480\"\/><\/a><\/li>\n<\/ul>\n<p> Oppdatert onsdag 12. november kl. 22:05     <\/p>\n<p class=\"_paragraph_o9xde_4 _paragraph_xtcu6_10 layout-component text-serif-m layout-normal text-serif-m layout-padded\">Stormen Claudia er p\u00e5 full fart mot de spanske Kanari\u00f8yene og vil treffe \u00f8ygruppen i l\u00f8pet av de neste timene.<\/p>\n<p class=\"_paragraph_o9xde_4 _paragraph_xtcu6_10 layout-component text-serif-m layout-normal text-serif-m layout-padded\">Utenriksdepartementet har sendt ut melding p\u00e5 appen Reiseklar til alle nordmenn i omr\u00e5det, melder <a href=\"https:\/\/www.dagbladet.no\/nyheter\/venter-kraftig-uvaer-advarer-norske-borgere\/83843901\" class=\"_link_o9xde_39\" rel=\"nofollow noopener\" target=\"_blank\">Dagbladet<\/a>. Det er sendt ut oransje farevarsel til alle innbyggere p\u00e5 \u00f8yene. <\/p>\n<p class=\"_paragraph_o9xde_4 _paragraph_xtcu6_10 layout-component text-serif-m layout-normal text-serif-m layout-padded\">\u2013 Stormen er ventet \u00e5 f\u00f8re med seg sterk vind og h\u00f8ye b\u00f8lger, styrtregn, oversv\u00f8mmelser og et kraftig tordenv\u00e6r, skriver UD som ber norske borgere f\u00f8lge r\u00e5d og veiledning fra lokale myndigheter.<\/p>\n<p class=\"_paragraph_o9xde_4 _paragraph_xtcu6_10 layout-component text-serif-m layout-normal text-serif-m layout-padded\">Uv\u00e6ret vil treffe Gran Canaria onsdag kveld rundt klokka 23, mens Lanzarote og Fuerteventura rammes rundt klokka 06 torsdag morgen.<\/p>\n","protected":false},"excerpt":{"rendered":"Kraftig uv\u00e6r med styrtregn og oversv\u00f8mmelser ventes. Oppdatert onsdag 12. november kl. 22:05 Stormen Claudia er p\u00e5 full&hellip;\n","protected":false},"author":2,"featured_media":85645,"comment_status":"","ping_status":"","sticky":false,"template":"","format":"standard","meta":{"footnotes":""},"categories":[12],"tags":[20,21,24,25,15,22,23,13,30,28,29,14,16,26,27,7953,42,43,44,45],"class_list":{"0":"post-85644","1":"post","2":"type-post","3":"status-publish","4":"format-standard","5":"has-post-thumbnail","7":"category-verden","8":"tag-breaking-news","9":"tag-breakingnews","10":"tag-featured-news","11":"tag-featurednews","12":"tag-headlines","13":"tag-latest-news","14":"tag-latestnews","15":"tag-news","16":"tag-no","17":"tag-norge","18":"tag-norway","19":"tag-nyheter","20":"tag-overskrifter","21":"tag-top-stories","22":"tag-topstories","23":"tag-utenriksdepartementet-ud","24":"tag-verden","25":"tag-world","26":"tag-world-news","27":"tag-worldnews"},"share_on_mastodon":{"url":"https:\/\/pubeurope.com\/@no\/115539137616935863","error":""},"_links":{"self":[{"href":"https:\/\/www.europesays.com\/no\/wp-json\/wp\/v2\/posts\/85644","targetHints":{"allow":["GET"]}}],"collection":[{"href":"https:\/\/www.europesays.com\/no\/wp-json\/wp\/v2\/posts"}],"about":[{"href":"https:\/\/www.europesays.com\/no\/wp-json\/wp\/v2\/types\/post"}],"author":[{"embeddable":true,"href":"https:\/\/www.europesays.com\/no\/wp-json\/wp\/v2\/users\/2"}],"replies":[{"embeddable":true,"href":"https:\/\/www.europesays.com\/no\/wp-json\/wp\/v2\/comments?post=85644"}],"version-history":[{"count":0,"href":"https:\/\/www.europesays.com\/no\/wp-json\/wp\/v2\/posts\/85644\/revisions"}],"wp:featuredmedia":[{"embeddable":true,"href":"https:\/\/www.europesays.com\/no\/wp-json\/wp\/v2\/media\/85645"}],"wp:attachment":[{"href":"https:\/\/www.europesays.com\/no\/wp-json\/wp\/v2\/media?parent=85644"}],"wp:term":[{"taxonomy":"category","embeddable":true,"href":"https:\/\/www.europesays.com\/no\/wp-json\/wp\/v2\/categories?post=85644"},{"taxonomy":"post_tag","embeddable":true,"href":"https:\/\/www.europesays.com\/no\/wp-json\/wp\/v2\/tags?post=85644"}],"curies":[{"name":"wp","href":"https:\/\/api.w.org\/{rel}","templated":true}]}}