{"id":85720,"date":"2025-11-13T01:05:12","date_gmt":"2025-11-13T01:05:12","guid":{"rendered":"https:\/\/www.europesays.com\/no\/85720\/"},"modified":"2025-11-13T01:05:12","modified_gmt":"2025-11-13T01:05:12","slug":"playstation-fortsetter-a-utvide-maskinvareutvalget-med-ny-dedikert-skjerm","status":"publish","type":"post","link":"https:\/\/www.europesays.com\/no\/85720\/","title":{"rendered":"PlayStation fortsetter \u00e5 utvide maskinvareutvalget med ny dedikert skjerm &#8211;"},"content":{"rendered":"<p>P\u00e5 en State of Play i september overrasket Sony mange da de <a href=\"https:\/\/www.gamereactor.no\/sony-presenterer-pulse-elevate-tradlose-spillhoyttalere-1872513\/\" target=\"_blank\" title=\"Sony presenterer Pulse Elevate tr\u00e5dl\u00f8se spillh\u00f8yttalere\" rel=\"nofollow noopener\">avsl\u00f8rte et nytt tr\u00e5dl\u00f8st h\u00f8yttalersystem<\/a> som en del av PlayStation-maskinvaresortimentet. Dette er bare det siste grepet i arbeidet med \u00e5 skape et komplett \u00f8kosystem for deg som spiller PlayStation, og n\u00e5 har den neste iterasjonen av denne ideen blitt avsl\u00f8rt.<\/p>\n<p>P\u00e5 State of Play dedikert til Japan i g\u00e5r kveld <a href=\"https:\/\/blog.playstation.com\/2025\/11\/11\/first-look-at-playstations-27-gaming-monitor\/\" target=\"_blank\" rel=\"nofollow noopener\">presenterte<\/a> Sony Interactive Entertainment 27&#8243; Gaming Monitor . Ganske standard navn alt tatt i betraktning som forklarer mye av hva denne enheten bringer til bordet, da det er en 27-tommers skjerm som leverer et QHD-bilde med en oppl\u00f8sning p\u00e5 opptil 2560x1440p og med HDR-st\u00f8tte og VRR som spenner over 240 Hz p\u00e5 kompatible PC-er.<\/p>\n<p>Enheten kommer med to HDMI 2.1-porter og en enkelt DisplayPort 1.4-port, og det er til og med plass til to USB Type-A- og en USB Type-C-port ogs\u00e5. Den har en innebygd stereoh\u00f8yttaler, slik at du ikke trenger \u00e5 bruke penger p\u00e5 de tidligere annonserte h\u00f8yttalerne, og den tilbyr ogs\u00e5 st\u00f8tte for VESA-monteringssystem.<\/p>\n<p>Det viktigste unike elementet ved denne ellers ganske standard skjermen er at den har en innebygd DualSense-ladekrok, noe som betyr at du kan lade PS5-kontrolleren din via denne skjermen, slik at du ikke trenger en ekstra ladestasjon (eller en ledning som henger rundt).<\/p>\n<p>N\u00e5r det gjelder lansering, vil skjermen f\u00f8rst debutere i USA og Japan i 2026. Vi har enn\u00e5 ikke en prisbrakett \u00e5 referere til, og vi blir bedt om \u00e5 holde oss oppdatert for bredere lanseringsplaner.<\/p>\n<p>\t\t\t\t\t\t<img loading=\"lazy\" decoding=\"async\" id=\"img-1912513-4727163\" data-fullsize=\"\/media\/71\/playstationcontinuesexpand_4727163b.jpg\" data-lazy=\"\" src=\"https:\/\/www.gamereactor.nohttps:\/\/www.gamereactor.no\/media\/71\/playstationcontinuesexpand_4727163_325x.jpg\" width=\"325\" onclick=\"if (!window.__cfRLUnblockHandlers) return false; gallery_openmodal('1912513','4727163',false,'22b91e866a98674f898cc7add8841a39');\" height=\"183\" alt=\"PlayStation fortsetter \u00e5 utvide maskinvareutvalget med ny dedikert skjerm\" class=\"rwd_col_content lazy\" data-cf-modified-cabb12ac5f6970736957b2e3-=\"\"\/><img loading=\"lazy\" decoding=\"async\" id=\"img-1912513-4727173\" data-fullsize=\"\/media\/71\/playstationcontinuesexpand_4727173b.jpg\" data-lazy=\"\" src=\"https:\/\/www.gamereactor.nohttps:\/\/www.gamereactor.no\/media\/71\/playstationcontinuesexpand_4727173_325x.jpg\" width=\"325\" onclick=\"if (!window.__cfRLUnblockHandlers) return false; gallery_openmodal('1912513','4727173',false,'22b91e866a98674f898cc7add8841a39');\" height=\"217\" alt=\"PlayStation fortsetter \u00e5 utvide maskinvareutvalget med ny dedikert skjerm\" class=\"rwd_col_content lazy\" data-cf-modified-cabb12ac5f6970736957b2e3-=\"\"\/><\/p>\n","protected":false},"excerpt":{"rendered":"P\u00e5 en State of Play i september overrasket Sony mange da de avsl\u00f8rte et nytt tr\u00e5dl\u00f8st h\u00f8yttalersystem som&hellip;\n","protected":false},"author":2,"featured_media":85721,"comment_status":"","ping_status":"","sticky":false,"template":"","format":"standard","meta":{"footnotes":""},"categories":[57],"tags":[30,28,29,65,63,64,66,70,69,67,68],"class_list":{"0":"post-85720","1":"post","2":"type-post","3":"status-publish","4":"format-standard","5":"has-post-thumbnail","7":"category-vitenskap-og-teknologi","8":"tag-no","9":"tag-norge","10":"tag-norway","11":"tag-science","12":"tag-science-and-technology","13":"tag-scienceandtechnology","14":"tag-technology","15":"tag-teknologi","16":"tag-vitenskap","17":"tag-vitenskap-og-teknologi","18":"tag-vitenskapteknologi"},"share_on_mastodon":{"url":"https:\/\/pubeurope.com\/@no\/115539707453329962","error":""},"_links":{"self":[{"href":"https:\/\/www.europesays.com\/no\/wp-json\/wp\/v2\/posts\/85720","targetHints":{"allow":["GET"]}}],"collection":[{"href":"https:\/\/www.europesays.com\/no\/wp-json\/wp\/v2\/posts"}],"about":[{"href":"https:\/\/www.europesays.com\/no\/wp-json\/wp\/v2\/types\/post"}],"author":[{"embeddable":true,"href":"https:\/\/www.europesays.com\/no\/wp-json\/wp\/v2\/users\/2"}],"replies":[{"embeddable":true,"href":"https:\/\/www.europesays.com\/no\/wp-json\/wp\/v2\/comments?post=85720"}],"version-history":[{"count":0,"href":"https:\/\/www.europesays.com\/no\/wp-json\/wp\/v2\/posts\/85720\/revisions"}],"wp:featuredmedia":[{"embeddable":true,"href":"https:\/\/www.europesays.com\/no\/wp-json\/wp\/v2\/media\/85721"}],"wp:attachment":[{"href":"https:\/\/www.europesays.com\/no\/wp-json\/wp\/v2\/media?parent=85720"}],"wp:term":[{"taxonomy":"category","embeddable":true,"href":"https:\/\/www.europesays.com\/no\/wp-json\/wp\/v2\/categories?post=85720"},{"taxonomy":"post_tag","embeddable":true,"href":"https:\/\/www.europesays.com\/no\/wp-json\/wp\/v2\/tags?post=85720"}],"curies":[{"name":"wp","href":"https:\/\/api.w.org\/{rel}","templated":true}]}}