{"id":85724,"date":"2025-11-13T01:09:14","date_gmt":"2025-11-13T01:09:14","guid":{"rendered":"https:\/\/www.europesays.com\/no\/85724\/"},"modified":"2025-11-13T01:09:14","modified_gmt":"2025-11-13T01:09:14","slug":"kommentar-risikerer-skikkelig-eu-smekk-vg","status":"publish","type":"post","link":"https:\/\/www.europesays.com\/no\/85724\/","title":{"rendered":"Kommentar: Risikerer skikkelig EU-smekk &#8211; VG"},"content":{"rendered":"<ol>\n<li><a href=\"https:\/\/news.google.com\/rss\/articles\/CBMicEFVX3lxTE1UZWtRQTY0b2h1aE1td2FhX1lnb1NWbVVFYjRUYmo2eHplZkt5MTRnSVZFR2dnUTlCaDU5b1gwaXNHTFNXcEc1UXV6RmY0VnhnSHV0bUVObng5WElMTG9oZ3NTb2Vac0Jkd3VwZ3BYNWc?oc=5\" target=\"_blank\" rel=\"nofollow noopener\">Kommentar: Risikerer skikkelig EU-smekk<\/a>&nbsp;&nbsp;VG<\/li>\n<li><a href=\"https:\/\/news.google.com\/rss\/articles\/CBMiekFVX3lxTE1KTUg4bllWa0pmR3lsVHdhd0tTdjZFZzU0WWdWWDh4RUltR0ExREdiZ3Y5MVpBM2hxU2dRZmVocG1sbkp1S3ZQcHducHVHWS1xYjdEdEhHR1A3bHlWekZfNHpMOGlHTmRoeGlvV3FLVzZldXR3Q3NQQ1Bn?oc=5\" target=\"_blank\" rel=\"nofollow noopener\">Ordf\u00f8rer frykter for smelteverket<\/a>&nbsp;&nbsp;E24<\/li>\n<li><a href=\"https:\/\/news.google.com\/rss\/articles\/CBMiiAFBVV95cUxQai1YUnctampUdnpOQ0FFMS05WnNCcE90UUprZk55VTRDUWVFQlZiaXFCXzA0M0I4bVRjc0EwS0JEY2Qtd0ptWUNKUTNjOVFpWXp4OExkakRvSlFXQi1LTER3aUFNU0g0aDd1ZXlkRHVnOTEyVWw5YjR2RlI5eVhpQ21UbWJfOFd0?oc=5\" target=\"_blank\" rel=\"nofollow noopener\">Norge f\u00e5r ikke unntak fra EU-toll: \u2013 Vi er uenige med dem<\/a>&nbsp;&nbsp;NRK<\/li>\n<li><a href=\"https:\/\/news.google.com\/rss\/articles\/CBMirAFBVV95cUxPWW9oNHpuUTc4TGJGZHM1X0dBcTYwc2JFbWgzbVU0ZDVIR3c4QmgzVS1XSjUzZ0x0aGh4Vlp0cjhCNm5rWlJMenZmN3hCbTlfYXVQcUtDTndNVEZsYXRBMk5Ta0xvUW9CbWdXdjRCS0NiaTRJVFNkUjM1SXdET1oxQl9BaF84WVM2ZUxfQ3ByNU1JbVpXSVBiTE9yRGNMVWxic0lkSk8zejZxS09q?oc=5\" target=\"_blank\" rel=\"nofollow noopener\">Vedum foresl\u00e5r frysing av Norges EU-penger<\/a>&nbsp;&nbsp;Nettavisen<\/li>\n<li><a href=\"https:\/\/news.google.com\/rss\/articles\/CBMi2AFBVV95cUxOeWdhLTVicmI4UUxZM1RTcEdMWmhxcC1UdlVaaFFGc0todDRBai1wUlh1MVNNSndPTl9SVC00d0g3YXQ0SmRxbmduMzN1SW1hYW40S29DNm1PZ3ZwUTJ0bDgzQWVJRzBrQnN4YnZkTG5PbzZJYk5uT2JuZ1FwUUFBSU10TjYyYWhYcl9oQzNMWWlwdnBoNzNYYVVYS0hvNFlLeDBISl9kaUg3SkQ0YXdXeVAzVzU3eFcwd19XRDBMbUs2NXkxSVdMUWNRQktBUFVBQnc1SjY1Q2E?oc=5\" target=\"_blank\" rel=\"nofollow noopener\">Norsk Industri ber St\u00f8re vurdere \u00e5 bryte valgl\u00f8fte for \u00e5 blidgj\u00f8re EU etter sjokktoll<\/a>&nbsp;&nbsp;Aftenposten<\/li>\n<\/ol>\n","protected":false},"excerpt":{"rendered":"Kommentar: Risikerer skikkelig EU-smekk&nbsp;&nbsp;VG Ordf\u00f8rer frykter for smelteverket&nbsp;&nbsp;E24 Norge f\u00e5r ikke unntak fra EU-toll: \u2013 Vi er uenige&hellip;\n","protected":false},"author":2,"featured_media":85725,"comment_status":"","ping_status":"","sticky":false,"template":"","format":"standard","meta":{"footnotes":""},"categories":[5],"tags":[20,21,11414,279,24,25,15,19,22,23,17,18,13,30,28,29,14,16,568,26,27,103],"class_list":{"0":"post-85724","1":"post","2":"type-post","3":"status-publish","4":"format-standard","5":"has-post-thumbnail","7":"category-overskrifter","8":"tag-breaking-news","9":"tag-breakingnews","10":"tag-elkem","11":"tag-eu","12":"tag-featured-news","13":"tag-featurednews","14":"tag-headlines","15":"tag-hovedoppslag","16":"tag-latest-news","17":"tag-latestnews","18":"tag-main-news","19":"tag-mainnews","20":"tag-news","21":"tag-no","22":"tag-norge","23":"tag-norway","24":"tag-nyheter","25":"tag-overskrifter","26":"tag-store-regjeringen","27":"tag-top-stories","28":"tag-topstories","29":"tag-vgmeninger"},"share_on_mastodon":{"url":"https:\/\/pubeurope.com\/@no\/115539723082983551","error":""},"_links":{"self":[{"href":"https:\/\/www.europesays.com\/no\/wp-json\/wp\/v2\/posts\/85724","targetHints":{"allow":["GET"]}}],"collection":[{"href":"https:\/\/www.europesays.com\/no\/wp-json\/wp\/v2\/posts"}],"about":[{"href":"https:\/\/www.europesays.com\/no\/wp-json\/wp\/v2\/types\/post"}],"author":[{"embeddable":true,"href":"https:\/\/www.europesays.com\/no\/wp-json\/wp\/v2\/users\/2"}],"replies":[{"embeddable":true,"href":"https:\/\/www.europesays.com\/no\/wp-json\/wp\/v2\/comments?post=85724"}],"version-history":[{"count":0,"href":"https:\/\/www.europesays.com\/no\/wp-json\/wp\/v2\/posts\/85724\/revisions"}],"wp:featuredmedia":[{"embeddable":true,"href":"https:\/\/www.europesays.com\/no\/wp-json\/wp\/v2\/media\/85725"}],"wp:attachment":[{"href":"https:\/\/www.europesays.com\/no\/wp-json\/wp\/v2\/media?parent=85724"}],"wp:term":[{"taxonomy":"category","embeddable":true,"href":"https:\/\/www.europesays.com\/no\/wp-json\/wp\/v2\/categories?post=85724"},{"taxonomy":"post_tag","embeddable":true,"href":"https:\/\/www.europesays.com\/no\/wp-json\/wp\/v2\/tags?post=85724"}],"curies":[{"name":"wp","href":"https:\/\/api.w.org\/{rel}","templated":true}]}}